{"id":10092,"date":"2026-04-25T21:15:05","date_gmt":"2026-04-25T19:15:05","guid":{"rendered":"http:\/\/parafiaostrowsko.info\/wordpress\/?p=10092"},"modified":"2026-04-26T15:15:06","modified_gmt":"2026-04-26T13:15:06","slug":"ogloszenia-duszpasterskie-26-04-2026","status":"publish","type":"post","link":"http:\/\/parafiaostrowsko.info\/wordpress\/index.php\/2026\/04\/25\/ogloszenia-duszpasterskie-26-04-2026\/","title":{"rendered":"Og\u0142oszenia duszpasterskie 26.04.2026"},"content":{"rendered":"\n<p class=\"has-text-align-center\"><strong>4 NIEDZIELA WIELKANOCNA \u2013<br>26 kwietnia 2026 roku<\/strong><\/p>\n\n\n\n<p>1. Wraz z Rad\u0105 Parafialn\u0105 dzi\u0119kuj\u0119 za z\u0142o\u017cone ofiary na inwestycje w kwocie 3 629 z\u0142. Przygotowujemy si\u0119 do monta\u017cu instrumentu. Pan Adam \u017begle\u0144 wykonuje stalow\u0105 konstrukcj\u0119. Cz\u0119\u015b\u0107 ju\u017c jest z\u0142o\u017cona na ch\u00f3rze. Figury \u201eAnio\u0142\u00f3w\u201d czekaj\u0105 ju\u017c odnowione w warsztacie u Pana Piotra. Odnowienie to koszt 20 tys. z\u0142otych za dwie figury. Dzi\u0119kuj\u0119 za ofiary od Parafian na te prace. <strong>Podzi\u0119kowania dla Pa\u0144stwa Ci\u0119\u017cobk\u00f3w z ul. Weso\u0142ej. B\u00f3g zap\u0142a\u0107.<\/strong><\/p>\n\n\n\n<p>Dzi\u0119kuj\u0119 Szymonowi naszemu Gospodarzowi cmentarza za prace przy obcinaniu drzew i krzew\u00f3w na cmentarzu oraz wok\u00f3\u0142 ko\u015bcio\u0142a i przy plebanii. R\u00f3wnie\u017c szczere \u201eB\u00f3g zap\u0142a\u0107\u201d za bezinteresown\u0105 pomoc dla Pani Leokadii Luberdy. Jak zawsze, tak teraz troszczy si\u0119 o skwer przy ul. Pieni\u0144skiej, o kwiaty przy p\u0142ocie pleba\u0144skim oraz pomaga\u0142a na cmentarzu Gospodarzowi. Jeszcze raz podzi\u0119kowania.<\/p>\n\n\n\n<p>2. W <strong>\u015brod\u0119 Nowenna do MB Nieustaj\u0105cej Pomocy<\/strong> o godzinie 17.30. Po Mszy \u015bw. zapraszam na spotkanie Rodzic\u00f3w Dzieci z klasy IV przed rocznic\u0105 I Komunii \u015bw.<\/p>\n\n\n\n<p>3. <strong>W pi\u0105tek<\/strong> rozpoczyna si\u0119 miesi\u0105c maj po\u015bwi\u0119cony Matce Naj\u015bwi\u0119tszej. <strong>N<\/strong><strong>abo\u017ce\u0144stwa majowe b\u0119d\u0105 wieczorem po zako\u0144czonej Mszy \u015bw.<\/strong> a w niedziel\u0119 naprzemiennie: po porannej Mszy \u015bw. i po Sumie. Na maj\u00f3wkach szczeg\u00f3lnie modli\u0107 si\u0119 b\u0119dziemy za Ko\u015bci\u00f3\u0142 w Polsce, o pok\u00f3j na \u015bwiecie, za nasze rodziny, o dobre urodzaje, o powo\u0142ania z naszej parafii. <strong>Msze \u015bw. w dni powszednie w maju b\u0119d\u0105 o godzinie 18.00. <\/strong>W tym roku przypada 200 rocznica powstania \u017bywego R\u00f3\u017ca\u0144ca. Prze\u017cywa\u0107 b\u0119dziemy rekolekcje \u201eR\u00f3\u017caniec 33\u201d. Codziennie w czasie Mszy \u015bw. w ramach kazania wys\u0142uchamy kr\u00f3tkiego rozwa\u017cania na temat wezwa\u0144 z litanii loreta\u0144skiej oraz odmawia\u0107 b\u0119dziemy modlitw\u0119 jubileuszow\u0105 i akt oddania Matce Bo\u017cej.<\/p>\n\n\n\n<p>4. W zwi\u0105zku ze wspomnieniem \u015bw. J\u00f3zefa Robotnika, uwzgl\u0119dniaj\u0105c pro\u015bby wiernych, Metropolita Krakowski, Ksi\u0105dz Kardyna\u0142 Grzegorz Ry\u015b udziela <strong>dyspensy od obowi\u0105zku wstrzemi\u0119\u017aliwo\u015bci od pokarm\u00f3w mi\u0119snych w najbli\u017cszy pi\u0105tek.<\/strong><strong><\/strong><\/p>\n\n\n\n<p>5. <strong>Jest to pierwszy pi\u0105tek spowied\u017a<\/strong> rano przed Msz\u0105 \u015bw. oraz po po\u0142udniu od 17.00. Nabo\u017ce\u0144stwo wynagradzaj\u0105ce Naj\u015bwi\u0119tszemu Sercu Pana Jezusa po rannej Mszy \u015bw. <strong>Odwiedziny chorych<\/strong> <strong>b\u0119d\u0105 <\/strong>od godziny 8.30. Prosz\u0119 chorych zg\u0142osi\u0107 w zakrystii.<\/p>\n\n\n\n<p>6. W sobot\u0119<strong> prze\u017cywa\u0107 b\u0119dziemy Uroczysto\u015b\u0107 NMP Kr\u00f3lowej Polski.<\/strong> Data jej zbiega si\u0119 z 5 niedziel\u0105 wielkanocn\u0105 w zwi\u0105zku z czym uroczysto\u015b\u0107 zostaje przeniesiona na sobot\u0119. <strong>Msze \u015bw. wed\u0142ug porz\u0105dku niedzielnego<\/strong> <strong>o 8.00 i 11.00. <\/strong>Po Sumie odnowienie \u015alub\u00f3w Jasnog\u00f3rskich i nabo\u017ce\u0144stwo majowe. <strong>Udekorujmy nasze domy flagami narodowymi i ko\u015bcielnymi.<\/strong><\/p>\n\n\n\n<p>7. W sobot\u0119 <strong>Dzie\u0144 Polonii i Polak\u00f3w za granic\u0105. <\/strong>Pami\u0119tamy w naszych modlitwach o Rodakach w r\u00f3\u017cnych stronach \u015bwiata, zw\u0142aszcza o G\u00f3ralach mieszkaj\u0105cych w&nbsp;USA.<\/p>\n\n\n\n<p>8. W niedziel\u0119 3 maja <strong>nabo\u017ce\u0144stwo majowe b\u0119dzie po porannej Mszy \u015bw. <\/strong>natomiast <strong>zmiana tajemnic dla R\u00f3\u017c \u017bywego R\u00f3\u017ca\u0144ca po Sumie.<\/strong><\/p>\n\n\n\n<p>9. <strong>Na <\/strong>Msz\u0119 \u015bw. o 11.00 zapraszamy <strong>Cz\u0142onk\u00f3w OSP wraz z rodzinami<\/strong> bowiem 4 maja przypada wspomnienie <strong>\u015bw. Floriana patrona Stra\u017cak\u00f3w.<\/strong> Modlitw\u0105 wyprasza\u0107 b\u0119dziemy dla nich b\u0142ogos\u0142awie\u0144stwo a dla zmar\u0142ych \u017cycie wieczne.<\/p>\n\n\n\n<p>10. Zach\u0119camy maturzyst\u00f3w do wzi\u0119cia udzia\u0142u <strong>w pielgrzymce do Lud\u017amierza 3 maja, <\/strong>aby prosi\u0107 o&nbsp;szcz\u0119\u015bliwe egzaminy i dobry wyb\u00f3r drogi \u017cyciowej. Od 16.00 okazja do spowiedzi, o 17.30 nabo\u017ce\u0144stwo majowe, a <strong>o 18.00 Msza \u015bwi\u0119ta<\/strong>.<strong><\/strong><\/p>\n\n\n\n<p>11. Nasza Parafia bierze udzia\u0142 <strong>w R\u00f3\u017ca\u0144cowym \u201eJerycho\u201d w Lud\u017amierzu<\/strong>, w dniu<strong> 6 maja (tj. \u015brod\u0119) od godziny 4.00 do 8.00.<\/strong> Jest to modlitwa, kt\u00f3r\u0105 prowadzi nasza parafia w kaplicy \u015bw. Jana Paw\u0142a II w Lud\u017amierzu. Zapraszamy do wzi\u0119cia udzia\u0142u.<\/p>\n\n\n\n<p>12. W tym tygodniu swoje pr\u00f3by do Komunii \u015bw. maj\u0105 dzieci we wtorek i \u015brod\u0119.<\/p>\n\n\n\n<p>13. Dzi\u0119kuj\u0119 za sprz\u0105tanie naszej \u015bwi\u0105tyni na niedziel\u0119 i za ofiary na kwiaty i utrzymanie czysto\u015bci w ko\u015bciele. <strong>W tym tygodniu trosk\u0119 o \u015bwi\u0105tyni\u0119 powierzamy mieszka\u0144com<\/strong><strong> ul. Ogrodowej: P. Jadwiga Kozie\u0142, Krystyna Cyrwus, ul. Na R\u00f3wni: J\u00f3zefa Olendzka, Angelika Twar\u00f3g, Monika Ci\u0119\u017cobka, Ma\u0142gorzata Mikicka.<\/strong><strong><\/strong><\/p>\n\n\n\n<p>14. Zapraszamy do nabywania prasy katolickiej. Jest nowy numer <strong>\u201eNiedzieli\u201d<\/strong> a dla dzieci <strong>\u201eSta\u015b\u201d.<\/strong><\/p>\n\n\n\n<p><strong>Og\u0142oszenia o kt\u00f3re proszono:<\/strong><\/p>\n\n\n\n<p>1. W zwi\u0105zku z pojawiaj\u0105cymi si\u0119 sygna\u0142ami o kradzie\u017cy drzewa z prywatnych las\u00f3w przypominam o obowi\u0105zku cechowania i zg\u0142aszania do So\u0142tysa lub Gajowego ka\u017cdorazowo wjazdu do wsi samochodu po odbi\u00f3r d\u0142u\u017cycy na podstawie asygnaty.<\/p>\n\n\n\n<p>2. Informuj\u0119, \u017ce zosta\u0142o dokonane zlecenie wytyczenia dr\u00f3g na wsi, o kt\u00f3rych by\u0142a mowa na ostatnich zebraniach. O post\u0119pach prac b\u0119d\u0119 informowa\u0142 zainteresowanych w najbli\u017cszym czasie. <strong>So\u0142tys.<\/strong><\/p>\n\n\n\n<p>Pielgrzymka do Wilna: <a href=\"https:\/\/www.facebook.com\/events\/1673812360211160\/?active_tab=discussion\" target=\"_blank\" rel=\"noreferrer noopener\">https:\/\/www.facebook.com\/events\/1673812360211160\/?active_tab=discussion<\/a><\/p>\n\n\n\n<p class=\"has-text-align-center\"><strong>Wszystkim \u017cyczymy b\u0142ogos\u0142awionej niedzieli.<\/strong><\/p>\n\n\n\n<p class=\"has-text-align-center\"><strong>Pozdrawiamy nasz\u0105 Poloni\u0119 i zapewniamy o szczeg\u00f3lnej modlitwie.<\/strong><\/p>\n","protected":false},"excerpt":{"rendered":"<p>4 NIEDZIELA WIELKANOCNA \u201326 kwietnia 2026 roku 1. Wraz z Rad\u0105 Parafialn\u0105 dzi\u0119kuj\u0119 za z\u0142o\u017cone ofiary na inwestycje w kwocie 3 629 z\u0142. Przygotowujemy si\u0119 do monta\u017cu instrumentu. Pan Adam \u017begle\u0144 wykonuje stalow\u0105 konstrukcj\u0119.&#46;&#46;&#46;<\/p>\n<div class='heateorSssClear'><\/div><div  class='heateor_sss_sharing_container heateor_sss_horizontal_sharing' data-heateor-sss-href='http:\/\/parafiaostrowsko.info\/wordpress\/index.php\/2026\/04\/25\/ogloszenia-duszpasterskie-26-04-2026\/'><div class='heateor_sss_sharing_title' style=\"font-weight:bold\" >Udost\u0119pnij<\/div><div class=\"heateor_sss_sharing_ul\"><a class=\"heateor_sss_facebook\" href=\"https:\/\/www.facebook.com\/sharer\/sharer.php?u=http%3A%2F%2Fparafiaostrowsko.info%2Fwordpress%2Findex.php%2F2026%2F04%2F25%2Fogloszenia-duszpasterskie-26-04-2026%2F\" title=\"Facebook\" rel=\"nofollow noopener\" target=\"_blank\" style=\"font-size:32px!important;box-shadow:none;display:inline-block;vertical-align:middle\"><span class=\"heateor_sss_svg\" style=\"background-color:#3c589a;width:35px;height:35px;border-radius:999px;display:inline-block;opacity:1;float:left;font-size:32px;box-shadow:none;display:inline-block;font-size:16px;padding:0 4px;vertical-align:middle;background-repeat:repeat;overflow:hidden;padding:0;cursor:pointer;box-sizing:content-box\"><svg style=\"display:block;border-radius:999px;\" focusable=\"false\" aria-hidden=\"true\" xmlns=\"http:\/\/www.w3.org\/2000\/svg\" width=\"100%\" height=\"100%\" viewBox=\"-5 -5 42 42\"><path d=\"M17.78 27.5V17.008h3.522l.527-4.09h-4.05v-2.61c0-1.182.33-1.99 2.023-1.99h2.166V4.66c-.375-.05-1.66-.16-3.155-.16-3.123 0-5.26 1.905-5.26 5.405v3.016h-3.53v4.09h3.53V27.5h4.223z\" fill=\"#fff\"><\/path><\/svg><\/span><\/a><a style=\"padding:7.35px 0 !important\" class=\"heateor_sss_facebook_share\"><div class=\"fb-share-button\" data-href=\"http:\/\/parafiaostrowsko.info\/wordpress\/index.php\/2026\/04\/25\/ogloszenia-duszpasterskie-26-04-2026\/\" data-layout=\"button\"><\/div><\/a><\/div><div class=\"heateorSssClear\"><\/div><\/div><div class='heateorSssClear'><\/div>","protected":false},"author":1,"featured_media":7560,"comment_status":"closed","ping_status":"closed","sticky":false,"template":"","format":"standard","meta":[],"categories":[18],"tags":[],"_links":{"self":[{"href":"http:\/\/parafiaostrowsko.info\/wordpress\/index.php\/wp-json\/wp\/v2\/posts\/10092"}],"collection":[{"href":"http:\/\/parafiaostrowsko.info\/wordpress\/index.php\/wp-json\/wp\/v2\/posts"}],"about":[{"href":"http:\/\/parafiaostrowsko.info\/wordpress\/index.php\/wp-json\/wp\/v2\/types\/post"}],"author":[{"embeddable":true,"href":"http:\/\/parafiaostrowsko.info\/wordpress\/index.php\/wp-json\/wp\/v2\/users\/1"}],"replies":[{"embeddable":true,"href":"http:\/\/parafiaostrowsko.info\/wordpress\/index.php\/wp-json\/wp\/v2\/comments?post=10092"}],"version-history":[{"count":3,"href":"http:\/\/parafiaostrowsko.info\/wordpress\/index.php\/wp-json\/wp\/v2\/posts\/10092\/revisions"}],"predecessor-version":[{"id":10100,"href":"http:\/\/parafiaostrowsko.info\/wordpress\/index.php\/wp-json\/wp\/v2\/posts\/10092\/revisions\/10100"}],"wp:featuredmedia":[{"embeddable":true,"href":"http:\/\/parafiaostrowsko.info\/wordpress\/index.php\/wp-json\/wp\/v2\/media\/7560"}],"wp:attachment":[{"href":"http:\/\/parafiaostrowsko.info\/wordpress\/index.php\/wp-json\/wp\/v2\/media?parent=10092"}],"wp:term":[{"taxonomy":"category","embeddable":true,"href":"http:\/\/parafiaostrowsko.info\/wordpress\/index.php\/wp-json\/wp\/v2\/categories?post=10092"},{"taxonomy":"post_tag","embeddable":true,"href":"http:\/\/parafiaostrowsko.info\/wordpress\/index.php\/wp-json\/wp\/v2\/tags?post=10092"}],"curies":[{"name":"wp","href":"https:\/\/api.w.org\/{rel}","templated":true}]}}