{"id":10426,"date":"2026-08-30T19:18:40","date_gmt":"2026-08-30T17:18:40","guid":{"rendered":"http:\/\/parafiaostrowsko.info\/wordpress\/?p=10426"},"modified":"2026-08-30T19:18:40","modified_gmt":"2026-08-30T17:18:40","slug":"ogloszenia-duszpasterskie-30-08-2026","status":"publish","type":"post","link":"http:\/\/parafiaostrowsko.info\/wordpress\/index.php\/2026\/08\/30\/ogloszenia-duszpasterskie-30-08-2026\/","title":{"rendered":"Og\u0142oszenia duszpasterskie 30.08.2026"},"content":{"rendered":"\n<p><strong>22 Niedziela zwyk\u0142a \u2013 30 sierpnia 2026 roku<\/strong><\/p>\n\n\n\n<p>1. <strong>Dzisiaj na Sumie b\u0119dziemy <\/strong>dzi\u0119kowa\u0107 Bogu za plony ziemi. Do\u017cynki Podhala\u0144skie w Lud\u017amierzu za tydzie\u0144 o godzinie 11.00.<\/p>\n\n\n\n<p>2. <strong>Jeszcze do wtorku<\/strong> mo\u017cna si\u0119 zapisywa\u0107 na Krzy\u017ce misyjne, dopowiedzenie: krzy\u017c wisz\u0105cy b\u0119dzie mia\u0142 r\u00f3wnie\u017c zawieszk\u0119. Ofiary dodatkowe z\u0142o\u017cone przy zakupie Krzy\u017cy przekazujemy na budow\u0119 organ\u00f3w. W tym tygodniu podzi\u0119kowania sk\u0142adamy za ofiar\u0119 Pani Annie Pere\u0142ce z ul. Gorcza\u0144skiej. B\u00f3g zap\u0142a\u0107. Chcia\u0142bym r\u00f3wnie\u017c podzi\u0119kowa\u0107 naszej S\u0142u\u017cbie Liturgicznej i organi\u015bcie za poci\u0119cie i po\u0142upanie drewna na opa\u0142 na zim\u0119. B\u00f3g zap\u0142a\u0107.<\/p>\n\n\n\n<p>3. Przygotowujemy si\u0119 do Misji parafialnych. Zach\u0119camy ch\u0119tnych do wzi\u0119cia udzia\u0142u w niedzielnym koncercie <strong>20 wrze\u015bnia.<\/strong> Zapisy w zakrystii, ju\u017c wkr\u00f3tce b\u0119dziemy je zamyka\u0107. Zapraszamy rodziny do wzi\u0119cia udzia\u0142u w Rodzinnej Grze Terenowej, kt\u00f3r\u0105 zatytu\u0142owali\u015bmy <strong>\u201eOcali\u0107 od zapomnienia\u201d. <\/strong>Uczestnicy dowiedz\u0105 si\u0119 o nowych faktach z \u017cycia naszej miejscowo\u015bci. Warto wzi\u0105\u0107 udzia\u0142. Zapisy na stronie internetowej parafii oraz na Faceeboku.<\/p>\n\n\n\n<p>4. <strong>Spowied\u017a na rozpocz\u0119cie roku szkolnego<\/strong> w poniedzia\u0142ek o godzinie 17.00 &#8211; 18.00.<\/p>\n\n\n\n<p>5. <strong>We wtorek<\/strong> <strong>o godzinie 8.00<\/strong> Msza \u015bw. na rozpocz\u0119cie nowego roku szkolnego. Zapraszamy wszystkich uczni\u00f3w, rodzic\u00f3w i nauczycieli. <strong>Za tydzie\u0144 w niedziel\u0119 na Sumie po\u015bwi\u0119cenie tornistr\u00f3w i przybor\u00f3w szkolnych. Zapraszamy dzieci, kt\u00f3re zaczynaj\u0105 nauk\u0119 w szkole.<\/strong><\/p>\n\n\n\n<p>6. <strong>W \u015brod\u0119<\/strong> Nowenna do Matki Bo\u017cej Nieustaj\u0105cej Pomocy o godzinie <strong>17.30. O godzinie 16.00 <\/strong>zapraszam na spotkanie <strong>Zelator\u00f3w \u017bywego R\u00f3\u017ca\u0144ca.<\/strong><\/p>\n\n\n\n<p>7. <strong>Nabo\u017ce\u0144stwo pierwszo czwartkowe po porannej Mszy \u015bw.<\/strong><\/p>\n\n\n\n<p>8. <strong>Pierwszy pi\u0105tek.<\/strong> Mo\u017cliwo\u015b\u0107 spowiedzi rano przed Msz\u0105 \u015bw. oraz <strong>popo\u0142udniu od godziny 16.30.<\/strong> Msza \u015bw. rano o 7.00 i nabo\u017ce\u0144stwo wynagradzaj\u0105ce Naj\u015bwi\u0119tszemu Sercu Pana Jezusa. Odwiedziny chorych od godziny 8.30. Prosz\u0119 chorych zg\u0142asza\u0107 w zakrystii do czwartku.<\/p>\n\n\n\n<p>9. <strong>W pi\u0105tek p<\/strong><strong>o Mszy \u015bw. wieczornej spotkanie dla Lektor\u00f3w i Ministrant\u00f3w. Obecno\u015b\u0107 obowi\u0105zkowa.<\/strong><\/p>\n\n\n\n<p>10. <strong>W sobot\u0119<\/strong> nabo\u017ce\u0144stwo maryjny o godzinie 17.30.<\/p>\n\n\n\n<p>11. Za tydzie\u0144 po Sumie <strong>zmiana Tajemnic R\u00f3\u017ca\u0144ca.<\/strong><\/p>\n\n\n\n<p>12. Od 3 wrze\u015bnia <strong>Msza \u015bw. poranna<\/strong> b\u0119dzie o godzinie <strong>7.00.<\/strong><\/p>\n\n\n\n<p>13. Dzi\u0119kuj\u0119 za sprz\u0105tanie naszej \u015bwi\u0105tyni na niedziel\u0119 oraz za ofiary na Fundusz Kwiatowy i Fundusz Czysto\u015bci. W tym tygodniu prosimy o to rodziny z <strong>ul. Pieni\u0144skiej Pa\u0144stwo: Anna Rzo\u0144ca, Sylwia Kope\u0107, Anna Niemiec, Bogumi\u0142a Wr\u00f3bel, Antonina Fijas, Marta Kos.<\/strong><strong><\/strong><\/p>\n\n\n\n<p>14. Jest nowy numer \u201eNiedzieli\u201d oraz dla dzieci \u201eSta\u015b\u201d.<\/p>\n\n\n\n<p><strong>Og\u0142oszenie o kt\u00f3re proszono:<\/strong><\/p>\n\n\n\n<p>Stowarzyszenie Winter Classic.<\/p>\n","protected":false},"excerpt":{"rendered":"<p>22 Niedziela zwyk\u0142a \u2013 30 sierpnia 2026 roku 1. Dzisiaj na Sumie b\u0119dziemy dzi\u0119kowa\u0107 Bogu za plony ziemi. Do\u017cynki Podhala\u0144skie w Lud\u017amierzu za tydzie\u0144 o godzinie 11.00. 2. Jeszcze do wtorku mo\u017cna si\u0119 zapisywa\u0107&#46;&#46;&#46;<\/p>\n<div class='heateorSssClear'><\/div><div  class='heateor_sss_sharing_container heateor_sss_horizontal_sharing' data-heateor-sss-href='http:\/\/parafiaostrowsko.info\/wordpress\/index.php\/2026\/08\/30\/ogloszenia-duszpasterskie-30-08-2026\/'><div class='heateor_sss_sharing_title' style=\"font-weight:bold\" >Udost\u0119pnij<\/div><div class=\"heateor_sss_sharing_ul\"><a class=\"heateor_sss_facebook\" href=\"https:\/\/www.facebook.com\/sharer\/sharer.php?u=http%3A%2F%2Fparafiaostrowsko.info%2Fwordpress%2Findex.php%2F2026%2F08%2F30%2Fogloszenia-duszpasterskie-30-08-2026%2F\" title=\"Facebook\" rel=\"nofollow noopener\" target=\"_blank\" style=\"font-size:32px!important;box-shadow:none;display:inline-block;vertical-align:middle\"><span class=\"heateor_sss_svg\" style=\"background-color:#3c589a;width:35px;height:35px;border-radius:999px;display:inline-block;opacity:1;float:left;font-size:32px;box-shadow:none;display:inline-block;font-size:16px;padding:0 4px;vertical-align:middle;background-repeat:repeat;overflow:hidden;padding:0;cursor:pointer;box-sizing:content-box\"><svg style=\"display:block;border-radius:999px;\" focusable=\"false\" aria-hidden=\"true\" xmlns=\"http:\/\/www.w3.org\/2000\/svg\" width=\"100%\" height=\"100%\" viewBox=\"-5 -5 42 42\"><path d=\"M17.78 27.5V17.008h3.522l.527-4.09h-4.05v-2.61c0-1.182.33-1.99 2.023-1.99h2.166V4.66c-.375-.05-1.66-.16-3.155-.16-3.123 0-5.26 1.905-5.26 5.405v3.016h-3.53v4.09h3.53V27.5h4.223z\" fill=\"#fff\"><\/path><\/svg><\/span><\/a><a style=\"padding:7.35px 0 !important\" class=\"heateor_sss_facebook_share\"><div class=\"fb-share-button\" data-href=\"http:\/\/parafiaostrowsko.info\/wordpress\/index.php\/2026\/08\/30\/ogloszenia-duszpasterskie-30-08-2026\/\" data-layout=\"button\"><\/div><\/a><\/div><div class=\"heateorSssClear\"><\/div><\/div><div class='heateorSssClear'><\/div>","protected":false},"author":1,"featured_media":7560,"comment_status":"closed","ping_status":"closed","sticky":false,"template":"","format":"standard","meta":[],"categories":[18],"tags":[],"_links":{"self":[{"href":"http:\/\/parafiaostrowsko.info\/wordpress\/index.php\/wp-json\/wp\/v2\/posts\/10426"}],"collection":[{"href":"http:\/\/parafiaostrowsko.info\/wordpress\/index.php\/wp-json\/wp\/v2\/posts"}],"about":[{"href":"http:\/\/parafiaostrowsko.info\/wordpress\/index.php\/wp-json\/wp\/v2\/types\/post"}],"author":[{"embeddable":true,"href":"http:\/\/parafiaostrowsko.info\/wordpress\/index.php\/wp-json\/wp\/v2\/users\/1"}],"replies":[{"embeddable":true,"href":"http:\/\/parafiaostrowsko.info\/wordpress\/index.php\/wp-json\/wp\/v2\/comments?post=10426"}],"version-history":[{"count":1,"href":"http:\/\/parafiaostrowsko.info\/wordpress\/index.php\/wp-json\/wp\/v2\/posts\/10426\/revisions"}],"predecessor-version":[{"id":10427,"href":"http:\/\/parafiaostrowsko.info\/wordpress\/index.php\/wp-json\/wp\/v2\/posts\/10426\/revisions\/10427"}],"wp:featuredmedia":[{"embeddable":true,"href":"http:\/\/parafiaostrowsko.info\/wordpress\/index.php\/wp-json\/wp\/v2\/media\/7560"}],"wp:attachment":[{"href":"http:\/\/parafiaostrowsko.info\/wordpress\/index.php\/wp-json\/wp\/v2\/media?parent=10426"}],"wp:term":[{"taxonomy":"category","embeddable":true,"href":"http:\/\/parafiaostrowsko.info\/wordpress\/index.php\/wp-json\/wp\/v2\/categories?post=10426"},{"taxonomy":"post_tag","embeddable":true,"href":"http:\/\/parafiaostrowsko.info\/wordpress\/index.php\/wp-json\/wp\/v2\/tags?post=10426"}],"curies":[{"name":"wp","href":"https:\/\/api.w.org\/{rel}","templated":true}]}}