{"id":4915,"date":"2021-01-31T00:06:31","date_gmt":"2021-01-30T23:06:31","guid":{"rendered":"http:\/\/parafiaostrowsko.info\/wordpress\/?p=4915"},"modified":"2021-02-01T12:05:04","modified_gmt":"2021-02-01T11:05:04","slug":"swiecenia-biskupie-ks-bpa-nominata-roberta-chrzaszcza","status":"publish","type":"post","link":"http:\/\/parafiaostrowsko.info\/wordpress\/index.php\/2021\/01\/31\/swiecenia-biskupie-ks-bpa-nominata-roberta-chrzaszcza\/","title":{"rendered":"\u015awi\u0119cenia biskupie ks. bpa nominata Roberta Chrz\u0105szcza"},"content":{"rendered":"\n<figure class=\"wp-block-image size-large\"><img loading=\"lazy\" width=\"600\" height=\"600\" src=\"http:\/\/parafiaostrowsko.info\/wordpress\/wp-content\/uploads\/2021\/01\/swiecenia-biskupie-ks-bpa-nominata-roberta-chrzaszcza.jpg\" alt=\"\" class=\"wp-image-4907\" srcset=\"http:\/\/parafiaostrowsko.info\/wordpress\/wp-content\/uploads\/2021\/01\/swiecenia-biskupie-ks-bpa-nominata-roberta-chrzaszcza.jpg 600w, http:\/\/parafiaostrowsko.info\/wordpress\/wp-content\/uploads\/2021\/01\/swiecenia-biskupie-ks-bpa-nominata-roberta-chrzaszcza-300x300.jpg 300w, http:\/\/parafiaostrowsko.info\/wordpress\/wp-content\/uploads\/2021\/01\/swiecenia-biskupie-ks-bpa-nominata-roberta-chrzaszcza-150x150.jpg 150w, http:\/\/parafiaostrowsko.info\/wordpress\/wp-content\/uploads\/2021\/01\/swiecenia-biskupie-ks-bpa-nominata-roberta-chrzaszcza-80x80.jpg 80w, http:\/\/parafiaostrowsko.info\/wordpress\/wp-content\/uploads\/2021\/01\/swiecenia-biskupie-ks-bpa-nominata-roberta-chrzaszcza-320x320.jpg 320w\" sizes=\"(max-width: 600px) 100vw, 600px\" \/><\/figure>\n\n\n\n<p><strong>6 lutego o&nbsp;godzinie 10.00 w&nbsp;katedrze na Wawelu ks. Robert Chrz\u0105szcz przyjmie \u015bwi\u0119cenia biskupie.<\/strong><\/p>\n\n\n\n<p>Umi\u0142owani Siostry i&nbsp;Bracia w&nbsp;Chrystusie,<\/p>\n\n\n\n<p>Jego \u015awi\u0105tobliwo\u015b\u0107 Papie\u017c Franciszek, w&nbsp;odpowiedzi na duszpasterskie wyzwania krakowskiego Ko\u015bcio\u0142a, ustanowi\u0142 jego biskupem pomocniczym Ksi\u0119dza Roberta Chrz\u0105szcza, dotychczas pos\u0142uguj\u0105cego na misjach w&nbsp;brazylijskim Rio de Janeiro, a&nbsp;urodzonego w&nbsp;Kalwarii Zebrzydowskiej. Ojciec \u015awi\u0119ty zach\u0119ci\u0142 go do podj\u0119cia \u201es\u0142u\u017cby Ludowi Bo\u017cemu z&nbsp;dobroci\u0105, wypraszaj\u0105c wstawiennictwa \u015awi\u0119tego Jana Paw\u0142a II i&nbsp;wszystkich \u015bwi\u0119tych oraz b\u0142ogos\u0142awionych Archidiecezji\u201d. Podejmuj\u0105c razem z&nbsp;nowo powo\u0142anym Biskupem to wskazanie prosimy, by wierni Archidiecezji Krakowskiej oraz duchowie\u0144stwo w okresie jego przygotowania do przyj\u0119cia sakry biskupiej zjednoczyli si\u0119 w&nbsp;gorliwej modlitwie o&nbsp;udzielenie mu w&nbsp;pe\u0142ni dar\u00f3w Bo\u017cego Ducha.<\/p>\n\n\n\n<p>Uroczysto\u015b\u0107 przyj\u0119cia przez niego \u015bwi\u0119ce\u0144 biskupich odb\u0119dzie si\u0119 w&nbsp;Sanktuarium \u015bw. Jana Paw\u0142a II Wielkiego w&nbsp;Krakowie dnia 6 lutego 2021 roku o&nbsp;godz. 10.00. Przebieg celebracji b\u0119dzie mo\u017cna \u015bledzi\u0107 tak\u017ce w&nbsp;Programie 3 Telewizji Polskiej oraz na kanale Telewizji&nbsp;<em>Trwam<\/em>.<\/p>\n\n\n\n<p>Polecam r\u00f3wnie\u017c, by w niedziel\u0119 nast\u0119puj\u0105c\u0105 po uroczysto\u015bci \u015bwi\u0119ce\u0144, czyli w&nbsp;dniu 7 lutego 2021 r., w ka\u017cdej parafii Archidiecezji Krakowskiej do\u0142\u0105czono do Modlitwy powszechnej wezwanie w&nbsp;intencji nowo powo\u0142anego Biskupa Roberta oraz jego apostolskiej misji.<\/p>\n\n\n\n<p>Z pasterskim b\u0142ogos\u0142awie\u0144stwem<\/p>\n\n\n\n<p>abp&nbsp;Marek J\u0119draszewski<\/p>\n\n\n\n<p>Arcybiskup Metropolita Krakowski<\/p>\n","protected":false},"excerpt":{"rendered":"<p>6 lutego o&nbsp;godzinie 10.00 w&nbsp;katedrze na Wawelu ks. Robert Chrz\u0105szcz przyjmie \u015bwi\u0119cenia biskupie. Umi\u0142owani Siostry i&nbsp;Bracia w&nbsp;Chrystusie, Jego \u015awi\u0105tobliwo\u015b\u0107 Papie\u017c Franciszek, w&nbsp;odpowiedzi na duszpasterskie wyzwania krakowskiego Ko\u015bcio\u0142a, ustanowi\u0142 jego biskupem pomocniczym Ksi\u0119dza Roberta Chrz\u0105szcza,&#46;&#46;&#46;<\/p>\n<div class='heateorSssClear'><\/div><div  class='heateor_sss_sharing_container heateor_sss_horizontal_sharing' data-heateor-sss-href='http:\/\/parafiaostrowsko.info\/wordpress\/index.php\/2021\/01\/31\/swiecenia-biskupie-ks-bpa-nominata-roberta-chrzaszcza\/'><div class='heateor_sss_sharing_title' style=\"font-weight:bold\" >Udost\u0119pnij<\/div><div class=\"heateor_sss_sharing_ul\"><a class=\"heateor_sss_facebook\" href=\"https:\/\/www.facebook.com\/sharer\/sharer.php?u=http%3A%2F%2Fparafiaostrowsko.info%2Fwordpress%2Findex.php%2F2021%2F01%2F31%2Fswiecenia-biskupie-ks-bpa-nominata-roberta-chrzaszcza%2F\" title=\"Facebook\" rel=\"nofollow noopener\" target=\"_blank\" style=\"font-size:32px!important;box-shadow:none;display:inline-block;vertical-align:middle\"><span class=\"heateor_sss_svg\" style=\"background-color:#3c589a;width:35px;height:35px;border-radius:999px;display:inline-block;opacity:1;float:left;font-size:32px;box-shadow:none;display:inline-block;font-size:16px;padding:0 4px;vertical-align:middle;background-repeat:repeat;overflow:hidden;padding:0;cursor:pointer;box-sizing:content-box\"><svg style=\"display:block;border-radius:999px;\" focusable=\"false\" aria-hidden=\"true\" xmlns=\"http:\/\/www.w3.org\/2000\/svg\" width=\"100%\" height=\"100%\" viewBox=\"-5 -5 42 42\"><path d=\"M17.78 27.5V17.008h3.522l.527-4.09h-4.05v-2.61c0-1.182.33-1.99 2.023-1.99h2.166V4.66c-.375-.05-1.66-.16-3.155-.16-3.123 0-5.26 1.905-5.26 5.405v3.016h-3.53v4.09h3.53V27.5h4.223z\" fill=\"#fff\"><\/path><\/svg><\/span><\/a><a style=\"padding:7.35px 0 !important\" class=\"heateor_sss_facebook_share\"><div class=\"fb-share-button\" data-href=\"http:\/\/parafiaostrowsko.info\/wordpress\/index.php\/2021\/01\/31\/swiecenia-biskupie-ks-bpa-nominata-roberta-chrzaszcza\/\" data-layout=\"button\"><\/div><\/a><\/div><div class=\"heateorSssClear\"><\/div><\/div><div class='heateorSssClear'><\/div>","protected":false},"author":7,"featured_media":4907,"comment_status":"open","ping_status":"open","sticky":false,"template":"","format":"standard","meta":[],"categories":[18],"tags":[],"_links":{"self":[{"href":"http:\/\/parafiaostrowsko.info\/wordpress\/index.php\/wp-json\/wp\/v2\/posts\/4915"}],"collection":[{"href":"http:\/\/parafiaostrowsko.info\/wordpress\/index.php\/wp-json\/wp\/v2\/posts"}],"about":[{"href":"http:\/\/parafiaostrowsko.info\/wordpress\/index.php\/wp-json\/wp\/v2\/types\/post"}],"author":[{"embeddable":true,"href":"http:\/\/parafiaostrowsko.info\/wordpress\/index.php\/wp-json\/wp\/v2\/users\/7"}],"replies":[{"embeddable":true,"href":"http:\/\/parafiaostrowsko.info\/wordpress\/index.php\/wp-json\/wp\/v2\/comments?post=4915"}],"version-history":[{"count":2,"href":"http:\/\/parafiaostrowsko.info\/wordpress\/index.php\/wp-json\/wp\/v2\/posts\/4915\/revisions"}],"predecessor-version":[{"id":4918,"href":"http:\/\/parafiaostrowsko.info\/wordpress\/index.php\/wp-json\/wp\/v2\/posts\/4915\/revisions\/4918"}],"wp:featuredmedia":[{"embeddable":true,"href":"http:\/\/parafiaostrowsko.info\/wordpress\/index.php\/wp-json\/wp\/v2\/media\/4907"}],"wp:attachment":[{"href":"http:\/\/parafiaostrowsko.info\/wordpress\/index.php\/wp-json\/wp\/v2\/media?parent=4915"}],"wp:term":[{"taxonomy":"category","embeddable":true,"href":"http:\/\/parafiaostrowsko.info\/wordpress\/index.php\/wp-json\/wp\/v2\/categories?post=4915"},{"taxonomy":"post_tag","embeddable":true,"href":"http:\/\/parafiaostrowsko.info\/wordpress\/index.php\/wp-json\/wp\/v2\/tags?post=4915"}],"curies":[{"name":"wp","href":"https:\/\/api.w.org\/{rel}","templated":true}]}}