{"id":5454,"date":"2021-05-15T17:00:43","date_gmt":"2021-05-15T15:00:43","guid":{"rendered":"http:\/\/parafiaostrowsko.info\/wordpress\/?p=5454"},"modified":"2021-05-15T17:01:38","modified_gmt":"2021-05-15T15:01:38","slug":"intencje-mszalne-17-05-23-05-2021","status":"publish","type":"post","link":"http:\/\/parafiaostrowsko.info\/wordpress\/index.php\/2021\/05\/15\/intencje-mszalne-17-05-23-05-2021\/","title":{"rendered":"Intencje mszalne 17.05.-23.05.2021"},"content":{"rendered":"\n<p><strong><u>poniedzia\u0142ek \u2013 17 maja 2021<\/u><\/strong><\/p>\n\n\n\n<p><strong>18.oo &nbsp;&nbsp;<\/strong>ks. Stanis\u0142aw: <strong>\u015bp. <\/strong><strong>Helena \u017bEGLE\u0143<\/strong> -od wnuka Maksymiliana<\/p>\n\n\n\n<p><strong>18.00 <\/strong>&nbsp;&nbsp;<strong>\u015bp. Anna NAGIECKA <\/strong>z okazji urodzin<\/p>\n\n\n\n<p><strong><u>wtorek \u2013 18 maja 2021<\/u><\/strong><\/p>\n\n\n\n<p><strong>18.00<\/strong>&nbsp;&nbsp;&nbsp; ks. Stanis\u0142aw: <strong>\u015bp. <\/strong><strong>Marian ANTOLEC<\/strong> &#8211; od mieszka\u0144c\u00f3w Ostrowska<\/p>\n\n\n\n<p><strong>18.00<\/strong> &nbsp;&nbsp;&nbsp;O zdrowie i dalsz\u0105 opiek\u0119 Bo\u017c\u0105 dla Przemys\u0142awa w 25 urodziny<\/p>\n\n\n\n<p><strong><u>\u015broda \u2013 19 maja 2021<\/u><\/strong><\/p>\n\n\n\n<p><strong>18.00<\/strong>\u00a0\u00a0 \u00a0ks. Stanis\u0142aw: Z pro\u015bb\u0105 o zdrowie i opiek\u0119 MBN Pomocy dla cz\u0142onki\u0144 IV R\u00f3\u017cy \u017bywego R\u00f3\u017ca\u0144ca &#8211; od Zelatorki Antoniny Kozie\u0142 i Stefanii Ludzia<\/p>\n\n\n\n<p><strong>18.00 &nbsp;<\/strong>&nbsp;<strong>\u015bp. Maria \u017bEGLE\u0143<\/strong><\/p>\n\n\n\n<p><strong><u>czwartek \u2013 20 maja 2021<\/u><\/strong><\/p>\n\n\n\n<p><strong>18.00<\/strong>&nbsp;&nbsp; &nbsp;ks. Stanis\u0142aw: <strong>\u015bp. <\/strong><strong>Jan KO\u0141AT <\/strong>33 rocz. \u015bm. <strong>\u015bp.<\/strong> <strong>Anna <\/strong>\u017cona, <strong>\u015bp.<\/strong> <strong>Ludwik <\/strong>syn<\/p>\n\n\n\n<p><strong>18.00<\/strong> &nbsp;&nbsp;&nbsp;<strong>\u015bp. Dariusz TRUTY <\/strong>\u2013 od cioci Jadzi<\/p>\n\n\n\n<p><strong><u>pi\u0105tek \u2013 21 maja 2021<\/u><\/strong><\/p>\n\n\n\n<p><strong>18.00<\/strong>\u00a0\u00a0\u00a0 ks. Stanis\u0142aw: W intencji ks. Stanis\u0142awa z okazji 49 rocznicy \u015bwi\u0119ce\u0144 kap\u0142a\u0144skich. Z pro\u015bb\u0105 o zdrowie, Bo\u017ce B\u0142ogos\u0142awie\u0144stwo i opiek\u0119 MB Nieustaj\u0105cej Pomocy na dalsze lata &#8211; prosi Margaretka<\/p>\n\n\n\n<p><strong>18.00<\/strong>&nbsp; &nbsp;O mi\u0142osierdzie Bo\u017ce dla dusz w czy\u015b\u0107cu cierpi\u0105cych<br>&nbsp;&nbsp;&nbsp;&nbsp;&nbsp;&nbsp;&nbsp;&nbsp;&nbsp;&nbsp;&nbsp;&nbsp;&nbsp;&nbsp; od Apostolstwa Pomocy Duszom Czy\u015b\u0107cowym<\/p>\n\n\n\n<p><strong><u>sobota \u2013 22 maja 2021<\/u><\/strong><\/p>\n\n\n\n<p><strong>18.00<\/strong>&nbsp; &nbsp;&nbsp;&nbsp;ks. Stanis\u0142aw: \u015bp. <strong>Jan i Maria GROMADA<\/strong> i ich dzieci<\/p>\n\n\n\n<p><strong>18.00<\/strong>&nbsp; &nbsp;&nbsp;&nbsp;<strong>\u015bp. Zofia, Stanis\u0142aw, Kazimierz G\u0141\u0104BI\u0143SCY,<br>&nbsp;&nbsp;&nbsp;&nbsp;&nbsp;&nbsp;&nbsp;&nbsp;&nbsp;&nbsp;&nbsp;&nbsp;&nbsp;&nbsp;&nbsp; \u015bp. Mieczys\u0142aw i Jan \u0141OJAS<\/strong><\/p>\n\n\n\n<p><strong><u>Niedziela \u2013 23 maja 2021<\/u><\/strong><\/p>\n\n\n\n<p><strong>8.oo <\/strong>ks. Stanis\u0142aw: <strong>\u015bp. J<\/strong><strong>an PRZYBOCKI, Agata <\/strong>\u017cona<strong>, Anna <\/strong>c\u00f3rka<\/p>\n\n\n\n<p><strong>8.00 <\/strong>&nbsp;&nbsp;&nbsp;&nbsp;<strong>\u015bp. Miros\u0142aw KOZIO\u0141<\/strong> (z okazji urodzin) \u2013 od \u017cony i dzieci z&nbsp; rodzinami<\/p>\n\n\n\n<p><strong>11.00&nbsp; &nbsp;&nbsp;W intencji m\u0142odzie\u017cy, kt\u00f3ra przyj\u0119\u0142a sakrament Bierzmowania<\/strong> &#8211; od rodzic\u00f3w<strong><\/strong><\/p>\n","protected":false},"excerpt":{"rendered":"<p>poniedzia\u0142ek \u2013 17 maja 2021 18.oo &nbsp;&nbsp;ks. Stanis\u0142aw: \u015bp. Helena \u017bEGLE\u0143 -od wnuka Maksymiliana 18.00 &nbsp;&nbsp;\u015bp. Anna NAGIECKA z okazji urodzin wtorek \u2013 18 maja 2021 18.00&nbsp;&nbsp;&nbsp; ks. Stanis\u0142aw: \u015bp. Marian ANTOLEC &#8211; od&#46;&#46;&#46;<\/p>\n<div class='heateorSssClear'><\/div><div  class='heateor_sss_sharing_container heateor_sss_horizontal_sharing' data-heateor-sss-href='http:\/\/parafiaostrowsko.info\/wordpress\/index.php\/2021\/05\/15\/intencje-mszalne-17-05-23-05-2021\/'><div class='heateor_sss_sharing_title' style=\"font-weight:bold\" >Udost\u0119pnij<\/div><div class=\"heateor_sss_sharing_ul\"><a class=\"heateor_sss_facebook\" href=\"https:\/\/www.facebook.com\/sharer\/sharer.php?u=http%3A%2F%2Fparafiaostrowsko.info%2Fwordpress%2Findex.php%2F2021%2F05%2F15%2Fintencje-mszalne-17-05-23-05-2021%2F\" title=\"Facebook\" rel=\"nofollow noopener\" target=\"_blank\" style=\"font-size:32px!important;box-shadow:none;display:inline-block;vertical-align:middle\"><span class=\"heateor_sss_svg\" style=\"background-color:#3c589a;width:35px;height:35px;border-radius:999px;display:inline-block;opacity:1;float:left;font-size:32px;box-shadow:none;display:inline-block;font-size:16px;padding:0 4px;vertical-align:middle;background-repeat:repeat;overflow:hidden;padding:0;cursor:pointer;box-sizing:content-box\"><svg style=\"display:block;border-radius:999px;\" focusable=\"false\" aria-hidden=\"true\" xmlns=\"http:\/\/www.w3.org\/2000\/svg\" width=\"100%\" height=\"100%\" viewBox=\"-5 -5 42 42\"><path d=\"M17.78 27.5V17.008h3.522l.527-4.09h-4.05v-2.61c0-1.182.33-1.99 2.023-1.99h2.166V4.66c-.375-.05-1.66-.16-3.155-.16-3.123 0-5.26 1.905-5.26 5.405v3.016h-3.53v4.09h3.53V27.5h4.223z\" fill=\"#fff\"><\/path><\/svg><\/span><\/a><a style=\"padding:7.35px 0 !important\" class=\"heateor_sss_facebook_share\"><div class=\"fb-share-button\" data-href=\"http:\/\/parafiaostrowsko.info\/wordpress\/index.php\/2021\/05\/15\/intencje-mszalne-17-05-23-05-2021\/\" data-layout=\"button\"><\/div><\/a><\/div><div class=\"heateorSssClear\"><\/div><\/div><div class='heateorSssClear'><\/div>","protected":false},"author":7,"featured_media":4167,"comment_status":"open","ping_status":"open","sticky":false,"template":"","format":"standard","meta":[],"categories":[17],"tags":[],"_links":{"self":[{"href":"http:\/\/parafiaostrowsko.info\/wordpress\/index.php\/wp-json\/wp\/v2\/posts\/5454"}],"collection":[{"href":"http:\/\/parafiaostrowsko.info\/wordpress\/index.php\/wp-json\/wp\/v2\/posts"}],"about":[{"href":"http:\/\/parafiaostrowsko.info\/wordpress\/index.php\/wp-json\/wp\/v2\/types\/post"}],"author":[{"embeddable":true,"href":"http:\/\/parafiaostrowsko.info\/wordpress\/index.php\/wp-json\/wp\/v2\/users\/7"}],"replies":[{"embeddable":true,"href":"http:\/\/parafiaostrowsko.info\/wordpress\/index.php\/wp-json\/wp\/v2\/comments?post=5454"}],"version-history":[{"count":2,"href":"http:\/\/parafiaostrowsko.info\/wordpress\/index.php\/wp-json\/wp\/v2\/posts\/5454\/revisions"}],"predecessor-version":[{"id":5456,"href":"http:\/\/parafiaostrowsko.info\/wordpress\/index.php\/wp-json\/wp\/v2\/posts\/5454\/revisions\/5456"}],"wp:featuredmedia":[{"embeddable":true,"href":"http:\/\/parafiaostrowsko.info\/wordpress\/index.php\/wp-json\/wp\/v2\/media\/4167"}],"wp:attachment":[{"href":"http:\/\/parafiaostrowsko.info\/wordpress\/index.php\/wp-json\/wp\/v2\/media?parent=5454"}],"wp:term":[{"taxonomy":"category","embeddable":true,"href":"http:\/\/parafiaostrowsko.info\/wordpress\/index.php\/wp-json\/wp\/v2\/categories?post=5454"},{"taxonomy":"post_tag","embeddable":true,"href":"http:\/\/parafiaostrowsko.info\/wordpress\/index.php\/wp-json\/wp\/v2\/tags?post=5454"}],"curies":[{"name":"wp","href":"https:\/\/api.w.org\/{rel}","templated":true}]}}