{"id":5508,"date":"2021-05-29T23:50:11","date_gmt":"2021-05-29T21:50:11","guid":{"rendered":"http:\/\/parafiaostrowsko.info\/wordpress\/?p=5508"},"modified":"2021-05-29T23:50:12","modified_gmt":"2021-05-29T21:50:12","slug":"ogloszenia-duszpasterskie-30-05-2021","status":"publish","type":"post","link":"http:\/\/parafiaostrowsko.info\/wordpress\/index.php\/2021\/05\/29\/ogloszenia-duszpasterskie-30-05-2021\/","title":{"rendered":"Og\u0142oszenia duszpasterskie 30.05.2021"},"content":{"rendered":"\n<p><strong>Uroczysto\u015b\u0107 Tr\u00f3jcy Przenaj\u015bwi\u0119tszej &#8211; 30 maja 2021 roku<\/strong><\/p>\n\n\n\n<p>1. Dzisiaj<strong> uroczysto\u015b\u0107 Tr\u00f3jcy Przenaj\u015bwi\u0119tszej. K<\/strong>o\u0144czy si\u0119 okres Komunii \u015bw. wielkanocnej.<\/p>\n\n\n\n<p>2. Jutro \u015bwi\u0119to Nawiedzenia Naj\u015bwi\u0119tszej Maryi Panny i ostatnie <strong>nabo\u017ce\u0144stwa majowe z procesj\u0105 wok\u00f3\u0142 ko\u015bcio\u0142a odprawimy wieczorem po zako\u0144czonej Mszy \u015bw.<\/strong><strong><\/strong><\/p>\n\n\n\n<p>3. <strong>W czerwcu nabo\u017ce\u0144stwo do Serca Jezusowego<\/strong> odmawia\u0107 b\u0119dziemy po zako\u0144czonych Mszach \u015bw.<\/p>\n\n\n\n<p>4. <strong>W \u015brod\u0119<\/strong> mo\u017cliwo\u015b\u0107 spowiedzi \u015bw. przed Bo\u017cym Cia\u0142em od godziny 17.00.<\/p>\n\n\n\n<p>5. <strong>W czwartek Uroczysto\u015b\u0107 Bo\u017cego Cia\u0142a.<\/strong> Dzi\u0119kuj\u0119 za obecno\u015b\u0107 na spotkaniu w \u015brod\u0119. O przygotowanie o\u0142tarzy proszeni s\u0105 mieszka\u0144cy <strong>ul. Gorcza\u0144skiej:<\/strong><\/p>\n\n\n\n<p><strong>I o\u0142tarz: El\u017cbieta Kos, Anna Pere\u0142ka, Jolanta Ko\u0142at,<br>II o\u0142tarz: Anna Mi\u015bkiewicz, Ma\u0142gorzata Fatla, Marzena Ambo\u017c,<br>III o\u0142tarz: Monika Mi\u015bkiewicz, Stanis\u0142awa Truty, Antonina Luberda,<br>IV o\u0142tarz: Aniela Ludzia, Irena Klimowska, Krystyna Przybocka.<\/strong><\/p>\n\n\n\n<p>Rano Msza \u015bw. o godzinie 8.00 a procesja do 4 o\u0142tarzy wyruszy z ko\u015bcio\u0142a po Mszy \u015bw. o godzinie 11.00. Za pobo\u017cny udzia\u0142 w procesji mo\u017cna uzyska\u0107 odpust zupe\u0142ny. Zapraszam dzieci w strojach komunijnych: z klasy III i IV (we wrze\u015bniu mia\u0142y swoj\u0105 I Komuni\u0119 \u015bw.). Najm\u0142odszych zapraszam do sypania kwiat\u00f3w i do dzwonienia. Prosz\u0119, by przygotowa\u0107 feretrony i chor\u0105gwie. M\u0119\u017cczyzn, M\u0142odzie\u017c \u2013 G\u00f3rali, Sportowc\u00f3w z Klubu Sportowego, prosz\u0119 o niesienie baldachimu. O zabezpieczenie trasy procesji prosz\u0119 OSP. W tym dniu udekorujmy nasze domy symbolami eucharystycznymi. A na Msz\u0119 \u015bw. z procesj\u0105 zapraszam w strojach g\u00f3ralskich, by podkre\u015bli\u0107 uroczysty charakter tego wydarzenia.<\/p>\n\n\n\n<p>6. <strong>W oktawie Bo\u017cego Cia\u0142a Msza \u015bw. i procesja o godzinie 18.00. <\/strong>Prosz\u0119, by\u015bmy ten czas oktawy r\u00f3wnie\u017c uczestniczyli w procesji. Trwa rok Eucharystii \u2013 warto dawa\u0107 \u015bwiadectwo, \u017ce kochamy naszego Pana, kt\u00f3ry pozosta\u0142 z nami pod postaci\u0105 Chleba.<\/p>\n\n\n\n<p>7. <strong>W pierwszy pi\u0105tek<\/strong> Msza \u015bw. rano o 7.00 oraz o 18.00. Odwiedziny chorych od 9.00. Prosz\u0119 chorych zg\u0142osi\u0107 w zakrystii. Spowied\u017a rano i po po\u0142udniu od 17.00.<\/p>\n\n\n\n<p>8.<strong> W sobot\u0119<\/strong> b\u0119dzie spotkanie R\u00f3\u017c \u017bywego R\u00f3\u017ca\u0144ca i zmiana tajemnic po wieczornej Mszy \u015bw.<\/p>\n\n\n\n<p>9.<strong> W niedziel\u0119 za tydzie\u0144<\/strong> b\u0119dzie mia\u0142 u nas swoje prymicje wy\u015bwi\u0119cony wczoraj ks. Mateusz Hajduga, kt\u00f3ry katechizuje w naszej szkole i g\u0142osi\u0142 w tym roku kazania pasyjne. Poprowadzi procesj\u0119 eucharystyczn\u0105 i udzieli b\u0142ogos\u0142awie\u0144stwa prymicyjnego <strong>po Mszy \u015bw. o godzinie 11.00.<\/strong><\/p>\n\n\n\n<p>10. W przysz\u0142\u0105 niedziel\u0119 ofiary sk\u0142adane do puszki przeznaczone b\u0119d\u0105 dla p. Grabarza w podzi\u0119kowaniu za trosk\u0119 o parafialny cmentarz. Prosz\u0119 o podpisanie kopert z imienia i nazwiska oraz adresem. Mamy ju\u017c program z ewidencj\u0119 grob\u00f3w, st\u0105d zostan\u0105 one do niego wprowadzone. <strong>Dbajmy wszyscy o nasz cmentarz.<\/strong><\/p>\n\n\n\n<p>10. Dzi\u0119kuj\u0119 za sprz\u0105tanie naszej \u015bwi\u0105tyni na niedziel\u0119. W tym tygodniu prosimy o to <strong>p. Helena Luberda, Henryka Szewczyk, Katarzyna Pankiewicz z ul. Pieni\u0144skiej.<\/strong><\/p>\n\n\n\n<p>11. Zapraszamy do nabywania prasy katolickiej. Jest nowy numer \u201eNiedzieli\u201d oraz ulotki o Apostolstwie Pomocy Duszom Czy\u015b\u0107cowym.<\/p>\n\n\n\n<p>12. Dzi\u0119kuj\u0119 za pi\u0119kny Koncert \u201eKochanej Mamie\u201d. Wiele os\u00f3b by\u0142o zaanga\u017cowanych od strony artystycznej i organizacyjnej. Bez WAS nie by\u0142o, by tego kulturowego wydarzenia. Wszystkim za wszystko: B\u00f3g zap\u0142a\u0107.<\/p>\n\n\n\n<p><strong>Og\u0142oszenia o kt\u00f3re proszono:<\/strong><\/p>\n\n\n\n<ol type=\"1\"><li>Dnia 1 czerwca w godzinach 10.00 &#8211; 12.00 w O\u015brodku Zdrowia w Ostrowsku odb\u0119dzie si\u0119 bezp\u0142atne badanie wzroku. Wi\u0119cej informacji na plakacie w gablocie.<\/li><li>W kwietniu mia\u0142a miejsce premiera filmu <strong>\u201eWyrok na niewinnych\u201d.<\/strong> S\u0105 do zabrania Vouchery uprawniaj\u0105ce do 50% zni\u017cki na zakup biletu w internetowym kinie. Zapraszamy do obejrzenia<\/li><li>Zarz\u0105d Ochotniczej Stra\u017cy Po\u017carnej w Ostrowsku na pro\u015bb\u0119 organizatora Wy\u015bcigu Podhala\u0144skiego prosi mieszka\u0144c\u00f3w, aby w dniu <strong>5 czerwca 2021 (sobota) oko\u0142o godz. 17.00 <\/strong>zachowali ostro\u017cno\u015b\u0107 i podporz\u0105dkowali si\u0119 do zalece\u0144 s\u0142u\u017cb na drodze Nowy S\u0105cz \u2013 Nowy Targ i <strong>6 czerwca (niedziela) oko\u0142o godz. 12.00 <\/strong>na drodze Gronk\u00f3w \u2013 Nowy S\u0105cz z uwagi na przejazd wy\u015bcigu kolarskiego.<\/li><li><strong>5 czerwca <\/strong>(sobota) odb\u0119dzie si\u0119 <strong>XXIV Pielgrzymka \u201eSURSUM CORDA\u201d <\/strong>Zakopane \u2013 Lud\u017amierz pod has\u0142em:&nbsp;<em>\u201eNie kradnij&#8230;\u201d<\/em>. Szczeg\u00f3\u0142y na plakacie.<\/li><\/ol>\n","protected":false},"excerpt":{"rendered":"<p>Uroczysto\u015b\u0107 Tr\u00f3jcy Przenaj\u015bwi\u0119tszej &#8211; 30 maja 2021 roku 1. Dzisiaj uroczysto\u015b\u0107 Tr\u00f3jcy Przenaj\u015bwi\u0119tszej. Ko\u0144czy si\u0119 okres Komunii \u015bw. wielkanocnej. 2. Jutro \u015bwi\u0119to Nawiedzenia Naj\u015bwi\u0119tszej Maryi Panny i ostatnie nabo\u017ce\u0144stwa majowe z procesj\u0105 wok\u00f3\u0142 ko\u015bcio\u0142a&#46;&#46;&#46;<\/p>\n<div class='heateorSssClear'><\/div><div  class='heateor_sss_sharing_container heateor_sss_horizontal_sharing' data-heateor-sss-href='http:\/\/parafiaostrowsko.info\/wordpress\/index.php\/2021\/05\/29\/ogloszenia-duszpasterskie-30-05-2021\/'><div class='heateor_sss_sharing_title' style=\"font-weight:bold\" >Udost\u0119pnij<\/div><div class=\"heateor_sss_sharing_ul\"><a class=\"heateor_sss_facebook\" href=\"https:\/\/www.facebook.com\/sharer\/sharer.php?u=http%3A%2F%2Fparafiaostrowsko.info%2Fwordpress%2Findex.php%2F2021%2F05%2F29%2Fogloszenia-duszpasterskie-30-05-2021%2F\" title=\"Facebook\" rel=\"nofollow noopener\" target=\"_blank\" style=\"font-size:32px!important;box-shadow:none;display:inline-block;vertical-align:middle\"><span class=\"heateor_sss_svg\" style=\"background-color:#3c589a;width:35px;height:35px;border-radius:999px;display:inline-block;opacity:1;float:left;font-size:32px;box-shadow:none;display:inline-block;font-size:16px;padding:0 4px;vertical-align:middle;background-repeat:repeat;overflow:hidden;padding:0;cursor:pointer;box-sizing:content-box\"><svg style=\"display:block;border-radius:999px;\" focusable=\"false\" aria-hidden=\"true\" xmlns=\"http:\/\/www.w3.org\/2000\/svg\" width=\"100%\" height=\"100%\" viewBox=\"-5 -5 42 42\"><path d=\"M17.78 27.5V17.008h3.522l.527-4.09h-4.05v-2.61c0-1.182.33-1.99 2.023-1.99h2.166V4.66c-.375-.05-1.66-.16-3.155-.16-3.123 0-5.26 1.905-5.26 5.405v3.016h-3.53v4.09h3.53V27.5h4.223z\" fill=\"#fff\"><\/path><\/svg><\/span><\/a><a style=\"padding:7.35px 0 !important\" class=\"heateor_sss_facebook_share\"><div class=\"fb-share-button\" data-href=\"http:\/\/parafiaostrowsko.info\/wordpress\/index.php\/2021\/05\/29\/ogloszenia-duszpasterskie-30-05-2021\/\" data-layout=\"button\"><\/div><\/a><\/div><div class=\"heateorSssClear\"><\/div><\/div><div class='heateorSssClear'><\/div>","protected":false},"author":7,"featured_media":4171,"comment_status":"open","ping_status":"open","sticky":false,"template":"","format":"standard","meta":[],"categories":[18],"tags":[],"_links":{"self":[{"href":"http:\/\/parafiaostrowsko.info\/wordpress\/index.php\/wp-json\/wp\/v2\/posts\/5508"}],"collection":[{"href":"http:\/\/parafiaostrowsko.info\/wordpress\/index.php\/wp-json\/wp\/v2\/posts"}],"about":[{"href":"http:\/\/parafiaostrowsko.info\/wordpress\/index.php\/wp-json\/wp\/v2\/types\/post"}],"author":[{"embeddable":true,"href":"http:\/\/parafiaostrowsko.info\/wordpress\/index.php\/wp-json\/wp\/v2\/users\/7"}],"replies":[{"embeddable":true,"href":"http:\/\/parafiaostrowsko.info\/wordpress\/index.php\/wp-json\/wp\/v2\/comments?post=5508"}],"version-history":[{"count":1,"href":"http:\/\/parafiaostrowsko.info\/wordpress\/index.php\/wp-json\/wp\/v2\/posts\/5508\/revisions"}],"predecessor-version":[{"id":5509,"href":"http:\/\/parafiaostrowsko.info\/wordpress\/index.php\/wp-json\/wp\/v2\/posts\/5508\/revisions\/5509"}],"wp:featuredmedia":[{"embeddable":true,"href":"http:\/\/parafiaostrowsko.info\/wordpress\/index.php\/wp-json\/wp\/v2\/media\/4171"}],"wp:attachment":[{"href":"http:\/\/parafiaostrowsko.info\/wordpress\/index.php\/wp-json\/wp\/v2\/media?parent=5508"}],"wp:term":[{"taxonomy":"category","embeddable":true,"href":"http:\/\/parafiaostrowsko.info\/wordpress\/index.php\/wp-json\/wp\/v2\/categories?post=5508"},{"taxonomy":"post_tag","embeddable":true,"href":"http:\/\/parafiaostrowsko.info\/wordpress\/index.php\/wp-json\/wp\/v2\/tags?post=5508"}],"curies":[{"name":"wp","href":"https:\/\/api.w.org\/{rel}","templated":true}]}}