{"id":5511,"date":"2021-06-04T22:07:48","date_gmt":"2021-06-04T20:07:48","guid":{"rendered":"http:\/\/parafiaostrowsko.info\/wordpress\/?p=5511"},"modified":"2021-06-04T22:07:49","modified_gmt":"2021-06-04T20:07:49","slug":"intencje-mszalne-07-06-13-06-2021","status":"publish","type":"post","link":"http:\/\/parafiaostrowsko.info\/wordpress\/index.php\/2021\/06\/04\/intencje-mszalne-07-06-13-06-2021\/","title":{"rendered":"Intencje mszalne  07.06,-13.06.2021"},"content":{"rendered":"\n<p><strong>Intencje Mszy \u015bwi\u0119tych<\/strong><\/p>\n\n\n\n<p><strong><u>poniedzia\u0142ek \u2013 7 czerwca 2021<\/u><\/strong><\/p>\n\n\n\n<p><strong>18.oo &nbsp;&nbsp;<\/strong>ks. Stanis\u0142aw: <strong>\u015bp. <\/strong><strong>Ryszard LE\u015aNICKI <\/strong>w 26 rocz. \u015bm.<br>&nbsp;&nbsp;&nbsp;&nbsp;&nbsp;&nbsp;&nbsp;&nbsp;&nbsp;&nbsp;&nbsp;&nbsp;&nbsp;&nbsp;&nbsp;&nbsp;&nbsp;&nbsp;&nbsp;&nbsp;&nbsp;&nbsp;&nbsp;&nbsp;&nbsp;&nbsp;&nbsp;&nbsp;&nbsp;&nbsp;&nbsp;&nbsp;&nbsp;&nbsp;&nbsp;&nbsp;&nbsp;&nbsp; <strong>&nbsp;\u015bp.<\/strong> <strong>Stanis\u0142aw i Helena KUTEK<\/strong><\/p>\n\n\n\n<p><strong>18.00 <\/strong>&nbsp;<strong>\u015bp. Micha\u0142 KO\u0141AT<\/strong> rocz. \u015bm.<br><br><\/p>\n\n\n\n<p><strong><u>wtorek \u2013 8 czerwca 2021<\/u><\/strong><\/p>\n\n\n\n<p><strong>18.00<\/strong>&nbsp;&nbsp;&nbsp; ks. Stanis\u0142aw: &nbsp;Z pro\u015bb\u0105 o \u0142ask\u0119 powrotu do zdrowia dla Stefanii<\/p>\n\n\n\n<p><strong>18.00<\/strong> &nbsp;<strong>&nbsp;\u015bp. zmar\u0142e rodze\u0144stwo<\/strong>&nbsp; &#8211; od Zofii Domalik<br><br><\/p>\n\n\n\n<p><strong><u>\u015broda \u2013 9 czerwca 2021<\/u><\/strong><\/p>\n\n\n\n<p><strong>18.00<\/strong>&nbsp; &nbsp;ks. Stanis\u0142aw: <strong>\u015bp. <\/strong><strong>J\u00f3zef KO\u0141AT <\/strong>w 24 rocz. \u015bm. oraz jego <strong>rodzice i bracia<\/strong><\/p>\n\n\n\n<p><strong>18.00 &nbsp;<\/strong>&nbsp;<strong>\u015bp. Andrzej TRUTY<\/strong><\/p>\n\n\n\n<p><strong><u>czwartek \u2013 10 czerwca 2021<\/u><\/strong><\/p>\n\n\n\n<p><strong>18.00<\/strong>&nbsp;&nbsp; &nbsp;ks. Stanis\u0142aw: <strong>\u015bp.<\/strong> <strong>Wiktoria WR\u00d3BEL &#8211; <\/strong>od c\u00f3rki z rodzin\u0105<\/p>\n\n\n\n<p><strong>18.00<\/strong> &nbsp;&nbsp;&nbsp;O zdrowie, B\u0142ogos\u0142awie\u0144stwo Bo\u017ce i dary Ducha \u015awi\u0119tego dla rodzin, kt\u00f3re przygotowa\u0142y I o\u0142tarz na Bo\u017ce Cia\u0142o<br><br><\/p>\n\n\n\n<p><strong><u>pi\u0105tek \u2013 11 czerwca 2021<\/u><\/strong><\/p>\n\n\n\n<p><strong>18.00<\/strong>&nbsp;&nbsp;&nbsp; ks. Stanis\u0142aw: <strong>\u015bp. <\/strong><strong>Helena i Stanis\u0142aw P\u0118DZIM\u0104\u017b <\/strong>oraz ich&nbsp;<strong>rodzice<\/strong><\/p>\n\n\n\n<p><strong>18.00<\/strong> &nbsp;&nbsp;&nbsp;O zdrowie, B\u0142ogos\u0142awie\u0144stwo Bo\u017ce i dary Ducha \u015awi\u0119tego dla rodzin, kt\u00f3re przygotowa\u0142y II o\u0142tarz na Bo\u017ce Cia\u0142o<br><br><\/p>\n\n\n\n<p><strong><u>sobota \u2013 12 czerwca 2021<\/u><\/strong><\/p>\n\n\n\n<p><strong>18.00<\/strong>&nbsp; &nbsp;&nbsp;&nbsp;ks. Stanis\u0142aw: Z podzi\u0119kowaniem za wsp\u00f3lnie prze\u017cyte lata z pro\u015bb\u0105 o Bo\u017ce B\u0142ogos\u0142awie\u0144stwo na dalsze lata \u017cycia i opiek\u0119 MB Nieustaj\u0105cej Pomocy &#8211; od Jana i Heleny.<\/p>\n\n\n\n<p><strong>18.00<\/strong> &nbsp;&nbsp;&nbsp;O zdrowie, B\u0142ogos\u0142awie\u0144stwo Bo\u017ce i dary Ducha \u015awi\u0119tego dla rodzin, kt\u00f3re przygotowa\u0142y III o\u0142tarz na Bo\u017ce Cia\u0142o<br><br><\/p>\n\n\n\n<p><strong><u>Niedziela \u2013 13 czerwca 2021<\/u><\/strong><\/p>\n\n\n\n<p><strong>8.oo<\/strong> ks. Stanis\u0142aw: <strong>\u015bp. <\/strong><strong>Antonina NIEMIEC<\/strong>&nbsp;w r. \u015bm. <strong>\u015bp.<\/strong> <strong>Walenty<\/strong> m\u0105\u017c, <strong>Stefania<\/strong> c\u00f3rka<\/p>\n\n\n\n<p><strong>8.00<\/strong> &nbsp;Podzi\u0119kowanie Matce&nbsp; Bo\u017cej w 25 rocz. \u015blubu Marii i Bogdana z pro\u015bb\u0105 o dalsz\u0105 opiek\u0119 oraz o B\u0142ogos\u0142awie\u0144stwo Bo\u017ce dla Marka w 21 rocz. urodzin<\/p>\n\n\n\n<p><strong>11.00<\/strong>&nbsp; &nbsp;&nbsp;Za Parafian<\/p>\n","protected":false},"excerpt":{"rendered":"<p>Intencje Mszy \u015bwi\u0119tych poniedzia\u0142ek \u2013 7 czerwca 2021 18.oo &nbsp;&nbsp;ks. Stanis\u0142aw: \u015bp. Ryszard LE\u015aNICKI w 26 rocz. \u015bm.&nbsp;&nbsp;&nbsp;&nbsp;&nbsp;&nbsp;&nbsp;&nbsp;&nbsp;&nbsp;&nbsp;&nbsp;&nbsp;&nbsp;&nbsp;&nbsp;&nbsp;&nbsp;&nbsp;&nbsp;&nbsp;&nbsp;&nbsp;&nbsp;&nbsp;&nbsp;&nbsp;&nbsp;&nbsp;&nbsp;&nbsp;&nbsp;&nbsp;&nbsp;&nbsp;&nbsp;&nbsp;&nbsp; &nbsp;\u015bp. Stanis\u0142aw i Helena KUTEK 18.00 &nbsp;\u015bp. Micha\u0142 KO\u0141AT rocz. \u015bm. wtorek \u2013 8 czerwca 2021&#46;&#46;&#46;<\/p>\n<div class='heateorSssClear'><\/div><div  class='heateor_sss_sharing_container heateor_sss_horizontal_sharing' data-heateor-sss-href='http:\/\/parafiaostrowsko.info\/wordpress\/index.php\/2021\/06\/04\/intencje-mszalne-07-06-13-06-2021\/'><div class='heateor_sss_sharing_title' style=\"font-weight:bold\" >Udost\u0119pnij<\/div><div class=\"heateor_sss_sharing_ul\"><a class=\"heateor_sss_facebook\" href=\"https:\/\/www.facebook.com\/sharer\/sharer.php?u=http%3A%2F%2Fparafiaostrowsko.info%2Fwordpress%2Findex.php%2F2021%2F06%2F04%2Fintencje-mszalne-07-06-13-06-2021%2F\" title=\"Facebook\" rel=\"nofollow noopener\" target=\"_blank\" style=\"font-size:32px!important;box-shadow:none;display:inline-block;vertical-align:middle\"><span class=\"heateor_sss_svg\" style=\"background-color:#3c589a;width:35px;height:35px;border-radius:999px;display:inline-block;opacity:1;float:left;font-size:32px;box-shadow:none;display:inline-block;font-size:16px;padding:0 4px;vertical-align:middle;background-repeat:repeat;overflow:hidden;padding:0;cursor:pointer;box-sizing:content-box\"><svg style=\"display:block;border-radius:999px;\" focusable=\"false\" aria-hidden=\"true\" xmlns=\"http:\/\/www.w3.org\/2000\/svg\" width=\"100%\" height=\"100%\" viewBox=\"-5 -5 42 42\"><path d=\"M17.78 27.5V17.008h3.522l.527-4.09h-4.05v-2.61c0-1.182.33-1.99 2.023-1.99h2.166V4.66c-.375-.05-1.66-.16-3.155-.16-3.123 0-5.26 1.905-5.26 5.405v3.016h-3.53v4.09h3.53V27.5h4.223z\" fill=\"#fff\"><\/path><\/svg><\/span><\/a><a style=\"padding:7.35px 0 !important\" class=\"heateor_sss_facebook_share\"><div class=\"fb-share-button\" data-href=\"http:\/\/parafiaostrowsko.info\/wordpress\/index.php\/2021\/06\/04\/intencje-mszalne-07-06-13-06-2021\/\" data-layout=\"button\"><\/div><\/a><\/div><div class=\"heateorSssClear\"><\/div><\/div><div class='heateorSssClear'><\/div>","protected":false},"author":7,"featured_media":4167,"comment_status":"open","ping_status":"open","sticky":false,"template":"","format":"standard","meta":[],"categories":[17],"tags":[],"_links":{"self":[{"href":"http:\/\/parafiaostrowsko.info\/wordpress\/index.php\/wp-json\/wp\/v2\/posts\/5511"}],"collection":[{"href":"http:\/\/parafiaostrowsko.info\/wordpress\/index.php\/wp-json\/wp\/v2\/posts"}],"about":[{"href":"http:\/\/parafiaostrowsko.info\/wordpress\/index.php\/wp-json\/wp\/v2\/types\/post"}],"author":[{"embeddable":true,"href":"http:\/\/parafiaostrowsko.info\/wordpress\/index.php\/wp-json\/wp\/v2\/users\/7"}],"replies":[{"embeddable":true,"href":"http:\/\/parafiaostrowsko.info\/wordpress\/index.php\/wp-json\/wp\/v2\/comments?post=5511"}],"version-history":[{"count":1,"href":"http:\/\/parafiaostrowsko.info\/wordpress\/index.php\/wp-json\/wp\/v2\/posts\/5511\/revisions"}],"predecessor-version":[{"id":5512,"href":"http:\/\/parafiaostrowsko.info\/wordpress\/index.php\/wp-json\/wp\/v2\/posts\/5511\/revisions\/5512"}],"wp:featuredmedia":[{"embeddable":true,"href":"http:\/\/parafiaostrowsko.info\/wordpress\/index.php\/wp-json\/wp\/v2\/media\/4167"}],"wp:attachment":[{"href":"http:\/\/parafiaostrowsko.info\/wordpress\/index.php\/wp-json\/wp\/v2\/media?parent=5511"}],"wp:term":[{"taxonomy":"category","embeddable":true,"href":"http:\/\/parafiaostrowsko.info\/wordpress\/index.php\/wp-json\/wp\/v2\/categories?post=5511"},{"taxonomy":"post_tag","embeddable":true,"href":"http:\/\/parafiaostrowsko.info\/wordpress\/index.php\/wp-json\/wp\/v2\/tags?post=5511"}],"curies":[{"name":"wp","href":"https:\/\/api.w.org\/{rel}","templated":true}]}}