{"id":5767,"date":"2021-08-21T23:25:06","date_gmt":"2021-08-21T21:25:06","guid":{"rendered":"http:\/\/parafiaostrowsko.info\/wordpress\/?p=5767"},"modified":"2021-08-21T23:25:06","modified_gmt":"2021-08-21T21:25:06","slug":"ogloszenia-duszpasterskie-22-08-2021","status":"publish","type":"post","link":"http:\/\/parafiaostrowsko.info\/wordpress\/index.php\/2021\/08\/21\/ogloszenia-duszpasterskie-22-08-2021\/","title":{"rendered":"Og\u0142oszenia duszpasterskie 22.08.2021"},"content":{"rendered":"\n<p><strong>21 NIEDZIELA ZWYK\u0141A<\/strong> &#8211; <strong><u>22 sierpnia 2021roku<\/u><\/strong><\/p>\n\n\n\n<p>1. Za tydzie\u0144 na Mszy \u015bw. o 11.00 po\u015bwi\u0119cimy wie\u0144ce do\u017cynkowe: z parafii \u0141opuszna i z naszej parafii. Dzi\u0119kowa\u0107 b\u0119dziemy Bogu za zbiory i o to, by nikomu nie zabrak\u0142o chleba. A od godziny 14.00 b\u0119dzie festyn do\u017cynkowy na boisku sportowym.<\/p>\n\n\n\n<p>2. W kalendarzu liturgicznym w tym tygodniu wspominamy:<\/p>\n\n\n\n<ul><li>w wtorek &#8211; \u015bwi\u0119to \u015bw. Bart\u0142omieja Aposto\u0142a<\/li><li>w czwartek \u2013 uroczysto\u015b\u0107 NMP Cz\u0119stochowskiej<\/li><li>w pi\u0105tek \u2013 wspomnienie \u015bw. Moniki<\/li><li>w sobot\u0119 \u2013 wspomnienie \u015bw. Augustyna, biskupa i Doktora Ko\u015bcio\u0142a<\/li><\/ul>\n\n\n\n<p>3. Dzi\u0119kuj\u0119 wraz z Rad\u0105 Parafialn\u0105 wszystkim, za ofiary sk\u0142adane na inwestycje parafialne, jest to kwota 2713 z\u0142. Dobiega ko\u0144ca wyka\u0144czanie naszej nowej zakrystii. Pozostanie nam jeszcze umeblowanie.<\/p>\n\n\n\n<p>4. Podzi\u0119kowania tym, kt\u00f3rzy w tym tygodniu dbali o nasz\u0105 \u015bwi\u0105tyni\u0119. Na nowy tydzie\u0144 prosimy mieszka\u0144c\u00f3w <strong>ul. Za Potokiem: Stanis\u0142aw Wach, Ma\u0142gorzata Waksmundzka, i ul. ks. Tischnera Anna Wach.<\/strong><\/p>\n\n\n\n<p>5. W \u015brod\u0119 Nowenna do Matki Bo\u017cej Nieustaj\u0105cej Pomocy o godzinie 17.30.<\/p>\n\n\n\n<p>6. W sobot\u0119 nowenna tygodni przed <strong>beatyfikacj\u0105 S\u0142ugi Bo\u017cego kard. Stefana Wyszy\u0144skiego<\/strong> o godzinie 17.30.<\/p>\n\n\n\n<p>7. Jest nowy numer \u201eNiedzieli\u201d a dla dzieci \u201eSta\u015b\u201d na miesi\u0105c wrzesie\u0144.<\/p>\n\n\n\n<p><strong>Wszystkim \u017cyczymy dobrej niedzieli i dobrego nowego tygodnia.<\/strong><\/p>\n","protected":false},"excerpt":{"rendered":"<p>21 NIEDZIELA ZWYK\u0141A &#8211; 22 sierpnia 2021roku 1. Za tydzie\u0144 na Mszy \u015bw. o 11.00 po\u015bwi\u0119cimy wie\u0144ce do\u017cynkowe: z parafii \u0141opuszna i z naszej parafii. Dzi\u0119kowa\u0107 b\u0119dziemy Bogu za zbiory i o to, by&#46;&#46;&#46;<\/p>\n<div class='heateorSssClear'><\/div><div  class='heateor_sss_sharing_container heateor_sss_horizontal_sharing' data-heateor-sss-href='http:\/\/parafiaostrowsko.info\/wordpress\/index.php\/2021\/08\/21\/ogloszenia-duszpasterskie-22-08-2021\/'><div class='heateor_sss_sharing_title' style=\"font-weight:bold\" >Udost\u0119pnij<\/div><div class=\"heateor_sss_sharing_ul\"><a class=\"heateor_sss_facebook\" href=\"https:\/\/www.facebook.com\/sharer\/sharer.php?u=http%3A%2F%2Fparafiaostrowsko.info%2Fwordpress%2Findex.php%2F2021%2F08%2F21%2Fogloszenia-duszpasterskie-22-08-2021%2F\" title=\"Facebook\" rel=\"nofollow noopener\" target=\"_blank\" style=\"font-size:32px!important;box-shadow:none;display:inline-block;vertical-align:middle\"><span class=\"heateor_sss_svg\" style=\"background-color:#3c589a;width:35px;height:35px;border-radius:999px;display:inline-block;opacity:1;float:left;font-size:32px;box-shadow:none;display:inline-block;font-size:16px;padding:0 4px;vertical-align:middle;background-repeat:repeat;overflow:hidden;padding:0;cursor:pointer;box-sizing:content-box\"><svg style=\"display:block;border-radius:999px;\" focusable=\"false\" aria-hidden=\"true\" xmlns=\"http:\/\/www.w3.org\/2000\/svg\" width=\"100%\" height=\"100%\" viewBox=\"-5 -5 42 42\"><path d=\"M17.78 27.5V17.008h3.522l.527-4.09h-4.05v-2.61c0-1.182.33-1.99 2.023-1.99h2.166V4.66c-.375-.05-1.66-.16-3.155-.16-3.123 0-5.26 1.905-5.26 5.405v3.016h-3.53v4.09h3.53V27.5h4.223z\" fill=\"#fff\"><\/path><\/svg><\/span><\/a><a style=\"padding:7.35px 0 !important\" class=\"heateor_sss_facebook_share\"><div class=\"fb-share-button\" data-href=\"http:\/\/parafiaostrowsko.info\/wordpress\/index.php\/2021\/08\/21\/ogloszenia-duszpasterskie-22-08-2021\/\" data-layout=\"button\"><\/div><\/a><\/div><div class=\"heateorSssClear\"><\/div><\/div><div class='heateorSssClear'><\/div>","protected":false},"author":7,"featured_media":4171,"comment_status":"open","ping_status":"open","sticky":false,"template":"","format":"standard","meta":[],"categories":[18],"tags":[],"_links":{"self":[{"href":"http:\/\/parafiaostrowsko.info\/wordpress\/index.php\/wp-json\/wp\/v2\/posts\/5767"}],"collection":[{"href":"http:\/\/parafiaostrowsko.info\/wordpress\/index.php\/wp-json\/wp\/v2\/posts"}],"about":[{"href":"http:\/\/parafiaostrowsko.info\/wordpress\/index.php\/wp-json\/wp\/v2\/types\/post"}],"author":[{"embeddable":true,"href":"http:\/\/parafiaostrowsko.info\/wordpress\/index.php\/wp-json\/wp\/v2\/users\/7"}],"replies":[{"embeddable":true,"href":"http:\/\/parafiaostrowsko.info\/wordpress\/index.php\/wp-json\/wp\/v2\/comments?post=5767"}],"version-history":[{"count":1,"href":"http:\/\/parafiaostrowsko.info\/wordpress\/index.php\/wp-json\/wp\/v2\/posts\/5767\/revisions"}],"predecessor-version":[{"id":5768,"href":"http:\/\/parafiaostrowsko.info\/wordpress\/index.php\/wp-json\/wp\/v2\/posts\/5767\/revisions\/5768"}],"wp:featuredmedia":[{"embeddable":true,"href":"http:\/\/parafiaostrowsko.info\/wordpress\/index.php\/wp-json\/wp\/v2\/media\/4171"}],"wp:attachment":[{"href":"http:\/\/parafiaostrowsko.info\/wordpress\/index.php\/wp-json\/wp\/v2\/media?parent=5767"}],"wp:term":[{"taxonomy":"category","embeddable":true,"href":"http:\/\/parafiaostrowsko.info\/wordpress\/index.php\/wp-json\/wp\/v2\/categories?post=5767"},{"taxonomy":"post_tag","embeddable":true,"href":"http:\/\/parafiaostrowsko.info\/wordpress\/index.php\/wp-json\/wp\/v2\/tags?post=5767"}],"curies":[{"name":"wp","href":"https:\/\/api.w.org\/{rel}","templated":true}]}}