{"id":5769,"date":"2021-08-29T06:46:05","date_gmt":"2021-08-29T04:46:05","guid":{"rendered":"http:\/\/parafiaostrowsko.info\/wordpress\/?p=5769"},"modified":"2021-08-29T06:46:06","modified_gmt":"2021-08-29T04:46:06","slug":"intencje-mszalne-30-08-05-09-2021","status":"publish","type":"post","link":"http:\/\/parafiaostrowsko.info\/wordpress\/index.php\/2021\/08\/29\/intencje-mszalne-30-08-05-09-2021\/","title":{"rendered":"Intencje mszalne 30.08.-05.09.2021"},"content":{"rendered":"\n<p><\/p>\n\n\n\n<p><strong><u>poniedzia\u0142ek \u2013 30 sierpnia 2021<\/u><\/strong><\/p>\n\n\n\n<p><strong>18.00 <\/strong>\u00a0<strong>\u015bp. Stefan FATLA<\/strong> 9 rocz. \u015bm.<strong>, \u015bp. Stanis\u0142aw i Maria FATLA,<br>\u00a0\u00a0\u00a0\u00a0\u00a0\u00a0\u00a0\u00a0\u00a0\u00a0\u00a0\u00a0 \u015bp. Anna <\/strong>c\u00f3rka,<strong> \u015bp. Eugeniusz <\/strong>syn<strong> i zmarli z rodziny FATL\u00d3W<\/strong><br><\/p>\n\n\n\n<p><strong><u>wtorek \u2013 31 sierpnia 2021<\/u><\/strong><\/p>\n\n\n\n<p><strong>7.00<\/strong> \u00a0<strong>\u00a0\u015bp. Piotr DOMALIK<\/strong> \u2013 od Andrzeja Domalika z rodzin\u0105<br><\/p>\n\n\n\n<p><strong><u>\u015broda \u2013 1 wrze\u015bnia 2021<\/u><\/strong><\/p>\n\n\n\n<p><strong>&nbsp; 8.00<\/strong>&nbsp; &nbsp;W intencji dzieci i m\u0142odzie\u017cy rozpoczynaj\u0105cych rok szkolny<br><strong>18.00<\/strong>&nbsp; &nbsp;ks. Stanis\u0142aw: <strong>\u015bp. <\/strong>Andrzej TRUTY &#8211; od rodziny Ambro\u017c<br><strong>18.00 &nbsp;<\/strong>&nbsp;<strong>\u015bp. Jan SUCHECKI <\/strong>\u2013 od wnuka Tomka z \u017con\u0105<br><br><\/p>\n\n\n\n<p><strong><u>czwartek \u2013 2 wrze\u015bnia 2021<\/u><\/strong><\/p>\n\n\n\n<h1>7.00&nbsp;&nbsp; &nbsp;ks. Stanis\u0142aw: \u015bp. Piotr DOMALIK &#8211; od Waksmundzkich z ul. Gorcza\u0144skiej<br>7.00 &nbsp;&nbsp;\u015bp. Stefania i J\u00f3zef SIEDLARCZYK<br><br><\/h1>\n\n\n\n<p><strong><u>pi\u0105tek \u2013 3 wrze\u015bnia 2021<\/u><\/strong><\/p>\n\n\n\n<p><strong>&nbsp; 7.00<\/strong>&nbsp;&nbsp;&nbsp; ks. Stanis\u0142aw: <strong>\u015bp. <\/strong><strong>Maria TWAR\u00d3G<br><\/strong><strong>18.00<\/strong>&nbsp;&nbsp; <strong>\u015bp. Jan SUCHECKI <\/strong>\u2013 od wnuk\u00f3w: Ani i Micha\u0142a<br><br><\/p>\n\n\n\n<p><strong><u>sobota \u2013 4 wrze\u015bnia 2021<\/u><\/strong><\/p>\n\n\n\n<h1>18.00 &nbsp;&nbsp;&nbsp;ks. Stanis\u0142aw: \u015bp. Jadwiga SZUMAL 2 rocz. \u015bm.<\/h1>\n\n\n\n<p><strong>18.00<\/strong>&nbsp;&nbsp;&nbsp; <strong>\u015bp. Franciszek \u017bEGLE\u0143<\/strong> 30 rocz. \u015bm. \u2013 od c\u00f3rki Zofii<br><br><\/p>\n\n\n\n<p><strong><u>Niedziela \u2013 5 wrze\u015bnia 2021<\/u><\/strong><\/p>\n\n\n\n<p><strong>8.oo<\/strong> &nbsp;&nbsp;&nbsp;ks. Stanis\u0142aw: <strong>\u015bp. <\/strong><strong>Helena BYRDAK, Stanis\u0142aw <\/strong>m\u0105\u017c<\/p>\n\n\n\n<p><strong>8.00<\/strong> &nbsp;Dzi\u0119kczynna z pro\u015bb\u0105 o B\u0142ogos\u0142awie\u0144stwo Bo\u017ce i zdrowie dla Wioletty i Piotra w 19 rocz. \u015blubu<\/p>\n\n\n\n<p><strong>11.00<\/strong>&nbsp; &nbsp;&nbsp;<strong>Za Parafian<\/strong><\/p>\n","protected":false},"excerpt":{"rendered":"<p>poniedzia\u0142ek \u2013 30 sierpnia 2021 18.00 \u00a0\u015bp. Stefan FATLA 9 rocz. \u015bm., \u015bp. Stanis\u0142aw i Maria FATLA,\u00a0\u00a0\u00a0\u00a0\u00a0\u00a0\u00a0\u00a0\u00a0\u00a0\u00a0\u00a0 \u015bp. Anna c\u00f3rka, \u015bp. Eugeniusz syn i zmarli z rodziny FATL\u00d3W wtorek \u2013 31 sierpnia 2021 7.00&#46;&#46;&#46;<\/p>\n<div class='heateorSssClear'><\/div><div  class='heateor_sss_sharing_container heateor_sss_horizontal_sharing' data-heateor-sss-href='http:\/\/parafiaostrowsko.info\/wordpress\/index.php\/2021\/08\/29\/intencje-mszalne-30-08-05-09-2021\/'><div class='heateor_sss_sharing_title' style=\"font-weight:bold\" >Udost\u0119pnij<\/div><div class=\"heateor_sss_sharing_ul\"><a class=\"heateor_sss_facebook\" href=\"https:\/\/www.facebook.com\/sharer\/sharer.php?u=http%3A%2F%2Fparafiaostrowsko.info%2Fwordpress%2Findex.php%2F2021%2F08%2F29%2Fintencje-mszalne-30-08-05-09-2021%2F\" title=\"Facebook\" rel=\"nofollow noopener\" target=\"_blank\" style=\"font-size:32px!important;box-shadow:none;display:inline-block;vertical-align:middle\"><span class=\"heateor_sss_svg\" style=\"background-color:#3c589a;width:35px;height:35px;border-radius:999px;display:inline-block;opacity:1;float:left;font-size:32px;box-shadow:none;display:inline-block;font-size:16px;padding:0 4px;vertical-align:middle;background-repeat:repeat;overflow:hidden;padding:0;cursor:pointer;box-sizing:content-box\"><svg style=\"display:block;border-radius:999px;\" focusable=\"false\" aria-hidden=\"true\" xmlns=\"http:\/\/www.w3.org\/2000\/svg\" width=\"100%\" height=\"100%\" viewBox=\"-5 -5 42 42\"><path d=\"M17.78 27.5V17.008h3.522l.527-4.09h-4.05v-2.61c0-1.182.33-1.99 2.023-1.99h2.166V4.66c-.375-.05-1.66-.16-3.155-.16-3.123 0-5.26 1.905-5.26 5.405v3.016h-3.53v4.09h3.53V27.5h4.223z\" fill=\"#fff\"><\/path><\/svg><\/span><\/a><a style=\"padding:7.35px 0 !important\" class=\"heateor_sss_facebook_share\"><div class=\"fb-share-button\" data-href=\"http:\/\/parafiaostrowsko.info\/wordpress\/index.php\/2021\/08\/29\/intencje-mszalne-30-08-05-09-2021\/\" data-layout=\"button\"><\/div><\/a><\/div><div class=\"heateorSssClear\"><\/div><\/div><div class='heateorSssClear'><\/div>","protected":false},"author":7,"featured_media":4167,"comment_status":"open","ping_status":"open","sticky":false,"template":"","format":"standard","meta":[],"categories":[17],"tags":[],"_links":{"self":[{"href":"http:\/\/parafiaostrowsko.info\/wordpress\/index.php\/wp-json\/wp\/v2\/posts\/5769"}],"collection":[{"href":"http:\/\/parafiaostrowsko.info\/wordpress\/index.php\/wp-json\/wp\/v2\/posts"}],"about":[{"href":"http:\/\/parafiaostrowsko.info\/wordpress\/index.php\/wp-json\/wp\/v2\/types\/post"}],"author":[{"embeddable":true,"href":"http:\/\/parafiaostrowsko.info\/wordpress\/index.php\/wp-json\/wp\/v2\/users\/7"}],"replies":[{"embeddable":true,"href":"http:\/\/parafiaostrowsko.info\/wordpress\/index.php\/wp-json\/wp\/v2\/comments?post=5769"}],"version-history":[{"count":1,"href":"http:\/\/parafiaostrowsko.info\/wordpress\/index.php\/wp-json\/wp\/v2\/posts\/5769\/revisions"}],"predecessor-version":[{"id":5770,"href":"http:\/\/parafiaostrowsko.info\/wordpress\/index.php\/wp-json\/wp\/v2\/posts\/5769\/revisions\/5770"}],"wp:featuredmedia":[{"embeddable":true,"href":"http:\/\/parafiaostrowsko.info\/wordpress\/index.php\/wp-json\/wp\/v2\/media\/4167"}],"wp:attachment":[{"href":"http:\/\/parafiaostrowsko.info\/wordpress\/index.php\/wp-json\/wp\/v2\/media?parent=5769"}],"wp:term":[{"taxonomy":"category","embeddable":true,"href":"http:\/\/parafiaostrowsko.info\/wordpress\/index.php\/wp-json\/wp\/v2\/categories?post=5769"},{"taxonomy":"post_tag","embeddable":true,"href":"http:\/\/parafiaostrowsko.info\/wordpress\/index.php\/wp-json\/wp\/v2\/tags?post=5769"}],"curies":[{"name":"wp","href":"https:\/\/api.w.org\/{rel}","templated":true}]}}