{"id":5788,"date":"2021-09-12T12:30:04","date_gmt":"2021-09-12T10:30:04","guid":{"rendered":"http:\/\/parafiaostrowsko.info\/wordpress\/?p=5788"},"modified":"2021-09-12T12:30:04","modified_gmt":"2021-09-12T10:30:04","slug":"ogloszenia-duszpasterskie-12-09-2021","status":"publish","type":"post","link":"http:\/\/parafiaostrowsko.info\/wordpress\/index.php\/2021\/09\/12\/ogloszenia-duszpasterskie-12-09-2021\/","title":{"rendered":"Og\u0142oszenia duszpasterskie 12.09.2021"},"content":{"rendered":"\n<p><strong>24 Niedziela zwyk\u0142a \u2013 12 wrze\u015bnia 2021 roku<\/strong><\/p>\n\n\n\n<p>1. Dzisiaj w Warszawie odb\u0119dzie si\u0119 beatyfikacja s\u0142ugi Bo\u017cego kard. Stefana Wyszy\u0144skiego i Matki R\u00f3\u017cy Czackiej. Transmisja w telewizji o godzinie 12.00. R\u00f3wnie\u017c dzisiaj rozpoczyna Tydzie\u0144 Wychowania pod has\u0142em \u201eW blasku Ojcostwa\u201d. W ubieg\u0142\u0105 niedziel\u0119 do puszki na pomoc dla Afganistanu zebrali\u015bmy kwot\u0119 632 z\u0142.<\/p>\n\n\n\n<p>2. <strong>Kalendarz liturgiczny<\/strong><\/p>\n\n\n\n<p><strong>poniedzia\u0142ek<\/strong> \u2013 wspomnienie \u015bw. Jana Chryzostoma bpa i doktora Ko\u015bcio\u0142a<\/p>\n\n\n\n<p><strong>wtorek<\/strong> \u2013 \u015bwi\u0119to Podwy\u017cszenia Krzy\u017ca \u015awi\u0119tego<\/p>\n\n\n\n<p><strong>\u015broda<\/strong> \u2013 wspomnienie Naj\u015bwi\u0119tszej Maryi Panny Bolesnej<\/p>\n\n\n\n<p><strong>czwartek<\/strong> \u2013 wspomnienie \u015bw. m\u0119czennik\u00f3w Korneliusza, papie\u017ca i Cypriana biskupa<\/p>\n\n\n\n<p><strong>sobota <\/strong>\u2013 \u015bwi\u0119to \u015bw. Stanis\u0142awa kostki, zakonnika. <strong>Jest to dzie\u0144 imienin ks. Stanis\u0142awa,<\/strong> \u017cyczymy Mu Bo\u017cego B\u0142ogos\u0142awie\u0144stwa i opieki \u015bw. Patrona.<\/p>\n\n\n\n<p>3. <strong>W \u015brod\u0119<\/strong> Nowenna do Matki Bo\u017cej Nieustaj\u0105cej Pomocy o godzinie 17.30.<\/p>\n\n\n\n<p>4. <strong>W pi\u0105tek <\/strong>o godzinie 17.30 nabo\u017ce\u0144stwo do mi\u0142osierdzia Bo\u017cego. Po Mszy \u015bw. <strong>spotkanie rodzic\u00f3w <\/strong>dzieci z klasy III, kt\u00f3re maj\u0105 w tym roku szkolnym przyst\u0105pi\u0107 do I Komunii \u015bw.<\/p>\n\n\n\n<p>5. Zbli\u017ca si\u0119 Odpust Parafialny. Wa\u017cny dzie\u0144 dla naszej wsp\u00f3lnoty. Za tydzie\u0144 w niedziel\u0119 po<strong> Mszy \u015bw. o 11.00 b\u0119dzie spotkanie dla Lektor\u00f3w i Ministrant\u00f3w, by przygotowa\u0107 nasz\u0105 liturgi\u0119. Obecno\u015b\u0107 obowi\u0105zkowa.<\/strong><\/p>\n\n\n\n<p>6. Za tydzie\u0144 sk\u0142adka inwestycyjna. W minionym tygodniu wykonane zosta\u0142y prace na dachu ko\u015bcio\u0142a: za\u0142o\u017cono \u015bniego\u0142apy, poprawiono i wymieniono rynny, uszczelniono przecieki oraz za\u0142o\u017cono \u0142apacze. Prace na wysi\u0119gniku wraz z materia\u0142em wynios\u0142y 13 300 z\u0142.<\/p>\n\n\n\n<p>Dzi\u0119kuj\u0119 tym, kt\u00f3rzy w tym tygodniu dbali o nasz\u0105 \u015bwi\u0105tyni\u0119 i z\u0142o\u017cyli ofiar\u0119 na kwiaty. Na nowy tydzie\u0144 prosimy mieszka\u0144c\u00f3w <strong>z ul. Jana Paw\u0142a II: W\u0142adys\u0142aw \u0141yszczarz, Katarzyna Byrdak, Ma\u0142gorzata Nowicka.<\/strong><\/p>\n\n\n\n<p>7. Jest nowy numer \u201eNiedzieli\u201d i \u201eMisyjne Drogi\u201d.<\/p>\n\n\n\n<p><strong>Og\u0142oszenia o kt\u00f3re proszono:<br><\/strong>Zebranie wiejskie zosta\u0142o prze\u0142o\u017cone i odb\u0119dzie si\u0119 w \u015brod\u0119 15 wrze\u015bnia 2021 o godz. 18.00 w Nowej Remizie. Tematem zebrania b\u0119dzie Fundusz so\u0142ecki na 2022r. oraz sprawy bie\u017c\u0105ce wsi. So\u0142tys \u2013 za zmiany przepraszamy.<\/p>\n\n\n\n<p><strong>Zarz\u0105d Sp\u00f3\u0142ki Wodnej<\/strong> informuje, \u017ce w czwartek <strong>16 wrze\u015bnia, <\/strong>ze wzgl\u0119du na czyszczenie zbiornika nie b\u0119dzie wody w kranach. Prosimy o przygotowanie zapas\u00f3w wcze\u015bniej. Za utrudnienia przepraszamy.<\/p>\n","protected":false},"excerpt":{"rendered":"<p>24 Niedziela zwyk\u0142a \u2013 12 wrze\u015bnia 2021 roku 1. Dzisiaj w Warszawie odb\u0119dzie si\u0119 beatyfikacja s\u0142ugi Bo\u017cego kard. Stefana Wyszy\u0144skiego i Matki R\u00f3\u017cy Czackiej. Transmisja w telewizji o godzinie 12.00. R\u00f3wnie\u017c dzisiaj rozpoczyna Tydzie\u0144&#46;&#46;&#46;<\/p>\n<div class='heateorSssClear'><\/div><div  class='heateor_sss_sharing_container heateor_sss_horizontal_sharing' data-heateor-sss-href='http:\/\/parafiaostrowsko.info\/wordpress\/index.php\/2021\/09\/12\/ogloszenia-duszpasterskie-12-09-2021\/'><div class='heateor_sss_sharing_title' style=\"font-weight:bold\" >Udost\u0119pnij<\/div><div class=\"heateor_sss_sharing_ul\"><a class=\"heateor_sss_facebook\" href=\"https:\/\/www.facebook.com\/sharer\/sharer.php?u=http%3A%2F%2Fparafiaostrowsko.info%2Fwordpress%2Findex.php%2F2021%2F09%2F12%2Fogloszenia-duszpasterskie-12-09-2021%2F\" title=\"Facebook\" rel=\"nofollow noopener\" target=\"_blank\" style=\"font-size:32px!important;box-shadow:none;display:inline-block;vertical-align:middle\"><span class=\"heateor_sss_svg\" style=\"background-color:#3c589a;width:35px;height:35px;border-radius:999px;display:inline-block;opacity:1;float:left;font-size:32px;box-shadow:none;display:inline-block;font-size:16px;padding:0 4px;vertical-align:middle;background-repeat:repeat;overflow:hidden;padding:0;cursor:pointer;box-sizing:content-box\"><svg style=\"display:block;border-radius:999px;\" focusable=\"false\" aria-hidden=\"true\" xmlns=\"http:\/\/www.w3.org\/2000\/svg\" width=\"100%\" height=\"100%\" viewBox=\"-5 -5 42 42\"><path d=\"M17.78 27.5V17.008h3.522l.527-4.09h-4.05v-2.61c0-1.182.33-1.99 2.023-1.99h2.166V4.66c-.375-.05-1.66-.16-3.155-.16-3.123 0-5.26 1.905-5.26 5.405v3.016h-3.53v4.09h3.53V27.5h4.223z\" fill=\"#fff\"><\/path><\/svg><\/span><\/a><a style=\"padding:7.35px 0 !important\" class=\"heateor_sss_facebook_share\"><div class=\"fb-share-button\" data-href=\"http:\/\/parafiaostrowsko.info\/wordpress\/index.php\/2021\/09\/12\/ogloszenia-duszpasterskie-12-09-2021\/\" data-layout=\"button\"><\/div><\/a><\/div><div class=\"heateorSssClear\"><\/div><\/div><div class='heateorSssClear'><\/div>","protected":false},"author":7,"featured_media":4171,"comment_status":"open","ping_status":"open","sticky":false,"template":"","format":"standard","meta":[],"categories":[18],"tags":[],"_links":{"self":[{"href":"http:\/\/parafiaostrowsko.info\/wordpress\/index.php\/wp-json\/wp\/v2\/posts\/5788"}],"collection":[{"href":"http:\/\/parafiaostrowsko.info\/wordpress\/index.php\/wp-json\/wp\/v2\/posts"}],"about":[{"href":"http:\/\/parafiaostrowsko.info\/wordpress\/index.php\/wp-json\/wp\/v2\/types\/post"}],"author":[{"embeddable":true,"href":"http:\/\/parafiaostrowsko.info\/wordpress\/index.php\/wp-json\/wp\/v2\/users\/7"}],"replies":[{"embeddable":true,"href":"http:\/\/parafiaostrowsko.info\/wordpress\/index.php\/wp-json\/wp\/v2\/comments?post=5788"}],"version-history":[{"count":1,"href":"http:\/\/parafiaostrowsko.info\/wordpress\/index.php\/wp-json\/wp\/v2\/posts\/5788\/revisions"}],"predecessor-version":[{"id":5789,"href":"http:\/\/parafiaostrowsko.info\/wordpress\/index.php\/wp-json\/wp\/v2\/posts\/5788\/revisions\/5789"}],"wp:featuredmedia":[{"embeddable":true,"href":"http:\/\/parafiaostrowsko.info\/wordpress\/index.php\/wp-json\/wp\/v2\/media\/4171"}],"wp:attachment":[{"href":"http:\/\/parafiaostrowsko.info\/wordpress\/index.php\/wp-json\/wp\/v2\/media?parent=5788"}],"wp:term":[{"taxonomy":"category","embeddable":true,"href":"http:\/\/parafiaostrowsko.info\/wordpress\/index.php\/wp-json\/wp\/v2\/categories?post=5788"},{"taxonomy":"post_tag","embeddable":true,"href":"http:\/\/parafiaostrowsko.info\/wordpress\/index.php\/wp-json\/wp\/v2\/tags?post=5788"}],"curies":[{"name":"wp","href":"https:\/\/api.w.org\/{rel}","templated":true}]}}