{"id":5792,"date":"2021-09-17T23:24:26","date_gmt":"2021-09-17T21:24:26","guid":{"rendered":"http:\/\/parafiaostrowsko.info\/wordpress\/?p=5792"},"modified":"2021-09-17T23:25:37","modified_gmt":"2021-09-17T21:25:37","slug":"intencje-mszalne-20-09-26-09-2021","status":"publish","type":"post","link":"http:\/\/parafiaostrowsko.info\/wordpress\/index.php\/2021\/09\/17\/intencje-mszalne-20-09-26-09-2021\/","title":{"rendered":"Intencje mszalne 20.09.-26.09.2021"},"content":{"rendered":"\n<p><strong>poniedzia\u0142ek \u2013 20 wrze\u015bnia 2021<\/strong><\/p>\n\n\n\n<p>18.00 &nbsp;ks. Stanis\u0142aw: \u015bp. Franciszek, Stefania, Stanis\u0142aw i Lucjan SZUMAL<br>18.00&nbsp; &nbsp;&nbsp;\u015bp. Franciszek \u017bEGLE\u0143 30 rocz. \u015bm. &#8211; od syna<br><br><\/p>\n\n\n\n<p><strong>wtorek \u2013 21 sierpnia 2021<\/strong><\/p>\n\n\n\n<p>7.00 &nbsp;&nbsp;ks. Stanis\u0142aw: \u015bp. Ewa PRZYBOCKA &#8211; od Krystyny Matyjczyk z rodzin\u0105<br>7.00&nbsp;&nbsp; \u015bp. Wiktoria LUBERDA 34 rocz. \u015bm. \u2013 od c\u00f3rki z rodzin\u0105<br><br><\/p>\n\n\n\n<p><strong>\u015broda \u2013 22 wrze\u015bnia 2021<\/strong><\/p>\n\n\n\n<p>18.00&nbsp; &nbsp;ks. Stanis\u0142aw: \u015bp. Kazimierz PROSZEK &#8211; od Zofii, Krzysztofa Durka<br>18.00 &nbsp;&nbsp;\u015bp. Antoni PRZYBOCKI 38 rocz. \u015bm. \u015bp. Wiktoria \u017cona<br><br><\/p>\n\n\n\n<p><strong>czwartek \u2013 23 wrze\u015bnia 2021<\/strong><\/p>\n\n\n\n<p>7.00&nbsp;&nbsp; &nbsp;ks. Stanis\u0142aw: \u015bp. Krystyna FUK\u015a &#8211; od chrze\u015bniaka Czes\u0142awa z \u017con\u0105<br>7.00 &nbsp;&nbsp;\u015bp. Eleonora Ludzia \u015bp. Franciszek m\u0105\u017c<br><br><\/p>\n\n\n\n<p><strong>pi\u0105tek \u2013 24 wrze\u015bnia 2021<\/strong><\/p>\n\n\n\n<p>18.00&nbsp;&nbsp;&nbsp; ks. Stanis\u0142aw: \u015bp. Anna i Andrzej HAR\u0118ZA<br>18.00&nbsp;&nbsp;&nbsp; \u015bp. Aniela KOLASA 22 rocz. \u015bm. i zmarli rodzice<br><br><\/p>\n\n\n\n<p><strong>sobota \u2013 25 wrze\u015bnia 2021<\/strong><\/p>\n\n\n\n<p>18.00 &nbsp;&nbsp;&nbsp;ks. Stanis\u0142aw: \u015bp. Franciszek \u017bEGLE\u0143, Anna i Ferdynand GRO\u0143SCY<\/p>\n\n\n\n<p>18.00&nbsp;&nbsp;&nbsp; \u015bp. Jan SUCHECKI \u2013 od mieszka\u0144c\u00f3w Ostrowska<br><br><\/p>\n\n\n\n<p><strong>Niedziela \u2013 26 wrze\u015bnia 2021 &#8211; ODPUST KU CZCI \u015aW. MICHA\u0141A ARCHANIO\u0141A<\/strong><\/p>\n\n\n\n<p>8.oo &nbsp;&nbsp;&nbsp;&nbsp;ks. Stanis\u0142aw: &nbsp;W intencji Panu Bogu wiadomej<br>8.00 &nbsp;&nbsp;&nbsp;W intencji Panu Bogu wiadomej<br>11.00 &nbsp;&nbsp;Za Parafian<\/p>\n","protected":false},"excerpt":{"rendered":"<p>poniedzia\u0142ek \u2013 20 wrze\u015bnia 2021 18.00 &nbsp;ks. Stanis\u0142aw: \u015bp. Franciszek, Stefania, Stanis\u0142aw i Lucjan SZUMAL18.00&nbsp; &nbsp;&nbsp;\u015bp. Franciszek \u017bEGLE\u0143 30 rocz. \u015bm. &#8211; od syna wtorek \u2013 21 sierpnia 2021 7.00 &nbsp;&nbsp;ks. Stanis\u0142aw: \u015bp. Ewa&#46;&#46;&#46;<\/p>\n<div class='heateorSssClear'><\/div><div  class='heateor_sss_sharing_container heateor_sss_horizontal_sharing' data-heateor-sss-href='http:\/\/parafiaostrowsko.info\/wordpress\/index.php\/2021\/09\/17\/intencje-mszalne-20-09-26-09-2021\/'><div class='heateor_sss_sharing_title' style=\"font-weight:bold\" >Udost\u0119pnij<\/div><div class=\"heateor_sss_sharing_ul\"><a class=\"heateor_sss_facebook\" href=\"https:\/\/www.facebook.com\/sharer\/sharer.php?u=http%3A%2F%2Fparafiaostrowsko.info%2Fwordpress%2Findex.php%2F2021%2F09%2F17%2Fintencje-mszalne-20-09-26-09-2021%2F\" title=\"Facebook\" rel=\"nofollow noopener\" target=\"_blank\" style=\"font-size:32px!important;box-shadow:none;display:inline-block;vertical-align:middle\"><span class=\"heateor_sss_svg\" style=\"background-color:#3c589a;width:35px;height:35px;border-radius:999px;display:inline-block;opacity:1;float:left;font-size:32px;box-shadow:none;display:inline-block;font-size:16px;padding:0 4px;vertical-align:middle;background-repeat:repeat;overflow:hidden;padding:0;cursor:pointer;box-sizing:content-box\"><svg style=\"display:block;border-radius:999px;\" focusable=\"false\" aria-hidden=\"true\" xmlns=\"http:\/\/www.w3.org\/2000\/svg\" width=\"100%\" height=\"100%\" viewBox=\"-5 -5 42 42\"><path d=\"M17.78 27.5V17.008h3.522l.527-4.09h-4.05v-2.61c0-1.182.33-1.99 2.023-1.99h2.166V4.66c-.375-.05-1.66-.16-3.155-.16-3.123 0-5.26 1.905-5.26 5.405v3.016h-3.53v4.09h3.53V27.5h4.223z\" fill=\"#fff\"><\/path><\/svg><\/span><\/a><a style=\"padding:7.35px 0 !important\" class=\"heateor_sss_facebook_share\"><div class=\"fb-share-button\" data-href=\"http:\/\/parafiaostrowsko.info\/wordpress\/index.php\/2021\/09\/17\/intencje-mszalne-20-09-26-09-2021\/\" data-layout=\"button\"><\/div><\/a><\/div><div class=\"heateorSssClear\"><\/div><\/div><div class='heateorSssClear'><\/div>","protected":false},"author":7,"featured_media":4167,"comment_status":"open","ping_status":"open","sticky":false,"template":"","format":"standard","meta":[],"categories":[17],"tags":[],"_links":{"self":[{"href":"http:\/\/parafiaostrowsko.info\/wordpress\/index.php\/wp-json\/wp\/v2\/posts\/5792"}],"collection":[{"href":"http:\/\/parafiaostrowsko.info\/wordpress\/index.php\/wp-json\/wp\/v2\/posts"}],"about":[{"href":"http:\/\/parafiaostrowsko.info\/wordpress\/index.php\/wp-json\/wp\/v2\/types\/post"}],"author":[{"embeddable":true,"href":"http:\/\/parafiaostrowsko.info\/wordpress\/index.php\/wp-json\/wp\/v2\/users\/7"}],"replies":[{"embeddable":true,"href":"http:\/\/parafiaostrowsko.info\/wordpress\/index.php\/wp-json\/wp\/v2\/comments?post=5792"}],"version-history":[{"count":2,"href":"http:\/\/parafiaostrowsko.info\/wordpress\/index.php\/wp-json\/wp\/v2\/posts\/5792\/revisions"}],"predecessor-version":[{"id":5794,"href":"http:\/\/parafiaostrowsko.info\/wordpress\/index.php\/wp-json\/wp\/v2\/posts\/5792\/revisions\/5794"}],"wp:featuredmedia":[{"embeddable":true,"href":"http:\/\/parafiaostrowsko.info\/wordpress\/index.php\/wp-json\/wp\/v2\/media\/4167"}],"wp:attachment":[{"href":"http:\/\/parafiaostrowsko.info\/wordpress\/index.php\/wp-json\/wp\/v2\/media?parent=5792"}],"wp:term":[{"taxonomy":"category","embeddable":true,"href":"http:\/\/parafiaostrowsko.info\/wordpress\/index.php\/wp-json\/wp\/v2\/categories?post=5792"},{"taxonomy":"post_tag","embeddable":true,"href":"http:\/\/parafiaostrowsko.info\/wordpress\/index.php\/wp-json\/wp\/v2\/tags?post=5792"}],"curies":[{"name":"wp","href":"https:\/\/api.w.org\/{rel}","templated":true}]}}