{"id":5799,"date":"2021-09-26T11:54:00","date_gmt":"2021-09-26T09:54:00","guid":{"rendered":"http:\/\/parafiaostrowsko.info\/wordpress\/?p=5799"},"modified":"2021-09-25T22:59:59","modified_gmt":"2021-09-25T20:59:59","slug":"ogloszenia-duszpasterskie-26-09-2021","status":"publish","type":"post","link":"http:\/\/parafiaostrowsko.info\/wordpress\/index.php\/2021\/09\/26\/ogloszenia-duszpasterskie-26-09-2021\/","title":{"rendered":"Og\u0142oszenia duszpasterskie 26.09.2021"},"content":{"rendered":"\n<p class=\"has-text-align-center\"><strong>26 Niedziela zwyk\u0142a \u2013 26 wrze\u015bnia 2021 roku<br>UROCZYSTO\u015a\u0106 ODPUSTOWA<\/strong><\/p>\n\n\n\n<p>1. <strong>Kalendarz liturgiczny<\/strong><\/p>\n\n\n\n<p><strong>poniedzia\u0142ek<\/strong> \u2013 wspomnienie \u015bw. Wincentego a Paulo, prezbitera<\/p>\n\n\n\n<p><strong>wtorek<\/strong> \u2013 wspomnienie \u015bw. Wac\u0142awa, m\u0119czennika<\/p>\n\n\n\n<p><strong>\u015broda<\/strong> \u2013 uroczysto\u015b\u0107 \u015bwi\u0119tych Archanio\u0142\u00f3w: Micha\u0142a Rafa\u0142a i Gabriela<\/p>\n\n\n\n<p><strong>czwartek<\/strong> \u2013 wspomnienie \u015bw. Hieronima, prezbitera i doktora Ko\u015bcio\u0142a<\/p>\n\n\n\n<p><strong>pi\u0105tek<\/strong> \u2013 wspomnienie \u015bw. Teresy od Dzieci\u0105tka Jezus, dziewicy i doktora Ko\u015bcio\u0142a<\/p>\n\n\n\n<p><strong>sobota <\/strong>\u2013 wspomnienie \u015bwi\u0119tych Anio\u0142\u00f3w Str\u00f3\u017c\u00f3w<\/p>\n\n\n\n<p>2. Dzisiaj obchodzimy <strong>Diecezjalny Dzie\u0144 Modlitwy za M\u0142odzie\u017c.<\/strong> Modlimy si\u0119 za m\u0142odych naszej parafii i diecezji oraz pracuj\u0105cych z nimi duszpasterzy. Po Mszy \u015bw. b\u0119dzie tak\u017ce mo\u017cliwo\u015b\u0107 <strong>z\u0142o\u017cenia ofiary do puszki u ministrant\u00f3w<\/strong>, kt\u00f3ra poznaczona zostanie na inicjatywy podejmowane dla m\u0142odzie\u017cy w naszej parafii i dekanacie. Prosz\u0119 zabra\u0107 ma\u0142y obrazek z modlitw\u0105 za m\u0142odzie\u017c.<\/p>\n\n\n\n<p>3.<strong> W \u015brod\u0119<\/strong> <strong>\u015bwi\u0119to \u015bw. Archanio\u0142\u00f3w<\/strong>. <strong>Msze \u015bwi\u0119te b\u0119d\u0105 o godzinie 7.00 i 18.00<\/strong>. &nbsp;Nowenna do Matki Bo\u017cej Nieustaj\u0105cej Pomocy i \u015bw. Micha\u0142a Archanio\u0142a o godzinie 17.30.<\/p>\n\n\n\n<p>4. <strong>W pi\u0105tek \u2013 1 pa\u017adziernika &#8211; pocz\u0105tek nabo\u017ce\u0144stw r\u00f3\u017ca\u0144cowych.<\/strong> Msze \u015bw. o 7.00 i 18.00. Spowied\u017a rano i wieczorem od godziny 17.00. <strong>R\u00f3\u017caniec b\u0119dzie w tygodniu o 17.30 a w niedziel\u0119 naprzemiennie po Mszach \u015bw.<\/strong> <strong>Za tydzie\u0144 b\u0119dzie po Sumie.<\/strong> Dzieci codziennie b\u0119d\u0105 otrzymywa\u0107 listy od Matki Bo\u017cej gromadz\u0105c je w specjalnej kopercie. Odwiedziny chorych w pi\u0105tek od godziny 8.30. Prosz\u0119 chorych zg\u0142asza\u0107 w zakrystii do czwartku.<\/p>\n\n\n\n<p>5. <strong>W niedziel\u0119 <\/strong>na Mszy \u015bw. o godzinie 11.00 po\u015bwi\u0119cimy r\u00f3\u017ca\u0144ce dzieciom przygotowuj\u0105cym si\u0119 do I Komunii \u015bw. Po Sumie zmiana tajemnic R\u00f3\u017ca\u0144ca \u015bwi\u0119tego.<\/p>\n\n\n\n<p>6. B\u00f3g zap\u0142a\u0107 wszystkim, kt\u00f3rzy przygotowali i upi\u0119kszyli nasz\u0105 \u015bwi\u0105tyni\u0119 na dzisiejsze \u015bwi\u0119to i z\u0142o\u017cyli ofiary na fundusz kwiatowy. Na nast\u0119pny tydzie\u0144 prosimy mieszka\u0144c\u00f3w z <strong>ul. Polnej: Iwona Moczarna, Anna Le\u015bnicka, Agnieszka Wida.<\/strong><\/p>\n\n\n\n<p>7. Jest nowy numer \u201eNiedzieli\u201d i dla dzieci \u201eSta\u015b\u201d na pa\u017adziernik.<\/p>\n\n\n\n<p><strong>Zmar\u0142a \u015bp. Stanis\u0142awa Kowalczyk,<\/strong> jej pogrzeb odb\u0119dzie si\u0119 <strong>w poniedzia\u0142ek o godzinie 13.00. <\/strong>Polecajmy j\u0105 Bo\u017cemu Mi\u0142osierdziu.<\/p>\n\n\n\n<p><strong>Podzi\u0119kowania:<\/strong><br>S\u0142owa wdzi\u0119czno\u015bci dla Wszystkich Parafian za pi\u0119kn\u0105 uroczysto\u015b\u0107 odpustow\u0105 ku czci \u015bw. Micha\u0142a Archanio\u0142a. Wszystkim grupom parafialnym: OSP, Odzia\u0142 Zwi\u0105zku Podhalan, Radzie So\u0142eckiej, Ko\u0142u Gospody\u0144 Wiejskich, Kapeli G\u00f3ralskiej, R\u00f3\u017com \u017bywego R\u00f3\u017ca\u0144ca, Radzie Parafialnej, Scholii dzieci\u0119cej i m\u0142odzie\u017cowej, Orkiestrze z Nowego Targu, S\u0142u\u017cbie Liturgicznej O\u0142tarza, pocztom sztandarowym, za pos\u0142ug\u0119 przy feretronach, baldachimie, dzieciom w strojach komunijnych oraz dzieciom sypi\u0105cym kwiaty i dzwoni\u0105cym oraz wszystkich indywidualnym osobom: p. Agnieszce za dekoracj\u0119, p. Bogdanowi za trosk\u0119 o ca\u0142o\u015b\u0107 uroczysto\u015bci, Mateuszowi za pi\u0119kny przebieg uroczysto\u015bci od strony muzycznej, p. Arlecie i Marysi za pomoc w kuchni. B\u00f3g zap\u0142a\u0107.<\/p>\n\n\n\n<p>Naszej uroczysto\u015bci przewodniczy\u0142 <strong>ks. kanonik Zbigniew Ksi\u0105\u017ckiewicz<\/strong> obchodz\u0105cy z\u0142oty jubileusz kap\u0142a\u0144stwa \u2013 Jemu z serca dzi\u0119kuj\u0119 za przewodniczenie Mszy \u015bw. i za wyg\u0142oszone s\u0142owo Bo\u017ce.<\/p>\n\n\n\n<p><strong>Wszystkim niech wyprasza potrzebne \u0142aski nasz patron \u015bw. Micha\u0142 Archanio\u0142.<\/strong><\/p>\n\n\n\n<p><strong>Og\u0142oszenie o kt\u00f3re proszono:<br><\/strong><strong>Inicjatywa M\u0119ski R\u00f3\u017caniec Zakopane<\/strong> \u2013 zaprasza m\u0119\u017cczyzn w pierwsze soboty miesi\u0105ca do Sanktuarium \u015awi\u0119tej Rodziny na Krup\u00f3wki o godzinie 8.30, by odpowiedzie\u0107 czynem na pro\u015bb\u0119 Matki Bo\u017cej. Szczeg\u00f3\u0142y s\u0105 na plakacie w gablocie.<\/p>\n","protected":false},"excerpt":{"rendered":"<p>26 Niedziela zwyk\u0142a \u2013 26 wrze\u015bnia 2021 rokuUROCZYSTO\u015a\u0106 ODPUSTOWA 1. Kalendarz liturgiczny poniedzia\u0142ek \u2013 wspomnienie \u015bw. Wincentego a Paulo, prezbitera wtorek \u2013 wspomnienie \u015bw. Wac\u0142awa, m\u0119czennika \u015broda \u2013 uroczysto\u015b\u0107 \u015bwi\u0119tych Archanio\u0142\u00f3w: Micha\u0142a Rafa\u0142a i&#46;&#46;&#46;<\/p>\n<div class='heateorSssClear'><\/div><div  class='heateor_sss_sharing_container heateor_sss_horizontal_sharing' data-heateor-sss-href='http:\/\/parafiaostrowsko.info\/wordpress\/index.php\/2021\/09\/26\/ogloszenia-duszpasterskie-26-09-2021\/'><div class='heateor_sss_sharing_title' style=\"font-weight:bold\" >Udost\u0119pnij<\/div><div class=\"heateor_sss_sharing_ul\"><a class=\"heateor_sss_facebook\" href=\"https:\/\/www.facebook.com\/sharer\/sharer.php?u=http%3A%2F%2Fparafiaostrowsko.info%2Fwordpress%2Findex.php%2F2021%2F09%2F26%2Fogloszenia-duszpasterskie-26-09-2021%2F\" title=\"Facebook\" rel=\"nofollow noopener\" target=\"_blank\" style=\"font-size:32px!important;box-shadow:none;display:inline-block;vertical-align:middle\"><span class=\"heateor_sss_svg\" style=\"background-color:#3c589a;width:35px;height:35px;border-radius:999px;display:inline-block;opacity:1;float:left;font-size:32px;box-shadow:none;display:inline-block;font-size:16px;padding:0 4px;vertical-align:middle;background-repeat:repeat;overflow:hidden;padding:0;cursor:pointer;box-sizing:content-box\"><svg style=\"display:block;border-radius:999px;\" focusable=\"false\" aria-hidden=\"true\" xmlns=\"http:\/\/www.w3.org\/2000\/svg\" width=\"100%\" height=\"100%\" viewBox=\"-5 -5 42 42\"><path d=\"M17.78 27.5V17.008h3.522l.527-4.09h-4.05v-2.61c0-1.182.33-1.99 2.023-1.99h2.166V4.66c-.375-.05-1.66-.16-3.155-.16-3.123 0-5.26 1.905-5.26 5.405v3.016h-3.53v4.09h3.53V27.5h4.223z\" fill=\"#fff\"><\/path><\/svg><\/span><\/a><a style=\"padding:7.35px 0 !important\" class=\"heateor_sss_facebook_share\"><div class=\"fb-share-button\" data-href=\"http:\/\/parafiaostrowsko.info\/wordpress\/index.php\/2021\/09\/26\/ogloszenia-duszpasterskie-26-09-2021\/\" data-layout=\"button\"><\/div><\/a><\/div><div class=\"heateorSssClear\"><\/div><\/div><div class='heateorSssClear'><\/div>","protected":false},"author":7,"featured_media":4171,"comment_status":"open","ping_status":"open","sticky":false,"template":"","format":"standard","meta":[],"categories":[18],"tags":[],"_links":{"self":[{"href":"http:\/\/parafiaostrowsko.info\/wordpress\/index.php\/wp-json\/wp\/v2\/posts\/5799"}],"collection":[{"href":"http:\/\/parafiaostrowsko.info\/wordpress\/index.php\/wp-json\/wp\/v2\/posts"}],"about":[{"href":"http:\/\/parafiaostrowsko.info\/wordpress\/index.php\/wp-json\/wp\/v2\/types\/post"}],"author":[{"embeddable":true,"href":"http:\/\/parafiaostrowsko.info\/wordpress\/index.php\/wp-json\/wp\/v2\/users\/7"}],"replies":[{"embeddable":true,"href":"http:\/\/parafiaostrowsko.info\/wordpress\/index.php\/wp-json\/wp\/v2\/comments?post=5799"}],"version-history":[{"count":1,"href":"http:\/\/parafiaostrowsko.info\/wordpress\/index.php\/wp-json\/wp\/v2\/posts\/5799\/revisions"}],"predecessor-version":[{"id":5800,"href":"http:\/\/parafiaostrowsko.info\/wordpress\/index.php\/wp-json\/wp\/v2\/posts\/5799\/revisions\/5800"}],"wp:featuredmedia":[{"embeddable":true,"href":"http:\/\/parafiaostrowsko.info\/wordpress\/index.php\/wp-json\/wp\/v2\/media\/4171"}],"wp:attachment":[{"href":"http:\/\/parafiaostrowsko.info\/wordpress\/index.php\/wp-json\/wp\/v2\/media?parent=5799"}],"wp:term":[{"taxonomy":"category","embeddable":true,"href":"http:\/\/parafiaostrowsko.info\/wordpress\/index.php\/wp-json\/wp\/v2\/categories?post=5799"},{"taxonomy":"post_tag","embeddable":true,"href":"http:\/\/parafiaostrowsko.info\/wordpress\/index.php\/wp-json\/wp\/v2\/tags?post=5799"}],"curies":[{"name":"wp","href":"https:\/\/api.w.org\/{rel}","templated":true}]}}