{"id":5865,"date":"2021-11-07T06:39:08","date_gmt":"2021-11-07T05:39:08","guid":{"rendered":"http:\/\/parafiaostrowsko.info\/wordpress\/?p=5865"},"modified":"2021-11-07T06:39:09","modified_gmt":"2021-11-07T05:39:09","slug":"ogloszenia-duszpasterskie-07-11-2021","status":"publish","type":"post","link":"http:\/\/parafiaostrowsko.info\/wordpress\/index.php\/2021\/11\/07\/ogloszenia-duszpasterskie-07-11-2021\/","title":{"rendered":"Og\u0142oszenia duszpasterskie 07.11.2021"},"content":{"rendered":"\n<p><strong>32 Niedziela zwyk\u0142a \u2013 07 listopada 2021 roku<br><br><\/strong>1. <strong>Kalendarz liturgiczny<\/strong><\/p>\n\n\n\n<p><strong>wtorek<\/strong> \u2013 rocznica po\u015bwi\u0119ceni Bazyliki Latera\u0144skiej<\/p>\n\n\n\n<p><strong>\u015broda <\/strong>\u2013 wspomnienie \u015bw. Leona Wielkiego, papie\u017ca i doktora Ko\u015bcio\u0142a<\/p>\n\n\n\n<p><strong>czwartek<\/strong> \u2013 wspomnienie \u015bw. Marcina z Tours, biskupa<\/p>\n\n\n\n<p><strong>pi\u0105tek <\/strong>\u2013 wspomnienie \u015bw. Jozafata, biskupa i m\u0119czennika<\/p>\n\n\n\n<p><strong>sobota <\/strong>\u2013 wspomnienie \u015bwi\u0119tych Benedykta, Jana, Mateusza, Izaaka i Krystyna, pierwszych m\u0119czennik\u00f3w Polski<\/p>\n\n\n\n<p>2. Dzisiaj ks. Stanis\u0142aw obchodzi swoje kolejne urodziny. Pami\u0119tajmy o Nim w modlitwie. \u017byczymy Mu wiele zdrowia i si\u0142 a nade wszystko opieki Bo\u017cej na ka\u017cdy nast\u0119pny dzie\u0144 \u017cycia.<\/p>\n\n\n\n<p>3. <strong>W poniedzia\u0142ek<\/strong> o 16.30 r\u00f3\u017caniec za zmar\u0142ych.<\/p>\n\n\n\n<p>4. <strong>W \u015brod\u0119<\/strong> nowenna do Matki Bo\u017cej Nieustaj\u0105cej Pomocy o godzinie 16.30.<\/p>\n\n\n\n<p>5. <strong>W czwartek Narodowe \u015awi\u0119to Niepodleg\u0142o\u015bci.<\/strong> Udekorujmy nasze domy flagami narodowymi. <strong>Zapraszamy na Msz\u0119 \u015bw. o godzinie 17.00,<\/strong> aby modli\u0107 si\u0119 za Ojczyzn\u0119. Za tych, kt\u00f3rzy zgin\u0119li w obronie Ojczyzny. Zapraszamy poczty sztandarowe: Ochotniczej Stra\u017cy Po\u017carnej, Zwi\u0105zku Podhalan, Szko\u0142y Podstawowej. Po liturgii przejdziemy pod obelisk i tam zapalimy symboliczne znicze oraz od\u015bpiewamy Hymn Narodowy. Podkre\u015blmy donios\u0142o\u015b\u0107 tego \u015bwi\u0119ta naszymi strojami g\u00f3ralskimi.<strong><\/strong><\/p>\n\n\n\n<p>6. Za tydzie\u0144 V \u015awiatowy Dzie\u0144 Ubogich pod has\u0142em \u201eUbogich zawsze macie u siebie\u201d. Do skarbony b\u0119dzie mo\u017cna z\u0142o\u017cy\u0107 ofiar\u0119 na ubogich.<\/p>\n\n\n\n<p>7. Kontener przy cmentarzu zostanie odebrany w poniedzia\u0142ek \u2013 mo\u017cna go jeszcze dope\u0142ni\u0107, by\u015bmy nie musieli p\u0142aci\u0107 za ma\u0142e pojemniki.<\/p>\n\n\n\n<p>8. Za ty dzie\u0144 r\u00f3wnie\u017c zapraszamy dzieci z klasy III na Msz\u0119 \u015bw. o 11.00 w ramach przygotowania do I Komunii \u015bw.<\/p>\n\n\n\n<p>9. B\u00f3g zap\u0142a\u0107 rodzinom, kt\u00f3re przygotowa\u0142y ko\u015bci\u00f3\u0142 na niedziel\u0119 oraz z\u0142o\u017cy\u0142y ofiary na fundusz kwiatowy. Na nast\u0119pny tydzie\u0144 prosimy mieszka\u0144c\u00f3w z <strong>ul. Orkana: Cecylia Twar\u00f3g, J\u00f3zefa P\u0119ksa, Anna Rzo\u0144ca.<\/strong><\/p>\n","protected":false},"excerpt":{"rendered":"<p>32 Niedziela zwyk\u0142a \u2013 07 listopada 2021 roku 1. Kalendarz liturgiczny wtorek \u2013 rocznica po\u015bwi\u0119ceni Bazyliki Latera\u0144skiej \u015broda \u2013 wspomnienie \u015bw. Leona Wielkiego, papie\u017ca i doktora Ko\u015bcio\u0142a czwartek \u2013 wspomnienie \u015bw. Marcina z Tours,&#46;&#46;&#46;<\/p>\n<div class='heateorSssClear'><\/div><div  class='heateor_sss_sharing_container heateor_sss_horizontal_sharing' data-heateor-sss-href='http:\/\/parafiaostrowsko.info\/wordpress\/index.php\/2021\/11\/07\/ogloszenia-duszpasterskie-07-11-2021\/'><div class='heateor_sss_sharing_title' style=\"font-weight:bold\" >Udost\u0119pnij<\/div><div class=\"heateor_sss_sharing_ul\"><a class=\"heateor_sss_facebook\" href=\"https:\/\/www.facebook.com\/sharer\/sharer.php?u=http%3A%2F%2Fparafiaostrowsko.info%2Fwordpress%2Findex.php%2F2021%2F11%2F07%2Fogloszenia-duszpasterskie-07-11-2021%2F\" title=\"Facebook\" rel=\"nofollow noopener\" target=\"_blank\" style=\"font-size:32px!important;box-shadow:none;display:inline-block;vertical-align:middle\"><span class=\"heateor_sss_svg\" style=\"background-color:#3c589a;width:35px;height:35px;border-radius:999px;display:inline-block;opacity:1;float:left;font-size:32px;box-shadow:none;display:inline-block;font-size:16px;padding:0 4px;vertical-align:middle;background-repeat:repeat;overflow:hidden;padding:0;cursor:pointer;box-sizing:content-box\"><svg style=\"display:block;border-radius:999px;\" focusable=\"false\" aria-hidden=\"true\" xmlns=\"http:\/\/www.w3.org\/2000\/svg\" width=\"100%\" height=\"100%\" viewBox=\"-5 -5 42 42\"><path d=\"M17.78 27.5V17.008h3.522l.527-4.09h-4.05v-2.61c0-1.182.33-1.99 2.023-1.99h2.166V4.66c-.375-.05-1.66-.16-3.155-.16-3.123 0-5.26 1.905-5.26 5.405v3.016h-3.53v4.09h3.53V27.5h4.223z\" fill=\"#fff\"><\/path><\/svg><\/span><\/a><a style=\"padding:7.35px 0 !important\" class=\"heateor_sss_facebook_share\"><div class=\"fb-share-button\" data-href=\"http:\/\/parafiaostrowsko.info\/wordpress\/index.php\/2021\/11\/07\/ogloszenia-duszpasterskie-07-11-2021\/\" data-layout=\"button\"><\/div><\/a><\/div><div class=\"heateorSssClear\"><\/div><\/div><div class='heateorSssClear'><\/div>","protected":false},"author":7,"featured_media":4171,"comment_status":"open","ping_status":"open","sticky":false,"template":"","format":"standard","meta":[],"categories":[18],"tags":[],"_links":{"self":[{"href":"http:\/\/parafiaostrowsko.info\/wordpress\/index.php\/wp-json\/wp\/v2\/posts\/5865"}],"collection":[{"href":"http:\/\/parafiaostrowsko.info\/wordpress\/index.php\/wp-json\/wp\/v2\/posts"}],"about":[{"href":"http:\/\/parafiaostrowsko.info\/wordpress\/index.php\/wp-json\/wp\/v2\/types\/post"}],"author":[{"embeddable":true,"href":"http:\/\/parafiaostrowsko.info\/wordpress\/index.php\/wp-json\/wp\/v2\/users\/7"}],"replies":[{"embeddable":true,"href":"http:\/\/parafiaostrowsko.info\/wordpress\/index.php\/wp-json\/wp\/v2\/comments?post=5865"}],"version-history":[{"count":1,"href":"http:\/\/parafiaostrowsko.info\/wordpress\/index.php\/wp-json\/wp\/v2\/posts\/5865\/revisions"}],"predecessor-version":[{"id":5866,"href":"http:\/\/parafiaostrowsko.info\/wordpress\/index.php\/wp-json\/wp\/v2\/posts\/5865\/revisions\/5866"}],"wp:featuredmedia":[{"embeddable":true,"href":"http:\/\/parafiaostrowsko.info\/wordpress\/index.php\/wp-json\/wp\/v2\/media\/4171"}],"wp:attachment":[{"href":"http:\/\/parafiaostrowsko.info\/wordpress\/index.php\/wp-json\/wp\/v2\/media?parent=5865"}],"wp:term":[{"taxonomy":"category","embeddable":true,"href":"http:\/\/parafiaostrowsko.info\/wordpress\/index.php\/wp-json\/wp\/v2\/categories?post=5865"},{"taxonomy":"post_tag","embeddable":true,"href":"http:\/\/parafiaostrowsko.info\/wordpress\/index.php\/wp-json\/wp\/v2\/tags?post=5865"}],"curies":[{"name":"wp","href":"https:\/\/api.w.org\/{rel}","templated":true}]}}