{"id":6203,"date":"2022-02-19T23:30:52","date_gmt":"2022-02-19T22:30:52","guid":{"rendered":"http:\/\/parafiaostrowsko.info\/wordpress\/?p=6203"},"modified":"2022-02-20T10:05:51","modified_gmt":"2022-02-20T09:05:51","slug":"intencje-mszalne-21-02-28-02-2022","status":"publish","type":"post","link":"http:\/\/parafiaostrowsko.info\/wordpress\/index.php\/2022\/02\/19\/intencje-mszalne-21-02-28-02-2022\/","title":{"rendered":"Intencje mszalne 21.02.-28.02.2022"},"content":{"rendered":"\n<p><strong>poniedzia\u0142ek \u2013 21 lutego 2022<\/strong><br>17.00&nbsp; &nbsp;&nbsp;&nbsp;ks. Stanis\u0142aw: &nbsp;Z Podzi\u0119kowaniem Panu Bogu za otrzymane \u0142aski<br>&nbsp;&nbsp;&nbsp;&nbsp;&nbsp;&nbsp;&nbsp;&nbsp;&nbsp;&nbsp;&nbsp;&nbsp;&nbsp;&nbsp;&nbsp;&nbsp;&nbsp;&nbsp;&nbsp;&nbsp;&nbsp;&nbsp;&nbsp;&nbsp;&nbsp;&nbsp;&nbsp;&nbsp;&nbsp;&nbsp;&nbsp;&nbsp; z&nbsp; pro\u015bb\u0105 o dalsz\u0105 opiek\u0119 w rodzinie Jolanty i Stanis\u0142awa<br>17.00&nbsp;&nbsp;&nbsp;&nbsp; \u015bp. Maria \u0141YSZCZARZ \u2013 od siostry W\u0142adys\u0142awy<\/p>\n\n\n\n<p><strong>wtorek \u2013 22 lutego 2022<\/strong><br>7.00 &nbsp;&nbsp;&nbsp;&nbsp;ks. Stanis\u0142aw: \u015bp. Maria GROMADA w rocz. \u015bm.<br>7.00&nbsp;&nbsp; &nbsp;\u015bp. Franciszek LUDZIA, \u015bp. Eleonora \u017cona<\/p>\n\n\n\n<p><strong>\u015broda \u2013 23 lutego 2022<\/strong><br>17.00&nbsp; &nbsp;ks. Stanis\u0142aw: \u015bp. Stanis\u0142aw LUDZIA 5 rocz. \u015bm.<br>&nbsp;&nbsp;&nbsp;&nbsp;&nbsp;&nbsp;&nbsp;&nbsp;&nbsp;&nbsp;&nbsp;&nbsp;&nbsp;&nbsp;&nbsp;&nbsp;&nbsp;&nbsp;&nbsp;&nbsp;&nbsp;&nbsp;&nbsp;&nbsp;&nbsp;&nbsp;&nbsp;&nbsp;&nbsp;&nbsp;&nbsp;&nbsp;&nbsp;&nbsp;&nbsp;&nbsp;&nbsp;&nbsp; \u015bp. Agata \u017cona<br>17.00 &nbsp;\u015bp. Tadeusz SZUMAL \u2013 od brata Stefana<\/p>\n\n\n\n<p><strong>czwartek \u2013 24 lutego 2022<\/strong><br>7.00&nbsp;&nbsp; &nbsp;&nbsp;ks. Stanis\u0142aw: \u015bp. Rozalia KO\u0141AT i jej m\u0105\u017c i synowie<br>&nbsp;&nbsp;&nbsp;&nbsp;&nbsp;&nbsp;&nbsp;&nbsp;&nbsp;&nbsp;&nbsp;&nbsp;&nbsp;&nbsp;&nbsp;&nbsp;&nbsp;&nbsp;&nbsp;&nbsp;&nbsp;&nbsp;&nbsp;&nbsp;&nbsp;&nbsp;&nbsp;&nbsp;&nbsp;&nbsp;&nbsp;&nbsp;&nbsp;&nbsp;&nbsp;&nbsp;&nbsp;&nbsp;&nbsp;&nbsp;&nbsp;&nbsp;&nbsp;&nbsp;&nbsp;&nbsp;&nbsp; &nbsp;&nbsp;&nbsp;&nbsp;&nbsp;&nbsp;&nbsp;&nbsp;&nbsp;&nbsp;&nbsp;&nbsp;&nbsp;&nbsp;\u2013 od Tadeusza z rodzin\u0105<br>7.00&nbsp;&nbsp;&nbsp;&nbsp; \u015bp. Stanis\u0142aw D\u0118BSKI \u2013 od wnuczek Mai i Gabrieli<\/p>\n\n\n\n<p><strong>pi\u0105tek \u2013 25 lutego 2022<\/strong><br>17.00&nbsp;&nbsp;&nbsp; &nbsp;ks. Stanis\u0142aw: \u015bp. Maria TWAR\u00d3G<br>17.00&nbsp; &nbsp;&nbsp;\u015bp. Helena \u017bEGLE\u0143 2 rocz. \u015bm. \u2013 od c\u00f3rki Zofii z rodzin\u0105<\/p>\n\n\n\n<p><strong>sobota \u2013 26 lutego 2022<\/strong><br>17.00 &nbsp;&nbsp;&nbsp;ks. Stanis\u0142aw: \u015bp. Jan PRZYBOCKI rocz. \u015bm.<br>&nbsp;&nbsp;&nbsp;&nbsp;&nbsp;&nbsp;&nbsp;&nbsp;&nbsp;&nbsp;&nbsp;&nbsp;&nbsp;&nbsp;&nbsp;&nbsp;&nbsp;&nbsp;&nbsp;&nbsp;&nbsp;&nbsp;&nbsp;&nbsp;&nbsp;&nbsp;&nbsp;&nbsp;&nbsp;&nbsp;&nbsp;&nbsp;&nbsp;&nbsp;&nbsp;&nbsp;&nbsp;&nbsp;&nbsp;&nbsp;&nbsp; \u015bp. Agata \u017cona<br>17.00&nbsp;&nbsp;&nbsp;&nbsp; &nbsp;\u015bp. Jerzy GUMU\u0141A<\/p>\n\n\n\n<p><strong>8 Niedziela zwyk\u0142a\u2013 27 lutego 2022<\/strong><\/p>\n\n\n\n<p>&nbsp; 8.oo &nbsp;&nbsp;&nbsp;&nbsp;ks. Stanis\u0142aw: \u015bp. Czes\u0142aw KORZONKIEWICZ 12 rocz. \u015bm.<br>&nbsp;&nbsp;&nbsp;&nbsp;&nbsp;&nbsp;&nbsp;&nbsp;&nbsp;&nbsp;&nbsp;&nbsp;&nbsp;&nbsp;&nbsp;&nbsp;&nbsp;&nbsp;&nbsp;&nbsp;&nbsp;&nbsp;&nbsp;&nbsp;&nbsp;&nbsp;&nbsp;&nbsp;&nbsp;&nbsp;&nbsp;&nbsp;&nbsp;&nbsp;&nbsp;&nbsp;&nbsp;&nbsp;&nbsp;&nbsp;&nbsp;&nbsp; \u015bp. Andrzej i Stanis\u0142awa \u2013 jego rodzice<br>&nbsp; 8.00 &nbsp;&nbsp;&nbsp;\u015bp. Maria WAWRZON, \u015bp. Ludwik m\u0105\u017c<br>11.00 &nbsp;&nbsp;&nbsp;&nbsp;&nbsp;za Parafian<\/p>\n","protected":false},"excerpt":{"rendered":"<p>poniedzia\u0142ek \u2013 21 lutego 202217.00&nbsp; &nbsp;&nbsp;&nbsp;ks. Stanis\u0142aw: &nbsp;Z Podzi\u0119kowaniem Panu Bogu za otrzymane \u0142aski&nbsp;&nbsp;&nbsp;&nbsp;&nbsp;&nbsp;&nbsp;&nbsp;&nbsp;&nbsp;&nbsp;&nbsp;&nbsp;&nbsp;&nbsp;&nbsp;&nbsp;&nbsp;&nbsp;&nbsp;&nbsp;&nbsp;&nbsp;&nbsp;&nbsp;&nbsp;&nbsp;&nbsp;&nbsp;&nbsp;&nbsp;&nbsp; z&nbsp; pro\u015bb\u0105 o dalsz\u0105 opiek\u0119 w rodzinie Jolanty i Stanis\u0142awa17.00&nbsp;&nbsp;&nbsp;&nbsp; \u015bp. Maria \u0141YSZCZARZ \u2013 od siostry W\u0142adys\u0142awy wtorek \u2013 22&#46;&#46;&#46;<\/p>\n<div class='heateorSssClear'><\/div><div  class='heateor_sss_sharing_container heateor_sss_horizontal_sharing' data-heateor-sss-href='http:\/\/parafiaostrowsko.info\/wordpress\/index.php\/2022\/02\/19\/intencje-mszalne-21-02-28-02-2022\/'><div class='heateor_sss_sharing_title' style=\"font-weight:bold\" >Udost\u0119pnij<\/div><div class=\"heateor_sss_sharing_ul\"><a class=\"heateor_sss_facebook\" href=\"https:\/\/www.facebook.com\/sharer\/sharer.php?u=http%3A%2F%2Fparafiaostrowsko.info%2Fwordpress%2Findex.php%2F2022%2F02%2F19%2Fintencje-mszalne-21-02-28-02-2022%2F\" title=\"Facebook\" rel=\"nofollow noopener\" target=\"_blank\" style=\"font-size:32px!important;box-shadow:none;display:inline-block;vertical-align:middle\"><span class=\"heateor_sss_svg\" style=\"background-color:#3c589a;width:35px;height:35px;border-radius:999px;display:inline-block;opacity:1;float:left;font-size:32px;box-shadow:none;display:inline-block;font-size:16px;padding:0 4px;vertical-align:middle;background-repeat:repeat;overflow:hidden;padding:0;cursor:pointer;box-sizing:content-box\"><svg style=\"display:block;border-radius:999px;\" focusable=\"false\" aria-hidden=\"true\" xmlns=\"http:\/\/www.w3.org\/2000\/svg\" width=\"100%\" height=\"100%\" viewBox=\"-5 -5 42 42\"><path d=\"M17.78 27.5V17.008h3.522l.527-4.09h-4.05v-2.61c0-1.182.33-1.99 2.023-1.99h2.166V4.66c-.375-.05-1.66-.16-3.155-.16-3.123 0-5.26 1.905-5.26 5.405v3.016h-3.53v4.09h3.53V27.5h4.223z\" fill=\"#fff\"><\/path><\/svg><\/span><\/a><a style=\"padding:7.35px 0 !important\" class=\"heateor_sss_facebook_share\"><div class=\"fb-share-button\" data-href=\"http:\/\/parafiaostrowsko.info\/wordpress\/index.php\/2022\/02\/19\/intencje-mszalne-21-02-28-02-2022\/\" data-layout=\"button\"><\/div><\/a><\/div><div class=\"heateorSssClear\"><\/div><\/div><div class='heateorSssClear'><\/div>","protected":false},"author":7,"featured_media":4167,"comment_status":"open","ping_status":"open","sticky":false,"template":"","format":"standard","meta":[],"categories":[17],"tags":[],"_links":{"self":[{"href":"http:\/\/parafiaostrowsko.info\/wordpress\/index.php\/wp-json\/wp\/v2\/posts\/6203"}],"collection":[{"href":"http:\/\/parafiaostrowsko.info\/wordpress\/index.php\/wp-json\/wp\/v2\/posts"}],"about":[{"href":"http:\/\/parafiaostrowsko.info\/wordpress\/index.php\/wp-json\/wp\/v2\/types\/post"}],"author":[{"embeddable":true,"href":"http:\/\/parafiaostrowsko.info\/wordpress\/index.php\/wp-json\/wp\/v2\/users\/7"}],"replies":[{"embeddable":true,"href":"http:\/\/parafiaostrowsko.info\/wordpress\/index.php\/wp-json\/wp\/v2\/comments?post=6203"}],"version-history":[{"count":2,"href":"http:\/\/parafiaostrowsko.info\/wordpress\/index.php\/wp-json\/wp\/v2\/posts\/6203\/revisions"}],"predecessor-version":[{"id":6205,"href":"http:\/\/parafiaostrowsko.info\/wordpress\/index.php\/wp-json\/wp\/v2\/posts\/6203\/revisions\/6205"}],"wp:featuredmedia":[{"embeddable":true,"href":"http:\/\/parafiaostrowsko.info\/wordpress\/index.php\/wp-json\/wp\/v2\/media\/4167"}],"wp:attachment":[{"href":"http:\/\/parafiaostrowsko.info\/wordpress\/index.php\/wp-json\/wp\/v2\/media?parent=6203"}],"wp:term":[{"taxonomy":"category","embeddable":true,"href":"http:\/\/parafiaostrowsko.info\/wordpress\/index.php\/wp-json\/wp\/v2\/categories?post=6203"},{"taxonomy":"post_tag","embeddable":true,"href":"http:\/\/parafiaostrowsko.info\/wordpress\/index.php\/wp-json\/wp\/v2\/tags?post=6203"}],"curies":[{"name":"wp","href":"https:\/\/api.w.org\/{rel}","templated":true}]}}