{"id":6214,"date":"2022-02-22T23:44:47","date_gmt":"2022-02-22T22:44:47","guid":{"rendered":"http:\/\/parafiaostrowsko.info\/wordpress\/?p=6214"},"modified":"2022-02-22T23:47:03","modified_gmt":"2022-02-22T22:47:03","slug":"75-rocznica-smierci-jozefa-kurasia-ognia","status":"publish","type":"post","link":"http:\/\/parafiaostrowsko.info\/wordpress\/index.php\/2022\/02\/22\/75-rocznica-smierci-jozefa-kurasia-ognia\/","title":{"rendered":"75 rocznica \u015bmierci J\u00f3zefa Kurasia &#8220;Ognia&#8221;"},"content":{"rendered":"\n<ol start=\"75\"><li>rocznica \u015bmierci J\u00f3zefa Kurasia \u201eOgnia\u201d. Uroczysto\u015bci<br>w Waksmundzie i Ostrowsku<br>19 lutego 2022 r. w Waksmundzie ko\u0142o Nowego Targu, rodzinnej miejscowo\u015bci<br>mjr. J\u00f3zefa Kurasia \u201eOgnia\u201d, odby\u0142y si\u0119 obchody 75. rocznicy ostatniej walki i<br>\u015bmierci dow\u00f3dcy Zgrupowania Partyzanckiego \u201eB\u0142yskawica\u201d. Dzie\u0144 p\u00f3\u017aniej ho\u0142d<br>\u201eOgniowi\u201d z\u0142o\u017cono w Ostrowsku.<\/li><\/ol>\n\n\n\n<p>20 lutego 2022 r. odprawiono msz\u0119 \u015bwi\u0119t\u0105 w ko\u015bciele \u015bw. Micha\u0142a Archanio\u0142a w Ostrowsku.<br>Oddzia\u0142 IPN w Krakowie reprezentowa\u0142 dyrektor dr hab. Filip Musia\u0142, a gospodarzem<br>uroczysto\u015bci by\u0142 Zbigniew Kura\u015b, syn \u201eOgnia\u201d. Drugim punktem programu dnia by\u0142a wizyta<br>na cmentarzu w Nowym Targu, gdzie z\u0142o\u017cono kwiaty na grobie ppor. Czes\u0142awy Kura\u015bBochy\u0144skiej \u201eSarenki\u201d, \u017cony J\u00f3zefa Kurasia. Odczytano tak\u017ce apel pami\u0119ci. W czasie<br>okupacji ppor. Bochy\u0144ska dzia\u0142a\u0142a w Konfederacji Tatrza\u0144skiej, a w 1945 r. wst\u0105pi\u0142a do<br>oddzia\u0142u \u201eB\u0142yskawica\u201d.<br>\u201eOgie\u0144\u201d zmar\u0142 22 lutego 1947 r. w szpitalu w Nowym Targu. Dzie\u0144 wcze\u015bniej w Ostrowsku<br>ko\u0142o Nowego Targu zosta\u0142 otoczony przez grup\u0119 operacyjn\u0105 KBW. Po nieudanych pr\u00f3bach<br>wydostania si\u0119 z okr\u0105\u017cenia usi\u0142owa\u0142 pope\u0142ni\u0107 samob\u00f3jstwo na strychu jednej z wiejskich<br>cha\u0142up. Zmar\u0142 nast\u0119pnego dnia tu\u017c po p\u00f3\u0142nocy. Miejsca pogrzebania cia\u0142a nie uda\u0142o si\u0119<br>odnale\u017a\u0107<\/p>\n\n\n\n<p><\/p>\n\n\n\n<figure class=\"wp-block-image\"><img src=\"https:\/\/ipn.gov.pl\/dokumenty\/zalaczniki\/82\/82-686656_g.jpg\" alt=\"82-686656_g.jpg (1400\u00d7934)\"\/><\/figure>\n\n\n\n<figure class=\"wp-block-image\"><img src=\"https:\/\/ipn.gov.pl\/dokumenty\/zalaczniki\/82\/82-686668_g.jpg\" alt=\"82-686668_g.jpg (1400\u00d7934)\"\/><\/figure>\n","protected":false},"excerpt":{"rendered":"<p>rocznica \u015bmierci J\u00f3zefa Kurasia \u201eOgnia\u201d. Uroczysto\u015bciw Waksmundzie i Ostrowsku19 lutego 2022 r. w Waksmundzie ko\u0142o Nowego Targu, rodzinnej miejscowo\u015bcimjr. J\u00f3zefa Kurasia \u201eOgnia\u201d, odby\u0142y si\u0119 obchody 75. rocznicy ostatniej walki i\u015bmierci dow\u00f3dcy Zgrupowania Partyzanckiego \u201eB\u0142yskawica\u201d.&#46;&#46;&#46;<\/p>\n<div class='heateorSssClear'><\/div><div  class='heateor_sss_sharing_container heateor_sss_horizontal_sharing' data-heateor-sss-href='http:\/\/parafiaostrowsko.info\/wordpress\/index.php\/2022\/02\/22\/75-rocznica-smierci-jozefa-kurasia-ognia\/'><div class='heateor_sss_sharing_title' style=\"font-weight:bold\" >Udost\u0119pnij<\/div><div class=\"heateor_sss_sharing_ul\"><a class=\"heateor_sss_facebook\" href=\"https:\/\/www.facebook.com\/sharer\/sharer.php?u=http%3A%2F%2Fparafiaostrowsko.info%2Fwordpress%2Findex.php%2F2022%2F02%2F22%2F75-rocznica-smierci-jozefa-kurasia-ognia%2F\" title=\"Facebook\" rel=\"nofollow noopener\" target=\"_blank\" style=\"font-size:32px!important;box-shadow:none;display:inline-block;vertical-align:middle\"><span class=\"heateor_sss_svg\" style=\"background-color:#3c589a;width:35px;height:35px;border-radius:999px;display:inline-block;opacity:1;float:left;font-size:32px;box-shadow:none;display:inline-block;font-size:16px;padding:0 4px;vertical-align:middle;background-repeat:repeat;overflow:hidden;padding:0;cursor:pointer;box-sizing:content-box\"><svg style=\"display:block;border-radius:999px;\" focusable=\"false\" aria-hidden=\"true\" xmlns=\"http:\/\/www.w3.org\/2000\/svg\" width=\"100%\" height=\"100%\" viewBox=\"-5 -5 42 42\"><path d=\"M17.78 27.5V17.008h3.522l.527-4.09h-4.05v-2.61c0-1.182.33-1.99 2.023-1.99h2.166V4.66c-.375-.05-1.66-.16-3.155-.16-3.123 0-5.26 1.905-5.26 5.405v3.016h-3.53v4.09h3.53V27.5h4.223z\" fill=\"#fff\"><\/path><\/svg><\/span><\/a><a style=\"padding:7.35px 0 !important\" class=\"heateor_sss_facebook_share\"><div class=\"fb-share-button\" data-href=\"http:\/\/parafiaostrowsko.info\/wordpress\/index.php\/2022\/02\/22\/75-rocznica-smierci-jozefa-kurasia-ognia\/\" data-layout=\"button\"><\/div><\/a><\/div><div class=\"heateorSssClear\"><\/div><\/div><div class='heateorSssClear'><\/div>","protected":false},"author":2,"featured_media":4174,"comment_status":"closed","ping_status":"closed","sticky":false,"template":"","format":"standard","meta":[],"categories":[14],"tags":[],"_links":{"self":[{"href":"http:\/\/parafiaostrowsko.info\/wordpress\/index.php\/wp-json\/wp\/v2\/posts\/6214"}],"collection":[{"href":"http:\/\/parafiaostrowsko.info\/wordpress\/index.php\/wp-json\/wp\/v2\/posts"}],"about":[{"href":"http:\/\/parafiaostrowsko.info\/wordpress\/index.php\/wp-json\/wp\/v2\/types\/post"}],"author":[{"embeddable":true,"href":"http:\/\/parafiaostrowsko.info\/wordpress\/index.php\/wp-json\/wp\/v2\/users\/2"}],"replies":[{"embeddable":true,"href":"http:\/\/parafiaostrowsko.info\/wordpress\/index.php\/wp-json\/wp\/v2\/comments?post=6214"}],"version-history":[{"count":1,"href":"http:\/\/parafiaostrowsko.info\/wordpress\/index.php\/wp-json\/wp\/v2\/posts\/6214\/revisions"}],"predecessor-version":[{"id":6215,"href":"http:\/\/parafiaostrowsko.info\/wordpress\/index.php\/wp-json\/wp\/v2\/posts\/6214\/revisions\/6215"}],"wp:featuredmedia":[{"embeddable":true,"href":"http:\/\/parafiaostrowsko.info\/wordpress\/index.php\/wp-json\/wp\/v2\/media\/4174"}],"wp:attachment":[{"href":"http:\/\/parafiaostrowsko.info\/wordpress\/index.php\/wp-json\/wp\/v2\/media?parent=6214"}],"wp:term":[{"taxonomy":"category","embeddable":true,"href":"http:\/\/parafiaostrowsko.info\/wordpress\/index.php\/wp-json\/wp\/v2\/categories?post=6214"},{"taxonomy":"post_tag","embeddable":true,"href":"http:\/\/parafiaostrowsko.info\/wordpress\/index.php\/wp-json\/wp\/v2\/tags?post=6214"}],"curies":[{"name":"wp","href":"https:\/\/api.w.org\/{rel}","templated":true}]}}