{"id":6517,"date":"2022-04-25T06:51:45","date_gmt":"2022-04-25T04:51:45","guid":{"rendered":"http:\/\/parafiaostrowsko.info\/wordpress\/?p=6517"},"modified":"2022-04-25T06:52:54","modified_gmt":"2022-04-25T04:52:54","slug":"ogloszenia-duszpasterskie-24-04-2022","status":"publish","type":"post","link":"http:\/\/parafiaostrowsko.info\/wordpress\/index.php\/2022\/04\/25\/ogloszenia-duszpasterskie-24-04-2022\/","title":{"rendered":"Og\u0142oszenia duszpasterskie 24.04.2022"},"content":{"rendered":"\n<p class=\"has-text-align-center\"><strong>NIEDZIELA MI\u0141OSIERDZIA BO\u017bEGO \u2013<br>24 kwietnia 2022 roku<\/strong><\/p>\n\n\n\n<p>1. Wraz z Rad\u0105 Parafialn\u0105 dzi\u0119kuj\u0119 za z\u0142o\u017cone ofiary w \u015bwi\u0119ta na inwestycje w kwocie 5088 z\u0142. Tu\u017c przed \u015bwi\u0119tami wykonana zosta\u0142a nowa stalowa konstrukcja du\u017cego dzwonu im. Jan Pawe\u0142 II. W wyniku du\u017cych przeci\u0105\u017ce\u0144 uleg\u0142a ona p\u0119kni\u0119ciu i grozi\u0142o to nawet urwaniem si\u0119 dzwonu.<\/p>\n\n\n\n<p>2. Dzisiaj Niedziela Mi\u0142osierdzia, kt\u00f3ra rozpoczyna Tydzie\u0144 Mi\u0142osierdzia. Sk\u0142adka przeznaczona jest na potrzeby \u201eCaritas\u201d naszej archidiecezji.<\/p>\n\n\n\n<p><strong>Odpusty zwi\u0105zane ze \u015bwi\u0119tem Mi\u0142osierdzia i Koronk\u0105:<\/strong><\/p>\n\n\n\n<p>Mo\u017cna zyska\u0107 <strong>odpust zupe\u0142ny<\/strong> pod zwyk\u0142ymi warunkami (spowied\u017a sakramentalna, Komunia eucharystyczna, modlitwa w intencjach papieskich) za pobo\u017cne praktyki spe\u0142niane <strong>w tym dniu<\/strong> wraz z wezwaniem do Pana Jezusa Mi\u0142osiernego w ko\u015bciele lub kaplicy. Tak\u017ce <strong>przez ca\u0142y rok za odm\u00f3wienie koronki do Mi\u0142osierdzia Bo\u017cego<\/strong> w granicach Polski. <strong><\/strong><\/p>\n\n\n\n<p>3. <strong>Kalendarz liturgiczny:<\/strong><\/p>\n\n\n\n<p><strong>Poniedzia\u0142ek<\/strong> &#8211; \u015bw. Marka Ewangelisty \u2013 imieniny nasze metropolity abp Marka J\u0119draszewskiego<\/p>\n\n\n\n<p><strong>Wtorek <\/strong>\u2013 \u015bw. Wojciecha, Biskupa i M\u0119czennika<\/p>\n\n\n\n<p><strong>Pi\u0105tek <\/strong>\u2013 \u015bw. Katarzyny ze Sieny, patronki Europy<\/p>\n\n\n\n<p><strong>Niedziela<\/strong> \u2013 \u015bw. J\u00f3zefa, rzemie\u015blnika<\/p>\n\n\n\n<p>4.<strong> W \u015brod\u0119<\/strong> Nowenna do Matki Bo\u017cej Nieustaj\u0105cej Pomocy <strong>o godzinie 17.30.<\/strong><\/p>\n\n\n\n<p>5. <strong>Za tydzie\u0144 Niedziela Biblijna.<\/strong><\/p>\n\n\n\n<p>Na Msz\u0119 \u015bw. o 11.00 zapraszamy <strong>Cz\u0142onk\u00f3w OSP wraz z rodzinami<\/strong> bowiem 4 maja przypada wspomnienie \u015bw. Floriana patrona Stra\u017cak\u00f3w. Modlitw\u0105 wyprasza\u0107 b\u0119dziemy dla nich b\u0142ogos\u0142awie\u0144stwo a dla zmar\u0142ych \u017cycie wieczne.<\/p>\n\n\n\n<p>6. W niedziel\u0119<strong> pierwsze nabo\u017ce\u0144stwo majowe ku czci Matki Bo\u017ce.<\/strong> Na rozpocz\u0119cie urz\u0105dzimy <strong>procesj\u0119 eucharystyczn\u0105 po Sumie. <\/strong>Na maj\u00f3wkach szczeg\u00f3lnie modli\u0107 si\u0119 b\u0119dziemy za Ojca \u015bw., za Ko\u015bci\u00f3\u0142 w Polsce, o powo\u0142ania kap\u0142a\u0144skie, o pok\u00f3j w Ukrainie, za nasze rodziny, o dobre urodzaje. <strong>Dla dzieci przygotowali\u015bmy plansze z naklejkami <\/strong>na ka\u017cdy dzie\u0144. <strong>Nabo\u017ce\u0144stwa b\u0119d\u0105 wieczorem po zako\u0144czonej Mszy \u015bw.<\/strong><\/p>\n\n\n\n<p>7. Po Sumie r\u00f3wnie\u017c <strong>zmiana tajemnic R\u00f3\u017ca\u0144ca \u015bwi\u0119tego.<\/strong><\/p>\n\n\n\n<p>8. Dzi\u0119kuj\u0119 za sprz\u0105tanie naszej \u015bwi\u0105tyni na niedziel\u0119 oraz ofiary na Fundusz Kwiatowy. Prosimy na przysz\u0142\u0105 niedziel\u0119 o przygotowanie ko\u015bcio\u0142a rodziny z <strong>ul. Gorcza\u0144skiej: p. Irena Klimowska, Jan Szenderewicz, Krystyna Przybocka.<\/strong><\/p>\n\n\n\n<p>9. W minionym tygodniu po\u017cegnali\u015bmy<strong> \u015bw. Lucyn\u0119 So\u0142tys<\/strong> \u2013 pole\u0107my j\u0105 Bo\u017cemu Mi\u0142osierdziu.<\/p>\n\n\n\n<p class=\"has-text-align-center\">Wszystkim \u017cyczymy radosnej i dobrej niedzieli<br>oraz dobrego nowego tygodnia.<\/p>\n\n\n\n<p><\/p>\n\n\n\n<p><\/p>\n\n\n\n<p class=\"has-text-align-center\"><strong>ODPUST ZUPE\u0141NY<\/strong><\/p>\n\n\n\n<p class=\"has-text-align-center\"><strong>za odm\u00f3wienie<br>KORONKI DO MI\u0141OSIERDZIA BO\u017bEGO<br>przez ca\u0142y rok<\/strong><\/p>\n\n\n\n<p><strong>Odpustu zupe\u0142nego<\/strong> pod zwyk\u0142ymi warunkami (mianowicie spowied\u017a sakramentalna, Komunia eucharystyczna, modlitwa w intencjach papieskich) udziela si\u0119 w granicach Polski wiernemu, kt\u00f3ry z dusz\u0105 ca\u0142kowicie woln\u0105 od przywi\u0105zania do jakiegokolwiek grzechu pobo\u017cnie odm\u00f3wi Koronk\u0119 do Mi\u0142osierdzia Bo\u017cego w ko\u015bciele lub kaplicy wobec Naj\u015bwi\u0119tszego Sakramentu, publicznie wystawionego lub te\u017c przechowywanego w tabernakulum.<\/p>\n\n\n\n<p>Je\u017celi wierni z powodu choroby (lub innej s\u0142usznej racji) nie b\u0119d\u0105 mogli wyj\u015b\u0107 z domu, ale odm\u00f3wi\u0105 Koronk\u0119 do Mi\u0142osierdzia Bo\u017cego z ufno\u015bci\u0105 i z pragnieniem mi\u0142osierdzia dla siebie oraz gotowo\u015bci\u0105 okazania go innym, to pod zwyk\u0142ymi warunkami r\u00f3wnie\u017c zyskuj\u0105 odpust zupe\u0142ny.<strong><\/strong><\/p>\n","protected":false},"excerpt":{"rendered":"<p>NIEDZIELA MI\u0141OSIERDZIA BO\u017bEGO \u201324 kwietnia 2022 roku 1. Wraz z Rad\u0105 Parafialn\u0105 dzi\u0119kuj\u0119 za z\u0142o\u017cone ofiary w \u015bwi\u0119ta na inwestycje w kwocie 5088 z\u0142. Tu\u017c przed \u015bwi\u0119tami wykonana zosta\u0142a nowa stalowa konstrukcja du\u017cego dzwonu&#46;&#46;&#46;<\/p>\n<div class='heateorSssClear'><\/div><div  class='heateor_sss_sharing_container heateor_sss_horizontal_sharing' data-heateor-sss-href='http:\/\/parafiaostrowsko.info\/wordpress\/index.php\/2022\/04\/25\/ogloszenia-duszpasterskie-24-04-2022\/'><div class='heateor_sss_sharing_title' style=\"font-weight:bold\" >Udost\u0119pnij<\/div><div class=\"heateor_sss_sharing_ul\"><a class=\"heateor_sss_facebook\" href=\"https:\/\/www.facebook.com\/sharer\/sharer.php?u=http%3A%2F%2Fparafiaostrowsko.info%2Fwordpress%2Findex.php%2F2022%2F04%2F25%2Fogloszenia-duszpasterskie-24-04-2022%2F\" title=\"Facebook\" rel=\"nofollow noopener\" target=\"_blank\" style=\"font-size:32px!important;box-shadow:none;display:inline-block;vertical-align:middle\"><span class=\"heateor_sss_svg\" style=\"background-color:#3c589a;width:35px;height:35px;border-radius:999px;display:inline-block;opacity:1;float:left;font-size:32px;box-shadow:none;display:inline-block;font-size:16px;padding:0 4px;vertical-align:middle;background-repeat:repeat;overflow:hidden;padding:0;cursor:pointer;box-sizing:content-box\"><svg style=\"display:block;border-radius:999px;\" focusable=\"false\" aria-hidden=\"true\" xmlns=\"http:\/\/www.w3.org\/2000\/svg\" width=\"100%\" height=\"100%\" viewBox=\"-5 -5 42 42\"><path d=\"M17.78 27.5V17.008h3.522l.527-4.09h-4.05v-2.61c0-1.182.33-1.99 2.023-1.99h2.166V4.66c-.375-.05-1.66-.16-3.155-.16-3.123 0-5.26 1.905-5.26 5.405v3.016h-3.53v4.09h3.53V27.5h4.223z\" fill=\"#fff\"><\/path><\/svg><\/span><\/a><a style=\"padding:7.35px 0 !important\" class=\"heateor_sss_facebook_share\"><div class=\"fb-share-button\" data-href=\"http:\/\/parafiaostrowsko.info\/wordpress\/index.php\/2022\/04\/25\/ogloszenia-duszpasterskie-24-04-2022\/\" data-layout=\"button\"><\/div><\/a><\/div><div class=\"heateorSssClear\"><\/div><\/div><div class='heateorSssClear'><\/div>","protected":false},"author":7,"featured_media":4171,"comment_status":"open","ping_status":"open","sticky":false,"template":"","format":"standard","meta":[],"categories":[18],"tags":[],"_links":{"self":[{"href":"http:\/\/parafiaostrowsko.info\/wordpress\/index.php\/wp-json\/wp\/v2\/posts\/6517"}],"collection":[{"href":"http:\/\/parafiaostrowsko.info\/wordpress\/index.php\/wp-json\/wp\/v2\/posts"}],"about":[{"href":"http:\/\/parafiaostrowsko.info\/wordpress\/index.php\/wp-json\/wp\/v2\/types\/post"}],"author":[{"embeddable":true,"href":"http:\/\/parafiaostrowsko.info\/wordpress\/index.php\/wp-json\/wp\/v2\/users\/7"}],"replies":[{"embeddable":true,"href":"http:\/\/parafiaostrowsko.info\/wordpress\/index.php\/wp-json\/wp\/v2\/comments?post=6517"}],"version-history":[{"count":3,"href":"http:\/\/parafiaostrowsko.info\/wordpress\/index.php\/wp-json\/wp\/v2\/posts\/6517\/revisions"}],"predecessor-version":[{"id":6520,"href":"http:\/\/parafiaostrowsko.info\/wordpress\/index.php\/wp-json\/wp\/v2\/posts\/6517\/revisions\/6520"}],"wp:featuredmedia":[{"embeddable":true,"href":"http:\/\/parafiaostrowsko.info\/wordpress\/index.php\/wp-json\/wp\/v2\/media\/4171"}],"wp:attachment":[{"href":"http:\/\/parafiaostrowsko.info\/wordpress\/index.php\/wp-json\/wp\/v2\/media?parent=6517"}],"wp:term":[{"taxonomy":"category","embeddable":true,"href":"http:\/\/parafiaostrowsko.info\/wordpress\/index.php\/wp-json\/wp\/v2\/categories?post=6517"},{"taxonomy":"post_tag","embeddable":true,"href":"http:\/\/parafiaostrowsko.info\/wordpress\/index.php\/wp-json\/wp\/v2\/tags?post=6517"}],"curies":[{"name":"wp","href":"https:\/\/api.w.org\/{rel}","templated":true}]}}