{"id":6674,"date":"2022-06-12T06:38:37","date_gmt":"2022-06-12T04:38:37","guid":{"rendered":"http:\/\/parafiaostrowsko.info\/wordpress\/?p=6674"},"modified":"2022-06-12T06:38:37","modified_gmt":"2022-06-12T04:38:37","slug":"ogloszenia-duszpasterskie-12-06-2022","status":"publish","type":"post","link":"http:\/\/parafiaostrowsko.info\/wordpress\/index.php\/2022\/06\/12\/ogloszenia-duszpasterskie-12-06-2022\/","title":{"rendered":"Og\u0142oszenia duszpasterskie 12.06.2022"},"content":{"rendered":"\n<p class=\"has-text-align-center\"><strong><span class=\"has-inline-color has-vivid-red-color\">Uroczysto\u015b\u0107 Tr\u00f3jcy Przenaj\u015bwi\u0119tszej \u2013 12 czerwca 2022 roku<\/span><\/strong><\/p>\n\n\n\n<p>1. Dzisiaj<strong> uroczysto\u015b\u0107 Tr\u00f3jcy Przenaj\u015bwi\u0119tszej. <\/strong>Odpust w \u0141opusznej.Ko\u0144czy si\u0119 okres Komunii \u015bw. wielkanocnej.<\/p>\n\n\n\n<p>2. Podzi\u0119kowania od Pana Grabarza za ofiary z\u0142o\u017cone na utrzymanie porz\u0105dku na parafialnym cmentarzu.<\/p>\n\n\n\n<p>3. <strong>W \u015brod\u0119<\/strong> mo\u017cliwo\u015b\u0107 spowiedzi \u015bw. przed Bo\u017cym Cia\u0142em od godziny 17.00.<strong> Nowenna do Matki Bo\u017cej Nieustaj\u0105cej Pomocy <\/strong>iLitania do Serca Pana Jezusa o 17.30. Spotkanie dla ministrant\u00f3w i lektor\u00f3w po Mszy \u015bw. \u2013 aby przygotowa\u0107 uroczysto\u015b\u0107 Bo\u017cego Cia\u0142a.<\/p>\n\n\n\n<p>4. <strong>W poniedzia\u0142ek<\/strong> po Mszy \u015bw. zapraszam na pierwsze spotkanie i zapisy ch\u0142opc\u00f3w ze Szko\u0142y Podstawowej, kt\u00f3rzy pragn\u0105 by\u0107 ministrantami oraz dziewczynki pragn\u0105ce \u015bpiewa\u0107 w m\u0142odszej scholce dziewcz\u0119cej.<\/p>\n\n\n\n<p>5. Nabo\u017ce\u0144stwo do Serca Pana Jezusa codziennie po Mszy \u015bw.<\/p>\n\n\n\n<p>6. <strong>W czwartek Uroczysto\u015b\u0107 Bo\u017cego Cia\u0142a.<\/strong> Dzi\u0119kuj\u0119 za obecno\u015b\u0107 na spotkaniu w \u015brod\u0119.<br>O przygotowanie o\u0142tarzy proszeni s\u0105 mieszka\u0144cy <strong>ul. Gorcza\u0144skiej:<\/strong><\/p>\n\n\n\n<p><strong>I O\u0142tarz: p. Stanis\u0142awa Subisz, Stefania Byrdak, Teresa Ko\u0142at;<br>II O\u0142tarz: p. Jan Szenderewicz, Anna Luberda, Barbara Pere\u0142ka;<br>III O\u0142tarz: p. Anna Klimowska, Dorota Klimowska, Iwona Przybocka;<br>IV O\u0142tarz: p. Joanna Szumal, Ma\u0142gorzata Przybocka, Jerzy Kasprzak.<\/strong><\/p>\n\n\n\n<p>Rano Msza \u015bw. o godzinie 8.00 a procesja do 4 o\u0142tarzy wyruszy z ko\u015bcio\u0142a po Mszy \u015bw. o godzinie 11.00. Za pobo\u017cny udzia\u0142 w procesji mo\u017cna uzyska\u0107 odpust zupe\u0142ny. Zapraszam dzieci w strojach komunijnych z klasy III. Najm\u0142odszych zapraszam do sypania kwiat\u00f3w i do dzwonienia. Prosz\u0119, by przygotowa\u0107 feretrony i chor\u0105gwie. M\u0119\u017cczyzn, M\u0142odzie\u017c \u2013 G\u00f3rali, Sportowc\u00f3w z Klubu Sportowego, prosz\u0119 o niesienie baldachimu. O zabezpieczenie trasy procesji prosz\u0119 OSP. W tym dniu udekorujmy nasze domy symbolami eucharystycznymi. A na Msz\u0119 \u015bw. z procesj\u0105 zapraszam w strojach g\u00f3ralskich, by podkre\u015bli\u0107 uroczysty charakter tego wydarzenia.<\/p>\n\n\n\n<p>7. <strong>W oktawie Bo\u017cego Cia\u0142a Msza \u015bw. i procesja o godzinie 18.00. <\/strong>Prosz\u0119, by\u015bmy ten czas oktawy r\u00f3wnie\u017c uczestniczyli w procesji. Dawajmy \u015bwiadectwo, \u017ce kochamy naszego Pana, kt\u00f3ry pozosta\u0142 z nami pod postaci\u0105 Chleba, zabierajmy dzieci i m\u0142odzie\u017c i starajmy si\u0119 o uczestnictwo w procesji.<\/p>\n\n\n\n<p>8.<strong> W niedziel\u0119 za tydzie\u0144<\/strong> b\u0119dzie mia\u0142 u nas swoje prymicje wy\u015bwi\u0119cony niedawno ks. Mateusz Ostwald. Poprowadzi procesj\u0119 eucharystyczn\u0105 i udzieli b\u0142ogos\u0142awie\u0144stwa prymicyjnego <strong>po Mszy \u015bw. o godzinie 11.00.<\/strong><\/p>\n\n\n\n<p>9. <strong>W niedziel\u0119 26 czerwca<\/strong> organizujemy w naszej parafii dzie\u0144 po\u015bwi\u0119cony chorym, starszym, niepe\u0142nosprawnym. Swoje \u015bwi\u0119to prze\u017cywa\u0107 b\u0119d\u0105 R\u00f3\u017ce \u017bywego R\u00f3\u017ca\u0144ca. <strong>W czasie dodatkowej Mszy \u015bw. o 15.00 udzielimy sakramentu namaszczenia chorych. <\/strong>Po liturgii b\u0119dziemy \u015bwi\u0119towa\u0107 przy kawie i ciastku. Prosz\u0119 rodziny takich os\u00f3b, by umo\u017cliwi\u0142y dotarcie do ko\u015bcio\u0142a na t\u0119 uroczysto\u015b\u0107, pokonuj\u0105c schody i wszelkie bariery architektoniczne oraz podwo\u017c\u0105c samochodem. Osoby ch\u0119tne , by upiec ciasto prosz\u0119 o zg\u0142aszanie si\u0119 do mnie.<\/p>\n\n\n\n<p>10. Dzi\u0119kuj\u0119 za sprz\u0105tanie naszej \u015bwi\u0105tyni na niedziel\u0119 oraz za ofiary na kwiaty. W tym tygodniu prosimy o podj\u0119cie troski o nasz parafialny ko\u015bci\u00f3\u0142: <strong>p. Grzegorz Luberda, Anna Cerwas, Anna Zagata z ul. Bystrej oraz Maria Gro\u0144ska z ul. Migrond.<\/strong><\/p>\n\n\n\n<p>11. Zapraszamy do nabywania prasy katolickiej. Jest nowy numer \u201eNiedzieli\u201d, oraz \u201eR\u00f3\u017caniec\u201d a dla dzieci \u201eSta\u015b\u201d i \u201eAnio\u0142 Str\u00f3\u017c\u201d.<\/p>\n\n\n\n<p><strong>Og\u0142oszenie o kt\u00f3re proszono:<\/strong><\/p>\n\n\n\n<p>Zesp\u00f3\u0142 JAFERNIOCEK, So\u0142tys i Rada So\u0142ecka zapraszaj\u0105 na festyn rodzinny tradycyjnie we czwartek tj. Bo\u017ce Cia\u0142o od godz. 15:00 na boisku sportowym b\u0119dzie grill i atrakcje dla dzieci.<\/p>\n","protected":false},"excerpt":{"rendered":"<p>Uroczysto\u015b\u0107 Tr\u00f3jcy Przenaj\u015bwi\u0119tszej \u2013 12 czerwca 2022 roku 1. Dzisiaj uroczysto\u015b\u0107 Tr\u00f3jcy Przenaj\u015bwi\u0119tszej. Odpust w \u0141opusznej.Ko\u0144czy si\u0119 okres Komunii \u015bw. wielkanocnej. 2. Podzi\u0119kowania od Pana Grabarza za ofiary z\u0142o\u017cone na utrzymanie porz\u0105dku na parafialnym&#46;&#46;&#46;<\/p>\n<div class='heateorSssClear'><\/div><div  class='heateor_sss_sharing_container heateor_sss_horizontal_sharing' data-heateor-sss-href='http:\/\/parafiaostrowsko.info\/wordpress\/index.php\/2022\/06\/12\/ogloszenia-duszpasterskie-12-06-2022\/'><div class='heateor_sss_sharing_title' style=\"font-weight:bold\" >Udost\u0119pnij<\/div><div class=\"heateor_sss_sharing_ul\"><a class=\"heateor_sss_facebook\" href=\"https:\/\/www.facebook.com\/sharer\/sharer.php?u=http%3A%2F%2Fparafiaostrowsko.info%2Fwordpress%2Findex.php%2F2022%2F06%2F12%2Fogloszenia-duszpasterskie-12-06-2022%2F\" title=\"Facebook\" rel=\"nofollow noopener\" target=\"_blank\" style=\"font-size:32px!important;box-shadow:none;display:inline-block;vertical-align:middle\"><span class=\"heateor_sss_svg\" style=\"background-color:#3c589a;width:35px;height:35px;border-radius:999px;display:inline-block;opacity:1;float:left;font-size:32px;box-shadow:none;display:inline-block;font-size:16px;padding:0 4px;vertical-align:middle;background-repeat:repeat;overflow:hidden;padding:0;cursor:pointer;box-sizing:content-box\"><svg style=\"display:block;border-radius:999px;\" focusable=\"false\" aria-hidden=\"true\" xmlns=\"http:\/\/www.w3.org\/2000\/svg\" width=\"100%\" height=\"100%\" viewBox=\"-5 -5 42 42\"><path d=\"M17.78 27.5V17.008h3.522l.527-4.09h-4.05v-2.61c0-1.182.33-1.99 2.023-1.99h2.166V4.66c-.375-.05-1.66-.16-3.155-.16-3.123 0-5.26 1.905-5.26 5.405v3.016h-3.53v4.09h3.53V27.5h4.223z\" fill=\"#fff\"><\/path><\/svg><\/span><\/a><a style=\"padding:7.35px 0 !important\" class=\"heateor_sss_facebook_share\"><div class=\"fb-share-button\" data-href=\"http:\/\/parafiaostrowsko.info\/wordpress\/index.php\/2022\/06\/12\/ogloszenia-duszpasterskie-12-06-2022\/\" data-layout=\"button\"><\/div><\/a><\/div><div class=\"heateorSssClear\"><\/div><\/div><div class='heateorSssClear'><\/div>","protected":false},"author":7,"featured_media":4171,"comment_status":"open","ping_status":"open","sticky":false,"template":"","format":"standard","meta":[],"categories":[18],"tags":[],"_links":{"self":[{"href":"http:\/\/parafiaostrowsko.info\/wordpress\/index.php\/wp-json\/wp\/v2\/posts\/6674"}],"collection":[{"href":"http:\/\/parafiaostrowsko.info\/wordpress\/index.php\/wp-json\/wp\/v2\/posts"}],"about":[{"href":"http:\/\/parafiaostrowsko.info\/wordpress\/index.php\/wp-json\/wp\/v2\/types\/post"}],"author":[{"embeddable":true,"href":"http:\/\/parafiaostrowsko.info\/wordpress\/index.php\/wp-json\/wp\/v2\/users\/7"}],"replies":[{"embeddable":true,"href":"http:\/\/parafiaostrowsko.info\/wordpress\/index.php\/wp-json\/wp\/v2\/comments?post=6674"}],"version-history":[{"count":1,"href":"http:\/\/parafiaostrowsko.info\/wordpress\/index.php\/wp-json\/wp\/v2\/posts\/6674\/revisions"}],"predecessor-version":[{"id":6675,"href":"http:\/\/parafiaostrowsko.info\/wordpress\/index.php\/wp-json\/wp\/v2\/posts\/6674\/revisions\/6675"}],"wp:featuredmedia":[{"embeddable":true,"href":"http:\/\/parafiaostrowsko.info\/wordpress\/index.php\/wp-json\/wp\/v2\/media\/4171"}],"wp:attachment":[{"href":"http:\/\/parafiaostrowsko.info\/wordpress\/index.php\/wp-json\/wp\/v2\/media?parent=6674"}],"wp:term":[{"taxonomy":"category","embeddable":true,"href":"http:\/\/parafiaostrowsko.info\/wordpress\/index.php\/wp-json\/wp\/v2\/categories?post=6674"},{"taxonomy":"post_tag","embeddable":true,"href":"http:\/\/parafiaostrowsko.info\/wordpress\/index.php\/wp-json\/wp\/v2\/tags?post=6674"}],"curies":[{"name":"wp","href":"https:\/\/api.w.org\/{rel}","templated":true}]}}