{"id":6770,"date":"2022-09-03T20:35:53","date_gmt":"2022-09-03T18:35:53","guid":{"rendered":"http:\/\/parafiaostrowsko.info\/wordpress\/?p=6770"},"modified":"2022-09-03T20:35:53","modified_gmt":"2022-09-03T18:35:53","slug":"ogloszenia-duszpasterskie-04-09-2022","status":"publish","type":"post","link":"http:\/\/parafiaostrowsko.info\/wordpress\/index.php\/2022\/09\/03\/ogloszenia-duszpasterskie-04-09-2022\/","title":{"rendered":"Og\u0142oszenia duszpasterskie 04.09.2022"},"content":{"rendered":"\n<p class=\"has-text-align-center\"><strong>23 Niedziela zwyk\u0142a \u2013 4 wrze\u015bnia 2022 roku<\/strong><\/p>\n\n\n\n<p>1. Dzisiejsza niedziela jest <strong>Dniem naszej wdzi\u0119czno\u015bci Panu Bogu za stworzenie i dary ziemi,<\/strong> kt\u00f3re s\u0105 naszym po\u017cywieniem. Nasza delegacja z wie\u0144cem do\u017cynkowym reprezentuje nasz\u0105 parafi\u0119 na Do\u017cynkach w Lud\u017amierzu. Serdeczne B\u00f3g zap\u0142a\u0107 wszystkim, kt\u00f3rzy wzi\u0119li czynny udzia\u0142 w przygotowaniu wie\u0144ca do\u017cynkowego, szczeg\u00f3lnie pani Renacie Kamo\u0144 przy wsp\u00f3\u0142pracy z Centrum Integracji Spo\u0142ecznej oraz wsparcie finansowe przez rodziny wydelegowane.<\/p>\n\n\n\n<p>2. <strong>Kalendarz liturgiczny<\/strong><\/p>\n\n\n\n<p><strong>czwartek<\/strong> \u2013 \u015bwi\u0119to Narodzenia Naj\u015bwi\u0119tszej Maryi Panny<\/p>\n\n\n\n<p>3. <strong>W poniedzia\u0142ek<\/strong> nabo\u017ce\u0144stwo o uzdrowienie i uwolnienie do \u015bw. Micha\u0142a Archanio\u0142a o godzinie 17.30.<\/p>\n\n\n\n<p>4. <strong>W \u015brod\u0119<\/strong> Nowenna do Matki Bo\u017cej Nieustaj\u0105cej Pomocy o godzinie <strong>17.30.<\/strong><\/p>\n\n\n\n<p>5. <strong>W sobot\u0119 p<\/strong><strong>o Mszy \u015bw. spotkanie dla Lektor\u00f3w i Ministrant\u00f3w. Obecno\u015b\u0107 obowi\u0105zkowa.<\/strong><\/p>\n\n\n\n<p>6. Dzi\u0119kuj\u0119 tym, kt\u00f3rzy w tym tygodniu dbali o nasz\u0105 \u015bwi\u0105tyni\u0119 i z\u0142o\u017cyli ofiar\u0119 na kwiaty. Na nowy tydzie\u0144 prosimy mieszka\u0144c\u00f3w <strong>ul. Pieni\u0144skiej: <\/strong><strong>Barbara Luberda, Anna Proszek, Tomasz Szumal, Jan Orli\u0144ski.<\/strong><strong><\/strong><\/p>\n\n\n\n<p>7. Jest nowy numer \u201eNiedzieli\u201d. <strong>Od tego numeru kosztowa\u0107 b\u0119dzie 10 z\u0142.<\/strong> Tygodnik Niedziela do\u0142\u0105cza nowe czasopismo <strong>\u201eBli\u017cej \u017bycia z Wiar\u0105\u201d,<\/strong> kt\u00f3ry zapowiada poruszaj\u0105ce \u015bwiadectwa, historie z \u017cycia wzi\u0119te, artyku\u0142y<br>o uzdrowieniach, nawr\u00f3ceniach i cudach, porady specjalist\u00f3w z r\u00f3\u017cnych dziedzin, przepisy kulinarne i wiele innych ciekawostek.<\/p>\n\n\n\n<p>Przy gazetach s\u0105 wy\u0142o\u017cone bezp\u0142atne broszury nt. <strong>jak chroni\u0107 dzieci przed zagro\u017ceniami cyfrowego \u015bwiata.<\/strong> Ka\u017cdy powinien si\u0119 z nimi zapozna\u0107 niezale\u017cnie od wieku.<\/p>\n\n\n\n<p>8. Za tydzie\u0144 XXX Jubileuszowa Pielgrzymka Rodzin do Kalwarii Zebrzydowskiej pod has\u0142em \u201eNajwi\u0119ksza jest mi\u0142o\u015b\u0107\u2019, szczeg\u00f3\u0142y na plakacie.<\/p>\n\n\n\n<p>9. We wrze\u015bniu rozpoczniemy <strong>kurs przygotowania do sakramentu Bierzmowania<\/strong> dla m\u0142odzie\u017cy ze szko\u0142y podstawowej. Osoby, kt\u00f3re nie przyst\u0105pi\u0142y do tego sakramentu a chcia\u0142yby go przyj\u0105\u0107 prosz\u0119 o zg\u0142aszanie si\u0119 do kancelarii. Szczeg\u00f3\u0142y spotka\u0144 za tydzie\u0144.<\/p>\n","protected":false},"excerpt":{"rendered":"<p>23 Niedziela zwyk\u0142a \u2013 4 wrze\u015bnia 2022 roku 1. Dzisiejsza niedziela jest Dniem naszej wdzi\u0119czno\u015bci Panu Bogu za stworzenie i dary ziemi, kt\u00f3re s\u0105 naszym po\u017cywieniem. Nasza delegacja z wie\u0144cem do\u017cynkowym reprezentuje nasz\u0105 parafi\u0119&#46;&#46;&#46;<\/p>\n<div class='heateorSssClear'><\/div><div  class='heateor_sss_sharing_container heateor_sss_horizontal_sharing' data-heateor-sss-href='http:\/\/parafiaostrowsko.info\/wordpress\/index.php\/2022\/09\/03\/ogloszenia-duszpasterskie-04-09-2022\/'><div class='heateor_sss_sharing_title' style=\"font-weight:bold\" >Udost\u0119pnij<\/div><div class=\"heateor_sss_sharing_ul\"><a class=\"heateor_sss_facebook\" href=\"https:\/\/www.facebook.com\/sharer\/sharer.php?u=http%3A%2F%2Fparafiaostrowsko.info%2Fwordpress%2Findex.php%2F2022%2F09%2F03%2Fogloszenia-duszpasterskie-04-09-2022%2F\" title=\"Facebook\" rel=\"nofollow noopener\" target=\"_blank\" style=\"font-size:32px!important;box-shadow:none;display:inline-block;vertical-align:middle\"><span class=\"heateor_sss_svg\" style=\"background-color:#3c589a;width:35px;height:35px;border-radius:999px;display:inline-block;opacity:1;float:left;font-size:32px;box-shadow:none;display:inline-block;font-size:16px;padding:0 4px;vertical-align:middle;background-repeat:repeat;overflow:hidden;padding:0;cursor:pointer;box-sizing:content-box\"><svg style=\"display:block;border-radius:999px;\" focusable=\"false\" aria-hidden=\"true\" xmlns=\"http:\/\/www.w3.org\/2000\/svg\" width=\"100%\" height=\"100%\" viewBox=\"-5 -5 42 42\"><path d=\"M17.78 27.5V17.008h3.522l.527-4.09h-4.05v-2.61c0-1.182.33-1.99 2.023-1.99h2.166V4.66c-.375-.05-1.66-.16-3.155-.16-3.123 0-5.26 1.905-5.26 5.405v3.016h-3.53v4.09h3.53V27.5h4.223z\" fill=\"#fff\"><\/path><\/svg><\/span><\/a><a style=\"padding:7.35px 0 !important\" class=\"heateor_sss_facebook_share\"><div class=\"fb-share-button\" data-href=\"http:\/\/parafiaostrowsko.info\/wordpress\/index.php\/2022\/09\/03\/ogloszenia-duszpasterskie-04-09-2022\/\" data-layout=\"button\"><\/div><\/a><\/div><div class=\"heateorSssClear\"><\/div><\/div><div class='heateorSssClear'><\/div>","protected":false},"author":7,"featured_media":4171,"comment_status":"open","ping_status":"open","sticky":false,"template":"","format":"standard","meta":[],"categories":[18],"tags":[],"_links":{"self":[{"href":"http:\/\/parafiaostrowsko.info\/wordpress\/index.php\/wp-json\/wp\/v2\/posts\/6770"}],"collection":[{"href":"http:\/\/parafiaostrowsko.info\/wordpress\/index.php\/wp-json\/wp\/v2\/posts"}],"about":[{"href":"http:\/\/parafiaostrowsko.info\/wordpress\/index.php\/wp-json\/wp\/v2\/types\/post"}],"author":[{"embeddable":true,"href":"http:\/\/parafiaostrowsko.info\/wordpress\/index.php\/wp-json\/wp\/v2\/users\/7"}],"replies":[{"embeddable":true,"href":"http:\/\/parafiaostrowsko.info\/wordpress\/index.php\/wp-json\/wp\/v2\/comments?post=6770"}],"version-history":[{"count":1,"href":"http:\/\/parafiaostrowsko.info\/wordpress\/index.php\/wp-json\/wp\/v2\/posts\/6770\/revisions"}],"predecessor-version":[{"id":6771,"href":"http:\/\/parafiaostrowsko.info\/wordpress\/index.php\/wp-json\/wp\/v2\/posts\/6770\/revisions\/6771"}],"wp:featuredmedia":[{"embeddable":true,"href":"http:\/\/parafiaostrowsko.info\/wordpress\/index.php\/wp-json\/wp\/v2\/media\/4171"}],"wp:attachment":[{"href":"http:\/\/parafiaostrowsko.info\/wordpress\/index.php\/wp-json\/wp\/v2\/media?parent=6770"}],"wp:term":[{"taxonomy":"category","embeddable":true,"href":"http:\/\/parafiaostrowsko.info\/wordpress\/index.php\/wp-json\/wp\/v2\/categories?post=6770"},{"taxonomy":"post_tag","embeddable":true,"href":"http:\/\/parafiaostrowsko.info\/wordpress\/index.php\/wp-json\/wp\/v2\/tags?post=6770"}],"curies":[{"name":"wp","href":"https:\/\/api.w.org\/{rel}","templated":true}]}}