{"id":7109,"date":"2022-12-03T23:05:05","date_gmt":"2022-12-03T22:05:05","guid":{"rendered":"http:\/\/parafiaostrowsko.info\/wordpress\/?p=7109"},"modified":"2022-12-03T23:05:06","modified_gmt":"2022-12-03T22:05:06","slug":"intencje-mszalne-05-12-11-12-2022","status":"publish","type":"post","link":"http:\/\/parafiaostrowsko.info\/wordpress\/index.php\/2022\/12\/03\/intencje-mszalne-05-12-11-12-2022\/","title":{"rendered":"Intencje mszalne 05.12.-11.12.2022"},"content":{"rendered":"\n<p><strong>poniedzia\u0142ek \u2013 5 grudnia 2022<\/strong><br>17.00\u00a0 \u00a0\u00a0ks. Stanis\u0142aw: \u00a0\u015bp. Maria DORCZAK \u00a012 rocz. \u015bm.<br>17.00\u00a0\u00a0\u00a0 \u015bp. Magdalena SMARDUCH \u2013 od Mamy i Marka<\/p>\n\n\n\n<p><strong>wtorek \u2013 6 grudnia 2022<\/strong><br>7.00\u00a0\u00a0 \u00a0\u00a0ks. Stanis\u0142aw: \u015bp. Antonina KAMO\u0143<br>7.00\u00a0\u00a0\u00a0 \u00a0w intencji wynagradzaj\u0105cej za grzechy<\/p>\n\n\n\n<p><strong>\u015broda \u2013 7 grudnia 2022<\/strong><br>17.00 \u00a0\u00a0ks. Stanis\u0142aw: \u00a0\u015bp. Gustawa K\u0141OS 11 rocz. \u015bm.<br>\u00a0\u00a0\u00a0\u00a0\u00a0\u00a0\u00a0\u00a0\u00a0\u00a0\u00a0\u00a0\u00a0\u00a0\u00a0\u00a0\u00a0\u00a0\u00a0\u00a0\u00a0\u00a0\u00a0\u00a0\u00a0\u00a0\u00a0\u00a0\u00a0\u00a0\u00a0\u00a0\u00a0\u00a0\u00a0\u00a0\u00a0\u00a0 \u015bp. Eugeniusz m\u0105\u017c<br>17.00 \u00a0\u00a0\u00a0\u015bp. Helena TWAR\u00d3G &#8211; od c\u00f3rki Marii i Jana Lorencewicz<\/p>\n\n\n\n<p><strong><span class=\"has-inline-color has-vivid-red-color\">czwartek \u2013 8 grudnia 2022 \u00a0Niepokalanego Pocz\u0119cia N M P<\/span><\/strong><br><strong><span class=\"has-inline-color has-vivid-red-color\">\u00a0 7.00<\/span><\/strong>\u00a0 \u00a0ks. Stanis\u0142aw: \u015bp. Leon KOZIE\u0141 \u00a01 rocz. \u015bm.<br>\u00a0 <strong><span class=\"has-inline-color has-vivid-red-color\">7.00 <\/span><\/strong>\u00a0\u00a0\u015bp. Stanis\u0142aw MAKOWSKI 12 rocz. \u015bm.<br><span class=\"has-inline-color has-vivid-red-color\">17.00<\/span>\u00a0 \u00a0\u00a0\u00a0\u00a0\u00a0\u00a0\u00a0o powr\u00f3t do zdrowia Czes\u0142awa oraz o potrzebne \u0142aski Bo\u017ce<\/p>\n\n\n\n<p><strong>pi\u0105tek \u2013 9 grudnia 2022<\/strong><br>17.00\u00a0\u00a0\u00a0\u00a0 ks. Stanis\u0142aw: \u00a0Dzi\u0119kczynna w intencji Mi\u0142osza<\/p>\n\n\n\n<p>17.00&nbsp;&nbsp; &nbsp;&nbsp;\u015bp. Antoni KOZIE\u0141 (z okazji urodzin)<\/p>\n\n\n\n<p><strong>sobota \u2013 10 grudnia 2022<\/strong><br>17.00\u00a0 ks. Stanis\u0142aw: \u015bp. Maria OSTWALD 65 rocz. \u015bm.<br>\u00a0\u00a0\u00a0\u00a0\u00a0\u00a0\u00a0\u00a0\u00a0\u00a0\u00a0\u00a0\u00a0\u00a0\u00a0\u00a0\u00a0\u00a0\u00a0\u00a0\u00a0\u00a0\u00a0\u00a0\u00a0\u00a0\u00a0\u00a0\u00a0\u00a0\u00a0\u00a0\u00a0\u00a0\u00a0\u00a0\u00a0\u00a0 \u015bp. Micha\u0142 m\u0105\u017c \u00a0\u00a0\u00a0\u015bp. Stanis\u0142aw syn<br>17.00\u00a0 \u00a0\u015bp. Magdalena SMARDUCH<br>\u00a0\u00a0\u00a0\u00a0\u00a0\u00a0\u00a0\u00a0\u00a0\u00a0\u00a0\u00a0\u00a0\u00a0\u00a0\u00a0\u00a0\u00a0\u00a0\u00a0\u00a0\u00a0\u00a0\u00a0\u00a0\u00a0\u00a0\u00a0\u00a0\u00a0\u00a0\u00a0\u00a0\u00a0\u00a0\u00a0\u00a0\u00a0\u00a0\u00a0\u00a0\u00a0\u00a0\u00a0\u00a0\u00a0\u00a0\u00a0\u00a0\u00a0\u00a0\u00a0\u00a0\u00a0\u00a0\u00a0\u00a0\u00a0\u00a0\u00a0\u00a0\u00a0\u00a0 \u2013 od J\u00f3zefa Smarducha i syna Mariusza<\/p>\n\n\n\n<p><strong><span class=\"has-inline-color has-vivid-red-color\">III NIEDZIELA ADWENTU\u2013 11 grudnia 2022<\/span><\/strong><\/p>\n\n\n\n<p><strong><span class=\"has-inline-color has-vivid-red-color\">\u00a08.00 \u00a0<\/span><\/strong>\u00a0\u00a0ks. Stanis\u0142aw: \u015bp. Franciszek KO\u0141AT<br>\u00a0\u00a0\u00a0\u00a0\u00a0\u00a0\u00a0\u00a0\u00a0\u00a0\u00a0\u00a0\u00a0\u00a0\u00a0\u00a0\u00a0\u00a0\u00a0\u00a0\u00a0\u00a0\u00a0\u00a0\u00a0\u00a0\u00a0\u00a0\u00a0\u00a0\u00a0\u00a0\u00a0\u00a0\u00a0\u00a0\u00a0 oraz jego \u017cona i synowie \u2013 od Tadeusza Ko\u0142ata<br>\u00a0<strong><span class=\"has-inline-color has-vivid-red-color\">8.00<\/span><\/strong>\u00a0 \u00a0\u015bp. Maria WAWRZON (z okazji urodzin)<br><strong><span class=\"has-inline-color has-vivid-red-color\">11.00<\/span><\/strong>\u00a0 \u00a0\u00a0za nasz\u0105 wsp\u00f3lnot\u0119 parafialn\u0105<\/p>\n","protected":false},"excerpt":{"rendered":"<p>poniedzia\u0142ek \u2013 5 grudnia 202217.00\u00a0 \u00a0\u00a0ks. Stanis\u0142aw: \u00a0\u015bp. Maria DORCZAK \u00a012 rocz. \u015bm.17.00\u00a0\u00a0\u00a0 \u015bp. Magdalena SMARDUCH \u2013 od Mamy i Marka wtorek \u2013 6 grudnia 20227.00\u00a0\u00a0 \u00a0\u00a0ks. Stanis\u0142aw: \u015bp. Antonina KAMO\u01437.00\u00a0\u00a0\u00a0 \u00a0w intencji wynagradzaj\u0105cej&#46;&#46;&#46;<\/p>\n<div class='heateorSssClear'><\/div><div  class='heateor_sss_sharing_container heateor_sss_horizontal_sharing' data-heateor-sss-href='http:\/\/parafiaostrowsko.info\/wordpress\/index.php\/2022\/12\/03\/intencje-mszalne-05-12-11-12-2022\/'><div class='heateor_sss_sharing_title' style=\"font-weight:bold\" >Udost\u0119pnij<\/div><div class=\"heateor_sss_sharing_ul\"><a class=\"heateor_sss_facebook\" href=\"https:\/\/www.facebook.com\/sharer\/sharer.php?u=http%3A%2F%2Fparafiaostrowsko.info%2Fwordpress%2Findex.php%2F2022%2F12%2F03%2Fintencje-mszalne-05-12-11-12-2022%2F\" title=\"Facebook\" rel=\"nofollow noopener\" target=\"_blank\" style=\"font-size:32px!important;box-shadow:none;display:inline-block;vertical-align:middle\"><span class=\"heateor_sss_svg\" style=\"background-color:#3c589a;width:35px;height:35px;border-radius:999px;display:inline-block;opacity:1;float:left;font-size:32px;box-shadow:none;display:inline-block;font-size:16px;padding:0 4px;vertical-align:middle;background-repeat:repeat;overflow:hidden;padding:0;cursor:pointer;box-sizing:content-box\"><svg style=\"display:block;border-radius:999px;\" focusable=\"false\" aria-hidden=\"true\" xmlns=\"http:\/\/www.w3.org\/2000\/svg\" width=\"100%\" height=\"100%\" viewBox=\"-5 -5 42 42\"><path d=\"M17.78 27.5V17.008h3.522l.527-4.09h-4.05v-2.61c0-1.182.33-1.99 2.023-1.99h2.166V4.66c-.375-.05-1.66-.16-3.155-.16-3.123 0-5.26 1.905-5.26 5.405v3.016h-3.53v4.09h3.53V27.5h4.223z\" fill=\"#fff\"><\/path><\/svg><\/span><\/a><a style=\"padding:7.35px 0 !important\" class=\"heateor_sss_facebook_share\"><div class=\"fb-share-button\" data-href=\"http:\/\/parafiaostrowsko.info\/wordpress\/index.php\/2022\/12\/03\/intencje-mszalne-05-12-11-12-2022\/\" data-layout=\"button\"><\/div><\/a><\/div><div class=\"heateorSssClear\"><\/div><\/div><div class='heateorSssClear'><\/div>","protected":false},"author":7,"featured_media":4167,"comment_status":"open","ping_status":"open","sticky":false,"template":"","format":"standard","meta":[],"categories":[17],"tags":[],"_links":{"self":[{"href":"http:\/\/parafiaostrowsko.info\/wordpress\/index.php\/wp-json\/wp\/v2\/posts\/7109"}],"collection":[{"href":"http:\/\/parafiaostrowsko.info\/wordpress\/index.php\/wp-json\/wp\/v2\/posts"}],"about":[{"href":"http:\/\/parafiaostrowsko.info\/wordpress\/index.php\/wp-json\/wp\/v2\/types\/post"}],"author":[{"embeddable":true,"href":"http:\/\/parafiaostrowsko.info\/wordpress\/index.php\/wp-json\/wp\/v2\/users\/7"}],"replies":[{"embeddable":true,"href":"http:\/\/parafiaostrowsko.info\/wordpress\/index.php\/wp-json\/wp\/v2\/comments?post=7109"}],"version-history":[{"count":1,"href":"http:\/\/parafiaostrowsko.info\/wordpress\/index.php\/wp-json\/wp\/v2\/posts\/7109\/revisions"}],"predecessor-version":[{"id":7110,"href":"http:\/\/parafiaostrowsko.info\/wordpress\/index.php\/wp-json\/wp\/v2\/posts\/7109\/revisions\/7110"}],"wp:featuredmedia":[{"embeddable":true,"href":"http:\/\/parafiaostrowsko.info\/wordpress\/index.php\/wp-json\/wp\/v2\/media\/4167"}],"wp:attachment":[{"href":"http:\/\/parafiaostrowsko.info\/wordpress\/index.php\/wp-json\/wp\/v2\/media?parent=7109"}],"wp:term":[{"taxonomy":"category","embeddable":true,"href":"http:\/\/parafiaostrowsko.info\/wordpress\/index.php\/wp-json\/wp\/v2\/categories?post=7109"},{"taxonomy":"post_tag","embeddable":true,"href":"http:\/\/parafiaostrowsko.info\/wordpress\/index.php\/wp-json\/wp\/v2\/tags?post=7109"}],"curies":[{"name":"wp","href":"https:\/\/api.w.org\/{rel}","templated":true}]}}