{"id":7356,"date":"2023-02-19T20:58:54","date_gmt":"2023-02-19T19:58:54","guid":{"rendered":"http:\/\/parafiaostrowsko.info\/wordpress\/?p=7356"},"modified":"2023-02-19T20:58:55","modified_gmt":"2023-02-19T19:58:55","slug":"intencje-mszalne-20-02-26-02-2023","status":"publish","type":"post","link":"http:\/\/parafiaostrowsko.info\/wordpress\/index.php\/2023\/02\/19\/intencje-mszalne-20-02-26-02-2023\/","title":{"rendered":"Intencje mszalne 20.02.-26.02.2023"},"content":{"rendered":"\n<p><strong>poniedzia\u0142ek \u2013 20 lutego 2023<\/strong><br>17.00\u00a0\u00a0 ks. Stanis\u0142aw: Z podzi\u0119kowaniem Panu Bogu zatrzymane \u0142aski z pro\u015bb\u0105 o zdrowie i dalsz\u0105 opiek\u0119 dla Antoniego i Stanis\u0142awy w rocz. \u015blubu<br>17.00\u00a0\u00a0\u00a0 \u015bp. mjr J\u00f3zef KURA\u015a ps. \u201eOgie\u0144\u201d w 76 rocz. walki i \u015bmierci<\/p>\n\n\n\n<p><strong>wtorek \u2013 21 lutego 2023<\/strong><br>7.00 \u00a0\u00a0ks. Stanis\u0142aw:\u00a0 Z podzi\u0119kowaniem Panu Bogu zatrzymane \u0142aski z pro\u015bb\u0105 o dalsz\u0105 opiek\u0119 w rodzinie Jolanty i Stanis\u0142awa<br>7.00\u00a0 \u00a0\u00a0\u00a0\u015bp. Antoni\u00a0 KOZIE\u0141 1 rocz. \u015bm.<br>\u00a0\u00a0\u00a0\u00a0\u00a0\u00a0\u00a0\u00a0\u00a0\u00a0\u00a0\u00a0\u00a0\u00a0\u00a0\u00a0\u00a0\u00a0\u00a0\u00a0\u00a0\u00a0\u00a0\u00a0\u00a0\u00a0\u00a0\u00a0\u00a0\u00a0\u00a0\u00a0\u00a0\u00a0\u00a0\u00a0 \u2013 od c\u00f3rki Stanis\u0142awy i syna Aleksandra z rodzinami<br><br><strong>\u015broda \u2013 22 lutego 2023\u00a0 POPIELEC<\/strong><br>7.00 \u00a0\u00a0ks. Stanis\u0142aw: \u015bp. Maria TWAR\u00d3G &#8211; od Anny i Kazimierza Szumal<br>7.00 \u00a0\u00a0\u00a0\u00a0Za Parafian<br>17.00\u00a0 \u015bp. Ewa i Franciszek CI\u0118\u017bOBKA<\/p>\n\n\n\n<p><strong>czwartek \u2013 23 lutego 2023<\/strong><br>7.00\u00a0 \u00a0ks. Stanis\u0142aw: \u00a0\u015bp. Rozalia KO\u0141AT 12 rocz. \u015bm. \u015bp. m\u0105\u017c i synowie<br>\u00a0\u00a0\u00a0\u00a0\u00a0\u00a0\u00a0\u00a0\u00a0\u00a0\u00a0\u00a0\u00a0\u00a0\u00a0\u00a0\u00a0\u00a0\u00a0\u00a0\u00a0\u00a0\u00a0\u00a0\u00a0\u00a0\u00a0\u00a0\u00a0\u00a0\u00a0\u00a0\u00a0\u00a0\u00a0\u00a0\u00a0\u00a0\u00a0\u00a0\u00a0\u00a0\u00a0\u00a0\u00a0\u00a0\u00a0\u00a0\u00a0\u00a0\u00a0\u00a0\u00a0\u00a0\u00a0\u00a0\u00a0\u00a0\u00a0\u00a0\u00a0\u00a0\u00a0\u00a0\u00a0\u00a0\u00a0\u00a0\u00a0\u00a0\u00a0\u00a0\u00a0\u00a0\u00a0\u00a0\u00a0\u00a0\u00a0\u00a0\u00a0\u00a0\u00a0\u00a0\u00a0\u00a0\u00a0\u00a0\u00a0 \u2013 od Tadeusza z rodzin\u0105<br>7.00\u00a0 \u00a0\u015bp. J\u00f3zef PACH\u00a0\u00a0\u00a0 \u015bp. Maria \u017cona<br>\u00a0\u00a0\u00a0\u00a0\u00a0\u00a0\u00a0\u00a0\u00a0\u00a0\u00a0\u00a0\u00a0\u00a0\u00a0\u00a0\u00a0\u00a0\u00a0\u00a0\u00a0\u00a0\u00a0\u00a0\u00a0\u00a0\u00a0\u00a0\u00a0\u00a0\u00a0\u00a0\u00a0\u00a0\u00a0\u00a0\u00a0\u00a0\u00a0\u00a0\u00a0\u00a0\u00a0\u00a0\u00a0\u00a0\u00a0\u00a0\u00a0\u00a0\u00a0\u00a0\u00a0\u00a0\u00a0\u00a0\u00a0\u00a0\u00a0\u00a0 \u00a0&#8211; od Tadeusza i Edmunda Pach z mam\u0105<br><\/p>\n\n\n\n<p><strong>pi\u0105tek \u2013 24 lutego 2023<\/strong><\/p>\n\n\n\n<p>17.00 \u00a0\u00a0\u00a0ks. Stanis\u0142aw: \u015bp. Stanis\u0142aw LUDZIA \u00a06 rocz. \u015bm. \u00a0<br>\u00a0\u00a0\u00a0\u00a0\u00a0\u00a0\u00a0\u00a0\u00a0\u00a0\u00a0\u00a0\u00a0\u00a0\u00a0\u00a0\u00a0\u00a0\u00a0\u00a0\u00a0\u00a0\u00a0\u00a0\u00a0\u00a0\u00a0\u00a0\u00a0\u00a0\u00a0\u00a0\u00a0\u00a0\u00a0\u00a0\u00a0\u00a0\u00a0\u00a0 \u015bp. Alicja \u017cona<br>17.00\u00a0 \u015bp. Antoni KOZIE\u0141 1 rocz. \u015bm.<br>\u00a0\u00a0\u00a0\u00a0\u00a0\u00a0\u00a0\u00a0\u00a0\u00a0\u00a0\u00a0 \u00a0\u00a0\u00a0\u00a0\u00a0\u00a0\u00a0\u00a0\u00a0\u00a0\u00a0\u00a0\u00a0\u00a0\u00a0\u00a0\u00a0\u00a0\u00a0\u00a0\u00a0\u00a0\u00a0\u00a0\u00a0\u2013 od c\u00f3rki Stanis\u0142awy i syna Aleksandra z rodzinami<br><br><strong>sobota \u2013 25 lutego 2023<\/strong><br>17.00\u00a0 ks. Stanis\u0142aw:\u00a0 \u015bp. Czes\u0142aw KORZONKIEWICZ 13 rocz. \u015bm.<br>\u00a0\u00a0\u00a0\u00a0\u00a0\u00a0\u00a0\u00a0\u00a0\u00a0\u00a0\u00a0\u00a0\u00a0\u00a0\u00a0\u00a0\u00a0\u00a0\u00a0\u00a0\u00a0\u00a0\u00a0\u00a0\u00a0\u00a0\u00a0\u00a0\u00a0\u00a0\u00a0\u00a0\u00a0\u00a0\u00a0\u00a0\u00a0\u00a0 \u015bp. Andrzej i Stanis\u0142awa rodzice<br>17.00\u00a0 \u015bp. Sylwester GUCWA \u2013 od bratowej Stanis\u0142awy z synami<br><br><\/p>\n\n\n\n<p><strong>I NIEDZIELA WIELKIEGO POSTU \u2013 26 lutego 2023<\/strong><\/p>\n\n\n\n<p>&nbsp;8.00 &nbsp;&nbsp;&nbsp;ks. Stanis\u0142aw: \u015bp. Maria JANCZURA rocz. \u015bm.<br>&nbsp;&nbsp;&nbsp;&nbsp;&nbsp;&nbsp;&nbsp;&nbsp;&nbsp;&nbsp;&nbsp;&nbsp;&nbsp;&nbsp;&nbsp;&nbsp;&nbsp;&nbsp;&nbsp;&nbsp;&nbsp;&nbsp;&nbsp;&nbsp;&nbsp;&nbsp;&nbsp; \u015bp. Franciszek m\u0105\u017c \u015bp. Marian i Bronis\u0142aw synowie<br>&nbsp;8.00&nbsp; &nbsp;&nbsp;\u015bp. Ludwik WAWRZON 2 rocz. \u015bm.<br>11.00&nbsp; &nbsp;&nbsp;O B\u0142ogos\u0142awie\u0144stwo Bo\u017ce &nbsp;i zdrowie dla El\u017cbiety<br>&nbsp;&nbsp;&nbsp;&nbsp;&nbsp;&nbsp;&nbsp;&nbsp;&nbsp;&nbsp;&nbsp;&nbsp;&nbsp;&nbsp;&nbsp; w 30 rocz. urodzin<\/p>\n","protected":false},"excerpt":{"rendered":"<p>poniedzia\u0142ek \u2013 20 lutego 202317.00\u00a0\u00a0 ks. Stanis\u0142aw: Z podzi\u0119kowaniem Panu Bogu zatrzymane \u0142aski z pro\u015bb\u0105 o zdrowie i dalsz\u0105 opiek\u0119 dla Antoniego i Stanis\u0142awy w rocz. \u015blubu17.00\u00a0\u00a0\u00a0 \u015bp. mjr J\u00f3zef KURA\u015a ps. \u201eOgie\u0144\u201d w&#46;&#46;&#46;<\/p>\n<div class='heateorSssClear'><\/div><div  class='heateor_sss_sharing_container heateor_sss_horizontal_sharing' data-heateor-sss-href='http:\/\/parafiaostrowsko.info\/wordpress\/index.php\/2023\/02\/19\/intencje-mszalne-20-02-26-02-2023\/'><div class='heateor_sss_sharing_title' style=\"font-weight:bold\" >Udost\u0119pnij<\/div><div class=\"heateor_sss_sharing_ul\"><a class=\"heateor_sss_facebook\" href=\"https:\/\/www.facebook.com\/sharer\/sharer.php?u=http%3A%2F%2Fparafiaostrowsko.info%2Fwordpress%2Findex.php%2F2023%2F02%2F19%2Fintencje-mszalne-20-02-26-02-2023%2F\" title=\"Facebook\" rel=\"nofollow noopener\" target=\"_blank\" style=\"font-size:32px!important;box-shadow:none;display:inline-block;vertical-align:middle\"><span class=\"heateor_sss_svg\" style=\"background-color:#3c589a;width:35px;height:35px;border-radius:999px;display:inline-block;opacity:1;float:left;font-size:32px;box-shadow:none;display:inline-block;font-size:16px;padding:0 4px;vertical-align:middle;background-repeat:repeat;overflow:hidden;padding:0;cursor:pointer;box-sizing:content-box\"><svg style=\"display:block;border-radius:999px;\" focusable=\"false\" aria-hidden=\"true\" xmlns=\"http:\/\/www.w3.org\/2000\/svg\" width=\"100%\" height=\"100%\" viewBox=\"-5 -5 42 42\"><path d=\"M17.78 27.5V17.008h3.522l.527-4.09h-4.05v-2.61c0-1.182.33-1.99 2.023-1.99h2.166V4.66c-.375-.05-1.66-.16-3.155-.16-3.123 0-5.26 1.905-5.26 5.405v3.016h-3.53v4.09h3.53V27.5h4.223z\" fill=\"#fff\"><\/path><\/svg><\/span><\/a><a style=\"padding:7.35px 0 !important\" class=\"heateor_sss_facebook_share\"><div class=\"fb-share-button\" data-href=\"http:\/\/parafiaostrowsko.info\/wordpress\/index.php\/2023\/02\/19\/intencje-mszalne-20-02-26-02-2023\/\" data-layout=\"button\"><\/div><\/a><\/div><div class=\"heateorSssClear\"><\/div><\/div><div class='heateorSssClear'><\/div>","protected":false},"author":7,"featured_media":4167,"comment_status":"open","ping_status":"open","sticky":false,"template":"","format":"standard","meta":[],"categories":[17],"tags":[],"_links":{"self":[{"href":"http:\/\/parafiaostrowsko.info\/wordpress\/index.php\/wp-json\/wp\/v2\/posts\/7356"}],"collection":[{"href":"http:\/\/parafiaostrowsko.info\/wordpress\/index.php\/wp-json\/wp\/v2\/posts"}],"about":[{"href":"http:\/\/parafiaostrowsko.info\/wordpress\/index.php\/wp-json\/wp\/v2\/types\/post"}],"author":[{"embeddable":true,"href":"http:\/\/parafiaostrowsko.info\/wordpress\/index.php\/wp-json\/wp\/v2\/users\/7"}],"replies":[{"embeddable":true,"href":"http:\/\/parafiaostrowsko.info\/wordpress\/index.php\/wp-json\/wp\/v2\/comments?post=7356"}],"version-history":[{"count":1,"href":"http:\/\/parafiaostrowsko.info\/wordpress\/index.php\/wp-json\/wp\/v2\/posts\/7356\/revisions"}],"predecessor-version":[{"id":7357,"href":"http:\/\/parafiaostrowsko.info\/wordpress\/index.php\/wp-json\/wp\/v2\/posts\/7356\/revisions\/7357"}],"wp:featuredmedia":[{"embeddable":true,"href":"http:\/\/parafiaostrowsko.info\/wordpress\/index.php\/wp-json\/wp\/v2\/media\/4167"}],"wp:attachment":[{"href":"http:\/\/parafiaostrowsko.info\/wordpress\/index.php\/wp-json\/wp\/v2\/media?parent=7356"}],"wp:term":[{"taxonomy":"category","embeddable":true,"href":"http:\/\/parafiaostrowsko.info\/wordpress\/index.php\/wp-json\/wp\/v2\/categories?post=7356"},{"taxonomy":"post_tag","embeddable":true,"href":"http:\/\/parafiaostrowsko.info\/wordpress\/index.php\/wp-json\/wp\/v2\/tags?post=7356"}],"curies":[{"name":"wp","href":"https:\/\/api.w.org\/{rel}","templated":true}]}}