{"id":7386,"date":"2023-03-19T10:32:42","date_gmt":"2023-03-19T09:32:42","guid":{"rendered":"http:\/\/parafiaostrowsko.info\/wordpress\/?p=7386"},"modified":"2023-03-19T17:50:54","modified_gmt":"2023-03-19T16:50:54","slug":"ogloszenia-duszpasterskie-19-03-2023","status":"publish","type":"post","link":"http:\/\/parafiaostrowsko.info\/wordpress\/index.php\/2023\/03\/19\/ogloszenia-duszpasterskie-19-03-2023\/","title":{"rendered":"Og\u0142oszenia duszpasterskie 19.03.2023"},"content":{"rendered":"\n<p class=\"has-text-align-center\"><strong>4 NIEDZIELA WIELKIEGO POSTU \u2013<br>19 marca 2023 roku<\/strong><\/p>\n\n\n\n<p>1. Dzi\u0119kujemy tym osobom, kt\u00f3re zrobi\u0142y paczki dla mieszka\u0144c\u00f3w Ukrainy. Fundacja \u201eDunajec\u201d zaraz po niedzieli odbierze dary ze szko\u0142y i z ko\u015bcio\u0142a. B\u00f3g zap\u0142a\u0107.<\/p>\n\n\n\n<p>2. Za tydzie\u0144 rozpoczynamy parafialne <strong>rekolekcje wielkopostne<\/strong>, kt\u00f3re poprowadzi<br><strong>ks. Piotr Basista ze zgromadzenia Ksi\u0119\u017cy Salezjan\u00f3w w Kielcach.<\/strong> Program jest wy\u0142o\u017cony na \u0142awkach w ko\u015bciele, w gablocie oraz na stronie internetowej parafii. Wszystkie nauki b\u0119dzie mo\u017cna \u015bledzi\u0107 na naszej stronie <a href=\"http:\/\/www.parafiaostrowko.info\">www.parafiaostrowko.info<\/a>. W czasie rekolekcji b\u0119d\u0105 odwiedziny chorych z Komuni\u0105 \u015bw. i namaszczeniem. Prosz\u0119 o zg\u0142oszenia w zakrystii.<\/p>\n\n\n\n<p>3. Dzisiaj ofiary sk\u0142adane do skarbony przeznaczymy <strong>na kwiaty do Bo\u017cego Grobu.<\/strong><\/p>\n\n\n\n<p>4.<strong> W poniedzia\u0142ek<\/strong> <strong>Uroczysto\u015b\u0107 \u015bw. J\u00f3zefa Oblubie\u0144ca NMP<\/strong> \u2013 Msz\u0119 \u015bw. odprawimy w kaplicy \u015bw. J\u00f3zefa wypraszaj\u0105c u Niego \u0142aski dla naszej parafii na czas rekolekcji. Szczeg\u00f3lnie zapraszamy <strong>2 R\u00f3\u017c\u0119 \u017bywego R\u00f3\u017ca\u0144ca<\/strong>, <strong>zelatorki Stefanii Byrdak,<\/strong> kt\u00f3rej patronem jest \u015bw. J\u00f3zef. Jej cz\u0142onkowie odnowi\u0105 swoje przyrzeczenia, kt\u00f3re z\u0142o\u017cyli wst\u0119puj\u0105c do \u017bywego R\u00f3\u017ca\u0144ca oraz otrzymaj\u0105 legitymacj\u0119 cz\u0142onkowsk\u0105.<\/p>\n\n\n\n<p>5. <strong>W sobot\u0119<\/strong> <strong>Uroczysto\u015b\u0107 Zwiastowania Pa\u0144skiego<\/strong> prze\u017cywana jako <strong>Dzie\u0144 \u015awi\u0119to\u015bci \u017bycia.<\/strong> Msze \u015bw. o <strong>7.00 i 17.00.<\/strong> Zach\u0119camy do podj\u0119cia Duchowej Adopcji Dziecka Pocz\u0119tego, kt\u00f3rego \u017cycie jest zagro\u017cone. Przy gazetach s\u0105 do zabrania deklaracje, kt\u00f3re z\u0142o\u017cymy podejmuj\u0105c Duchow\u0105 Adopcj\u0119.<\/p>\n\n\n\n<p>6. Zaproszenie na marsz w obronie godno\u015bci \u015bw. Jana Paw\u0142a II. Pocz\u0105tek o godzinie 14.00 z ko\u015bcio\u0142a Naj\u015bwi\u0119tszego Serca Pana Jezusa do Rynku. Program jest w gablocie.<\/p>\n\n\n\n<p>7.<strong> W sobot\u0119 <\/strong>odb\u0119dzie si\u0119 spotkanie S\u0142u\u017cby Liturgicznej O\u0142tarza czyli Lektor\u00f3w i Ministrant\u00f3w po Mszy \u015bw. wieczornej\u2013 rozpoczynamy przygotowania liturgii Wielkiego Tygodnia. <strong>Ch\u0119tne osoby doros\u0142e, kt\u00f3re chc\u0105 aktywnie si\u0119 w\u0142\u0105czy\u0107 w liturgi\u0119 zapraszam do osobistego kontaktu ze mn\u0105.<\/strong><\/p>\n\n\n\n<p>8. <strong>DROGA KRZY\u017bOWA:<\/strong> w pi\u0105tek <strong>o 16.30 i 20.00<\/strong> oraz <strong>w niedziel\u0119 <\/strong>po Sumie.<\/p>\n\n\n\n<p>9. <strong>W \u015brod\u0119<\/strong> Nowenna do Matki Bo\u017cej Nieustaj\u0105cej Pomocy <strong>o godzinie 16.30 a o 19.00 <\/strong>spotkanie Rady Duszpasterskiej<strong>.<\/strong><\/p>\n\n\n\n<p>10. <strong>31 marca (w pi\u0105tek) o godzinie 19.00 <\/strong>odb\u0119dzie si\u0119 Droga Krzy\u017cowa ulicami naszej miejscowo\u015bci. Ju\u017c dzisiaj zapraszamy a szczeg\u00f3\u0142y podamy za tydzie\u0144.<\/p>\n\n\n\n<p>11. Dzi\u0119kuj\u0119 Rodzinom dbaj\u0105cym o czysto\u015b\u0107 \u015bwi\u0105tyni i ofiary na Fundusz Kwiatowy. W tym tygodniu prosimy mieszka\u0144c\u00f3w <strong>ul. Tatrza\u0144skiej <\/strong>o przygotowanie ko\u015bcio\u0142a:<strong> p. Barbara Kos, Stanis\u0142awa Pach, Jolanta Karpierz, Weronika Antolec.<\/strong><\/p>\n\n\n\n<p>12. <strong>W zakrystii s\u0105 do nabycia baranki wielkanocne<\/strong>.<\/p>\n\n\n\n<p>13. Informujemy, \u017ce od <strong>03 kwietnia do 15 kwietnia<\/strong> b\u0119dzie podstawiony przy cmentarzu du\u017cy kontener na odpady. Przypomnienie o tym, \u017ce dwa razy do roku taki kontener obs\u0142uguje nasz cmentarz, natomiast przez pozosta\u0142e dni \u015bmieci zabieramy do domu. Prosz\u0119 nie ukrywa\u0107 ich pod drzewami i nie wyrzuca\u0107 poza ogrodzenie. Wszyscy dbajmy o czysto\u015b\u0107 na cmentarzu i wok\u00f3\u0142 niego.<\/p>\n\n\n\n<p>14. <strong>Prasa katolicka:<\/strong> jest tygodnik <strong>\u201eNiedziela\u201d.<\/strong><\/p>\n\n\n\n<p><strong>Og\u0142oszenie o kt\u00f3re proszono:<\/strong><\/p>\n\n\n\n<p><strong>Zarz\u0105d Sp\u00f3\u0142ki Wodnej<\/strong> informuj\u0119, \u017ce 26 marca tj. w niedziel\u0119 w&nbsp; godzinach 16.00 do 19.00 w Nowej Remizie b\u0119dzie mo\u017cna dokona\u0107 wp\u0142at na utrzymanie sieci wodoci\u0105gowej za 2022 r. i 2023 r. Zapraszamy do uregulowania p\u0142atno\u015bci. Zarz\u0105d<\/p>\n","protected":false},"excerpt":{"rendered":"<p>4 NIEDZIELA WIELKIEGO POSTU \u201319 marca 2023 roku 1. Dzi\u0119kujemy tym osobom, kt\u00f3re zrobi\u0142y paczki dla mieszka\u0144c\u00f3w Ukrainy. Fundacja \u201eDunajec\u201d zaraz po niedzieli odbierze dary ze szko\u0142y i z ko\u015bcio\u0142a. B\u00f3g zap\u0142a\u0107. 2. Za&#46;&#46;&#46;<\/p>\n<div class='heateorSssClear'><\/div><div  class='heateor_sss_sharing_container heateor_sss_horizontal_sharing' data-heateor-sss-href='http:\/\/parafiaostrowsko.info\/wordpress\/index.php\/2023\/03\/19\/ogloszenia-duszpasterskie-19-03-2023\/'><div class='heateor_sss_sharing_title' style=\"font-weight:bold\" >Udost\u0119pnij<\/div><div class=\"heateor_sss_sharing_ul\"><a class=\"heateor_sss_facebook\" href=\"https:\/\/www.facebook.com\/sharer\/sharer.php?u=http%3A%2F%2Fparafiaostrowsko.info%2Fwordpress%2Findex.php%2F2023%2F03%2F19%2Fogloszenia-duszpasterskie-19-03-2023%2F\" title=\"Facebook\" rel=\"nofollow noopener\" target=\"_blank\" style=\"font-size:32px!important;box-shadow:none;display:inline-block;vertical-align:middle\"><span class=\"heateor_sss_svg\" style=\"background-color:#3c589a;width:35px;height:35px;border-radius:999px;display:inline-block;opacity:1;float:left;font-size:32px;box-shadow:none;display:inline-block;font-size:16px;padding:0 4px;vertical-align:middle;background-repeat:repeat;overflow:hidden;padding:0;cursor:pointer;box-sizing:content-box\"><svg style=\"display:block;border-radius:999px;\" focusable=\"false\" aria-hidden=\"true\" xmlns=\"http:\/\/www.w3.org\/2000\/svg\" width=\"100%\" height=\"100%\" viewBox=\"-5 -5 42 42\"><path d=\"M17.78 27.5V17.008h3.522l.527-4.09h-4.05v-2.61c0-1.182.33-1.99 2.023-1.99h2.166V4.66c-.375-.05-1.66-.16-3.155-.16-3.123 0-5.26 1.905-5.26 5.405v3.016h-3.53v4.09h3.53V27.5h4.223z\" fill=\"#fff\"><\/path><\/svg><\/span><\/a><a style=\"padding:7.35px 0 !important\" class=\"heateor_sss_facebook_share\"><div class=\"fb-share-button\" data-href=\"http:\/\/parafiaostrowsko.info\/wordpress\/index.php\/2023\/03\/19\/ogloszenia-duszpasterskie-19-03-2023\/\" data-layout=\"button\"><\/div><\/a><\/div><div class=\"heateorSssClear\"><\/div><\/div><div class='heateorSssClear'><\/div>","protected":false},"author":7,"featured_media":4171,"comment_status":"open","ping_status":"open","sticky":false,"template":"","format":"standard","meta":[],"categories":[18],"tags":[],"_links":{"self":[{"href":"http:\/\/parafiaostrowsko.info\/wordpress\/index.php\/wp-json\/wp\/v2\/posts\/7386"}],"collection":[{"href":"http:\/\/parafiaostrowsko.info\/wordpress\/index.php\/wp-json\/wp\/v2\/posts"}],"about":[{"href":"http:\/\/parafiaostrowsko.info\/wordpress\/index.php\/wp-json\/wp\/v2\/types\/post"}],"author":[{"embeddable":true,"href":"http:\/\/parafiaostrowsko.info\/wordpress\/index.php\/wp-json\/wp\/v2\/users\/7"}],"replies":[{"embeddable":true,"href":"http:\/\/parafiaostrowsko.info\/wordpress\/index.php\/wp-json\/wp\/v2\/comments?post=7386"}],"version-history":[{"count":2,"href":"http:\/\/parafiaostrowsko.info\/wordpress\/index.php\/wp-json\/wp\/v2\/posts\/7386\/revisions"}],"predecessor-version":[{"id":7405,"href":"http:\/\/parafiaostrowsko.info\/wordpress\/index.php\/wp-json\/wp\/v2\/posts\/7386\/revisions\/7405"}],"wp:featuredmedia":[{"embeddable":true,"href":"http:\/\/parafiaostrowsko.info\/wordpress\/index.php\/wp-json\/wp\/v2\/media\/4171"}],"wp:attachment":[{"href":"http:\/\/parafiaostrowsko.info\/wordpress\/index.php\/wp-json\/wp\/v2\/media?parent=7386"}],"wp:term":[{"taxonomy":"category","embeddable":true,"href":"http:\/\/parafiaostrowsko.info\/wordpress\/index.php\/wp-json\/wp\/v2\/categories?post=7386"},{"taxonomy":"post_tag","embeddable":true,"href":"http:\/\/parafiaostrowsko.info\/wordpress\/index.php\/wp-json\/wp\/v2\/tags?post=7386"}],"curies":[{"name":"wp","href":"https:\/\/api.w.org\/{rel}","templated":true}]}}