{"id":7412,"date":"2023-03-27T07:53:02","date_gmt":"2023-03-27T05:53:02","guid":{"rendered":"http:\/\/parafiaostrowsko.info\/wordpress\/?p=7412"},"modified":"2023-03-27T07:53:02","modified_gmt":"2023-03-27T05:53:02","slug":"intencje-mszalne-27-03-02-04-2023","status":"publish","type":"post","link":"http:\/\/parafiaostrowsko.info\/wordpress\/index.php\/2023\/03\/27\/intencje-mszalne-27-03-02-04-2023\/","title":{"rendered":"Intencje mszalne 27.03.-02.04.2023"},"content":{"rendered":"\n<p><strong>poniedzia\u0142ek \u2013 27 marca 2023<\/strong><br>\u00a0 8.00\u00a0\u00a0 ks. Stanis\u0142aw: \u00a0\u015bp. Jakub KOWALCZYK<br>18.00\u00a0 \u015bp. Dariusz i Rafa\u0142 TRUTY<br><br><strong>wtorek \u2013 28 marca 2023<\/strong><br>\u00a0 8.00\u00a0 \u015bp. Maria SZCZYPKA 16 rocz. \u015bm.<br>18.00\u00a0 \u00a0Z podzi\u0119kowaniem Bogu w Tr\u00f3jcy Jedynemu za zdrowie<br>\u00a0\u00a0\u00a0\u00a0\u00a0\u00a0\u00a0\u00a0\u00a0\u00a0\u00a0\u00a0\u00a0 i otrzymane \u0142aski z pro\u015bb\u0105 o Opatrzno\u015b\u0107 Bo\u017c\u0105<br>\u00a0\u00a0\u00a0\u00a0\u00a0\u00a0\u00a0\u00a0\u00a0\u00a0\u00a0\u00a0\u00a0 i opiek\u0119 Matki Bo\u017cej dla wnuka w jego dalszym \u017cyciu<br>19.30\u00a0<\/p>\n\n\n\n<p><strong>\u015broda \u2013 29 marca 2023<\/strong><br>\u00a0 8.00 \u00a0\u00a0ks. Stanis\u0142aw: \u015bp. Ludwik \u0141UKASZCZYK 38 rocz. \u015bm.<br>\u00a0\u00a0\u00a0\u00a0\u00a0\u00a0\u00a0\u00a0\u00a0\u00a0\u00a0\u00a0\u00a0\u00a0\u00a0\u00a0\u00a0\u00a0\u00a0\u00a0\u00a0\u00a0\u00a0\u00a0\u00a0\u00a0\u00a0\u00a0\u00a0 \u00a0\u00a0\u00a0\u00a0\u00a0\u00a0\u00a0\u00a0\u00a0\u015bp. Maria \u017cona<br>12.00 \u00a0<br>18.00\u00a0 \u015bp. Helena CI\u0118\u017bOBKA 21 rocz. \u015bm.<br><br><strong>czwartek \u2013 30 marca 2023<\/strong><br>7.00\u00a0\u00a0 ks. Stanis\u0142aw:\u00a0 \u015bp. Wiktoria PAJERSKA 3 rocz. \u015bm.<br>\u00a0\u00a0\u00a0\u00a0\u00a0\u00a0\u00a0\u00a0\u00a0\u00a0\u00a0\u00a0\u00a0\u00a0\u00a0\u00a0\u00a0\u00a0\u00a0\u00a0\u00a0\u00a0\u00a0\u00a0\u00a0\u00a0\u00a0\u00a0\u00a0\u00a0\u00a0\u00a0\u00a0\u00a0\u00a0\u00a0 \u015bp. Roman m\u0105\u017c\u00a0\u00a0\u00a0 \u00a0\u015bp. Marek syn<br>\u00a0\u00a0\u00a0\u00a0\u00a0\u00a0\u00a0\u00a0\u00a0\u00a0\u00a0\u00a0\u00a0\u00a0\u00a0\u00a0\u00a0\u00a0\u00a0\u00a0\u00a0\u00a0\u00a0\u00a0\u00a0\u00a0\u00a0\u00a0\u00a0\u00a0\u00a0\u00a0\u00a0\u00a0\u00a0\u00a0\u00a0\u00a0\u00a0\u00a0\u00a0\u00a0\u00a0\u00a0\u00a0 \u2013 od syna Stanis\u0142awa z rodzin\u0105<br>7.00\u00a0 \u00a0\u015bp. Stanis\u0142aw D\u0104BROWIECKI \u2013 od c\u00f3rki Natalii z rodzin\u0105<br><\/p>\n\n\n\n<p><strong>pi\u0105tek \u2013 31 marca 2023<\/strong><br>18.00 \u00a0\u00a0\u00a0ks. Stanis\u0142aw: \u015bp. Maria WACH<br>18.00\u00a0\u00a0 \u00a0w intencji dusz w czy\u015b\u0107cu cierpi\u0105cych<br><br><strong>sobota \u2013 01 kwietnia 2023<\/strong><br>18.00\u00a0 ks. Stanis\u0142aw:\u00a0 \u015bp. Wiktoria WR\u00d3BEL<br>\u00a0\u00a0\u00a0\u00a0\u00a0 \u00a0\u00a0\u00a0\u00a0\u00a0\u00a0\u00a0\u00a0\u00a0\u00a0\u00a0\u00a0\u00a0jej zmarli rodzice i rodze\u0144stwo \u2013 od siostry Anieli z rodzin\u0105<br>18.00 \u00a0Dzi\u0119kczynna z pro\u015bb\u0105 o B\u0142ogos\u0142awie\u0144stwo Bo\u017ce<br>\u00a0\u00a0\u00a0\u00a0\u00a0\u00a0\u00a0\u00a0\u00a0\u00a0\u00a0\u00a0\u00a0 i opiek\u0119 Matki Bo\u017cej dla Marii i Bogdana<br><br><strong>VI NIEDZIELA WIELKIEGO POSTU \u2013 02 kwietnia 2023<\/strong><\/p>\n\n\n\n<p>&nbsp; 8.00&nbsp; &nbsp;&nbsp;&nbsp;ks. Stanis\u0142aw: \u015bp. Stanis\u0142aw D\u0104BROWIECKI<br>&nbsp; 8.00&nbsp; &nbsp;&nbsp;&nbsp;\u015bp. Krystyna S\u0141OWAKIEWICZ 13 rocz. \u015bm.<br>11.00&nbsp; &nbsp;&nbsp;Za nasz\u0105 wsp\u00f3lnot\u0119 parafialn\u0105<br>15.15 &nbsp;&nbsp;&nbsp;<\/p>\n","protected":false},"excerpt":{"rendered":"<p>poniedzia\u0142ek \u2013 27 marca 2023\u00a0 8.00\u00a0\u00a0 ks. Stanis\u0142aw: \u00a0\u015bp. Jakub KOWALCZYK18.00\u00a0 \u015bp. Dariusz i Rafa\u0142 TRUTY wtorek \u2013 28 marca 2023\u00a0 8.00\u00a0 \u015bp. Maria SZCZYPKA 16 rocz. \u015bm.18.00\u00a0 \u00a0Z podzi\u0119kowaniem Bogu w Tr\u00f3jcy Jedynemu&#46;&#46;&#46;<\/p>\n<div class='heateorSssClear'><\/div><div  class='heateor_sss_sharing_container heateor_sss_horizontal_sharing' data-heateor-sss-href='http:\/\/parafiaostrowsko.info\/wordpress\/index.php\/2023\/03\/27\/intencje-mszalne-27-03-02-04-2023\/'><div class='heateor_sss_sharing_title' style=\"font-weight:bold\" >Udost\u0119pnij<\/div><div class=\"heateor_sss_sharing_ul\"><a class=\"heateor_sss_facebook\" href=\"https:\/\/www.facebook.com\/sharer\/sharer.php?u=http%3A%2F%2Fparafiaostrowsko.info%2Fwordpress%2Findex.php%2F2023%2F03%2F27%2Fintencje-mszalne-27-03-02-04-2023%2F\" title=\"Facebook\" rel=\"nofollow noopener\" target=\"_blank\" style=\"font-size:32px!important;box-shadow:none;display:inline-block;vertical-align:middle\"><span class=\"heateor_sss_svg\" style=\"background-color:#3c589a;width:35px;height:35px;border-radius:999px;display:inline-block;opacity:1;float:left;font-size:32px;box-shadow:none;display:inline-block;font-size:16px;padding:0 4px;vertical-align:middle;background-repeat:repeat;overflow:hidden;padding:0;cursor:pointer;box-sizing:content-box\"><svg style=\"display:block;border-radius:999px;\" focusable=\"false\" aria-hidden=\"true\" xmlns=\"http:\/\/www.w3.org\/2000\/svg\" width=\"100%\" height=\"100%\" viewBox=\"-5 -5 42 42\"><path d=\"M17.78 27.5V17.008h3.522l.527-4.09h-4.05v-2.61c0-1.182.33-1.99 2.023-1.99h2.166V4.66c-.375-.05-1.66-.16-3.155-.16-3.123 0-5.26 1.905-5.26 5.405v3.016h-3.53v4.09h3.53V27.5h4.223z\" fill=\"#fff\"><\/path><\/svg><\/span><\/a><a style=\"padding:7.35px 0 !important\" class=\"heateor_sss_facebook_share\"><div class=\"fb-share-button\" data-href=\"http:\/\/parafiaostrowsko.info\/wordpress\/index.php\/2023\/03\/27\/intencje-mszalne-27-03-02-04-2023\/\" data-layout=\"button\"><\/div><\/a><\/div><div class=\"heateorSssClear\"><\/div><\/div><div class='heateorSssClear'><\/div>","protected":false},"author":7,"featured_media":4167,"comment_status":"open","ping_status":"open","sticky":false,"template":"","format":"standard","meta":[],"categories":[17],"tags":[],"_links":{"self":[{"href":"http:\/\/parafiaostrowsko.info\/wordpress\/index.php\/wp-json\/wp\/v2\/posts\/7412"}],"collection":[{"href":"http:\/\/parafiaostrowsko.info\/wordpress\/index.php\/wp-json\/wp\/v2\/posts"}],"about":[{"href":"http:\/\/parafiaostrowsko.info\/wordpress\/index.php\/wp-json\/wp\/v2\/types\/post"}],"author":[{"embeddable":true,"href":"http:\/\/parafiaostrowsko.info\/wordpress\/index.php\/wp-json\/wp\/v2\/users\/7"}],"replies":[{"embeddable":true,"href":"http:\/\/parafiaostrowsko.info\/wordpress\/index.php\/wp-json\/wp\/v2\/comments?post=7412"}],"version-history":[{"count":1,"href":"http:\/\/parafiaostrowsko.info\/wordpress\/index.php\/wp-json\/wp\/v2\/posts\/7412\/revisions"}],"predecessor-version":[{"id":7413,"href":"http:\/\/parafiaostrowsko.info\/wordpress\/index.php\/wp-json\/wp\/v2\/posts\/7412\/revisions\/7413"}],"wp:featuredmedia":[{"embeddable":true,"href":"http:\/\/parafiaostrowsko.info\/wordpress\/index.php\/wp-json\/wp\/v2\/media\/4167"}],"wp:attachment":[{"href":"http:\/\/parafiaostrowsko.info\/wordpress\/index.php\/wp-json\/wp\/v2\/media?parent=7412"}],"wp:term":[{"taxonomy":"category","embeddable":true,"href":"http:\/\/parafiaostrowsko.info\/wordpress\/index.php\/wp-json\/wp\/v2\/categories?post=7412"},{"taxonomy":"post_tag","embeddable":true,"href":"http:\/\/parafiaostrowsko.info\/wordpress\/index.php\/wp-json\/wp\/v2\/tags?post=7412"}],"curies":[{"name":"wp","href":"https:\/\/api.w.org\/{rel}","templated":true}]}}