{"id":7420,"date":"2023-04-02T07:03:53","date_gmt":"2023-04-02T05:03:53","guid":{"rendered":"http:\/\/parafiaostrowsko.info\/wordpress\/?p=7420"},"modified":"2026-04-06T23:42:27","modified_gmt":"2026-04-06T21:42:27","slug":"ogloszenia-duszpasterskie-02-04-2023","status":"publish","type":"post","link":"http:\/\/parafiaostrowsko.info\/wordpress\/index.php\/2023\/04\/02\/ogloszenia-duszpasterskie-02-04-2023\/","title":{"rendered":"Og\u0142oszenia duszpasterskie 02.04.2023"},"content":{"rendered":"\n<p class=\"has-text-align-center\"><strong>6 NIEDZIELA WIELKIEGO POSTU \u2013 NIEDZIELA PALMOWA<br>02 kwietnia 2023 roku<\/strong><\/p>\n\n\n\n<p>1. <strong>W pi\u0105tek <\/strong>odby\u0142a si\u0119 Parafialna Droga Krzy\u017cowa. Chcia\u0142bym serdecznie podzi\u0119kowa\u0107 wszystkim, kt\u00f3rzy w\u0142\u0105czyli si\u0119 w jej organizacj\u0119 i bezpiecze\u0144stwo: Stra\u017cakom za zabezpieczenie trasy, Scholii m\u0142odzie\u017cowej i dzieci\u0119cej oraz ich opiekunom, czytaj\u0105cym rozwa\u017cania, Lektorom a tak\u017ce wszystkim za pi\u0119kne modlitewne uczestnictwo. B\u00f3g zap\u0142a\u0107.<\/p>\n\n\n\n<p>2. Niedziela Palmowa. <strong>O godzinie 11.00 po\u015bwi\u0119cenie palm i tradycyjna procesja z palmami. <\/strong>Konkurs na najwi\u0119ksz\u0105 i najpi\u0119kniejsz\u0105 palm\u0119 odb\u0119dzie si\u0119 po Sumie. <strong>Skarbonki z ja\u0142mu\u017cn\u0105 wielkopostn\u0105 <\/strong>dzieci mog\u0105 sk\u0142ada\u0107 do koszyka przy o\u0142tarzu mi\u0142osierdzia.<\/p>\n\n\n\n<p>3. Dzisiaj 18. rocznic\u0105 \u015bmierci \u015bw. Jana Paw\u0142a II prze\u017cyjmy j\u0105 w duchu modlitewnym:<\/p>\n\n\n\n<p>&#8211; <strong>Koncert &#8220;Nie zast\u0105pi Ciebie nikt&#8221; <\/strong>realizowany przez TVP oraz Polskie Radio i Muzeum Dom Rodzinny Ojca \u015awi\u0119tego Jana Paw\u0142a II na rynku w Wadowicach od godz. 18.00.&nbsp;<\/p>\n\n\n\n<p>&#8211; Spotkanie pod <strong>Oknem Papieskim przy ul. Franciszka\u0144skiej 3<\/strong> w Krakowie organizowane przez Archidiecezj\u0119 Krakowsk\u0105 od godz. 20.00.<\/p>\n\n\n\n<p>&#8211; <strong>Watra G\u00f3ralska na Zadziale \u2013 Nowy Targ<\/strong> \u2013 pocz\u0105tek godzina 20.00.<\/p>\n\n\n\n<p>&#8211; Zach\u0119camy do duchowej \u0142\u0105czno\u015bci i do zapalenia \u015bwiec w oknach dom\u00f3w czy mieszka\u0144 o godz. 21.37. Ten drobny gest b\u0119dzie znakiem pami\u0119ci i wdzi\u0119czno\u015bci Papie\u017cowi Polakowi.<\/p>\n\n\n\n<p>4. Spowied\u017a w tym tygodniu p\u00f3\u0142 godziny przed Msz\u0105 \u015bw.<\/p>\n\n\n\n<p>5. <strong>W \u015brod\u0119<\/strong> Nowenna do Matki Bo\u017cej Nieustaj\u0105cej Pomocy <strong>o godzinie 17.30.<\/strong><\/p>\n\n\n\n<p>6. <strong>W czwartek<\/strong> <strong>o godzinie 9.00<\/strong> b\u0119dziemy przygotowywa\u0107 nasz\u0105 \u015bwi\u0105tyni\u0119 na Uroczysto\u015bci Wielkiego Tygodnia. Chcemy generalnie posprz\u0105ta\u0107 nasz ko\u015bci\u00f3\u0142. Prosz\u0119 m\u0142odzie\u017c naszej parafii, by zgodnie z tradycj\u0105 podj\u0119\u0142a to dzie\u0142o. A mieszka\u0144c\u00f3w <strong>ul. Orkana: p. Danuta \u015acis\u0142owicz, Celina Twar\u00f3g, J\u00f3zefa P\u0119ksa, Anna Rzo\u0144ca <\/strong>o cotygodniow\u0105 trosk\u0119 o ko\u015bci\u00f3\u0142.<\/p>\n\n\n\n<p><strong>7. OBCHODY TRIDUUM PASCHALNEGO:<\/strong><\/p>\n\n\n\n<p><strong>&#8211; Wielki Czwartek:<\/strong><\/p>\n\n\n\n<p>Msza \u015bw. Wieczerzy Pa\u0144skiej o godzinie <strong>18.00.<\/strong><\/p>\n\n\n\n<p>Adoracja w Ciemnicy do godziny <strong>22.00.<\/strong><\/p>\n\n\n\n<p><strong>&#8211; Wielki Pi\u0105tek:<\/strong><\/p>\n\n\n\n<p>Adoracja w Ciemnicy od godziny <strong>8.00.<\/strong><\/p>\n\n\n\n<p>Koronka i Godzina Mi\u0142osierdzia o godzinie <strong>15.00.<\/strong><\/p>\n\n\n\n<p>Liturgi\u0119 poprzedzi nabo\u017ce\u0144stwo Drogi Krzy\u017cowej o godzinie <strong>17.15.<\/strong><\/p>\n\n\n\n<p>Liturgia M\u0119ki Pa\u0144skiej o godzinie <strong>18.00.<\/strong><\/p>\n\n\n\n<p>Gorzkie \u017bale (trzy cz\u0119\u015bci) zaraz <strong>po liturgii<\/strong>.<\/p>\n\n\n\n<p>Adoracja Pana Jezusa w Grobie <strong>do godziny 24.00.<\/strong><\/p>\n\n\n\n<p><strong>Obowi\u0105zuje post \u015bcis\u0142y.<\/strong><\/p>\n\n\n\n<p>Prosz\u0119, aby stra\u017c przy Grobie Pa\u0144skim trzymali G\u00f3rale.<\/p>\n\n\n\n<p><strong>&#8211; Wielka Sobota:<\/strong><\/p>\n\n\n\n<p>Adoracja w Grobie od godziny <strong>8.00.<\/strong><\/p>\n\n\n\n<p>Po\u015bwi\u0119cenie pokarm\u00f3w o godzinie: <strong>9.00, 10.00, 11.00, 14.00.<\/strong><\/p>\n\n\n\n<p>Liturgia Paschalna o godzinie <strong>19.00.<\/strong><\/p>\n\n\n\n<p>Przejdziemy w procesji Rezurekcyjnej og\u0142aszaj\u0105c Zmartwychwstanie (przynosimy \u015bwiece).<\/p>\n\n\n\n<p><strong>Prosz\u0119 wcze\u015bniej przygotowa\u0107 i ozdobi\u0107 feretrony doprowadzaj\u0105c do czysto\u015bci.<\/strong><\/p>\n\n\n\n<p>8. <strong>Niedziela Zmartwychwstania Pa\u0144skiego:<\/strong> <strong>Msze \u015bw. o godzinie 8.00, 11.00.<\/strong> Nieszpory po Sumie.<\/p>\n\n\n\n<p>9. <strong>Prasa katolicka:<\/strong> Jest tygodnik <strong>\u201eNiedziela\u201d.<\/strong><\/p>\n\n\n\n<p><strong>Og\u0142oszenie o kt\u00f3re proszono: <\/strong>Sp\u00f3\u0142ka Brama w Gorce poszukuje os\u00f3b do pracy w Centrum Przyrodniczo-Edukacyjnym w Waksmundzie na stanowiskach: &#8211; kasjer\/kasjerka; &#8211; konserwator; &#8211; obs\u0142uga kawiarni. Szczeg\u00f3\u0142y oferty mo\u017cna sprawdzi\u0107 na stronie internetowej <a href=\"http:\/\/www.bramawgorce.com\/\" target=\"_blank\" rel=\"noreferrer noopener\">www.bramawgorce.com<\/a>.<\/p>\n","protected":false},"excerpt":{"rendered":"<p>6 NIEDZIELA WIELKIEGO POSTU \u2013 NIEDZIELA PALMOWA02 kwietnia 2023 roku 1. W pi\u0105tek odby\u0142a si\u0119 Parafialna Droga Krzy\u017cowa. Chcia\u0142bym serdecznie podzi\u0119kowa\u0107 wszystkim, kt\u00f3rzy w\u0142\u0105czyli si\u0119 w jej organizacj\u0119 i bezpiecze\u0144stwo: Stra\u017cakom za zabezpieczenie trasy,&#46;&#46;&#46;<\/p>\n<div class='heateorSssClear'><\/div><div  class='heateor_sss_sharing_container heateor_sss_horizontal_sharing' data-heateor-sss-href='http:\/\/parafiaostrowsko.info\/wordpress\/index.php\/2023\/04\/02\/ogloszenia-duszpasterskie-02-04-2023\/'><div class='heateor_sss_sharing_title' style=\"font-weight:bold\" >Udost\u0119pnij<\/div><div class=\"heateor_sss_sharing_ul\"><a class=\"heateor_sss_facebook\" href=\"https:\/\/www.facebook.com\/sharer\/sharer.php?u=http%3A%2F%2Fparafiaostrowsko.info%2Fwordpress%2Findex.php%2F2023%2F04%2F02%2Fogloszenia-duszpasterskie-02-04-2023%2F\" title=\"Facebook\" rel=\"nofollow noopener\" target=\"_blank\" style=\"font-size:32px!important;box-shadow:none;display:inline-block;vertical-align:middle\"><span class=\"heateor_sss_svg\" style=\"background-color:#3c589a;width:35px;height:35px;border-radius:999px;display:inline-block;opacity:1;float:left;font-size:32px;box-shadow:none;display:inline-block;font-size:16px;padding:0 4px;vertical-align:middle;background-repeat:repeat;overflow:hidden;padding:0;cursor:pointer;box-sizing:content-box\"><svg style=\"display:block;border-radius:999px;\" focusable=\"false\" aria-hidden=\"true\" xmlns=\"http:\/\/www.w3.org\/2000\/svg\" width=\"100%\" height=\"100%\" viewBox=\"-5 -5 42 42\"><path d=\"M17.78 27.5V17.008h3.522l.527-4.09h-4.05v-2.61c0-1.182.33-1.99 2.023-1.99h2.166V4.66c-.375-.05-1.66-.16-3.155-.16-3.123 0-5.26 1.905-5.26 5.405v3.016h-3.53v4.09h3.53V27.5h4.223z\" fill=\"#fff\"><\/path><\/svg><\/span><\/a><a style=\"padding:7.35px 0 !important\" class=\"heateor_sss_facebook_share\"><div class=\"fb-share-button\" data-href=\"http:\/\/parafiaostrowsko.info\/wordpress\/index.php\/2023\/04\/02\/ogloszenia-duszpasterskie-02-04-2023\/\" data-layout=\"button\"><\/div><\/a><\/div><div class=\"heateorSssClear\"><\/div><\/div><div class='heateorSssClear'><\/div>","protected":false},"author":7,"featured_media":4171,"comment_status":"closed","ping_status":"closed","sticky":false,"template":"","format":"standard","meta":[],"categories":[18],"tags":[],"_links":{"self":[{"href":"http:\/\/parafiaostrowsko.info\/wordpress\/index.php\/wp-json\/wp\/v2\/posts\/7420"}],"collection":[{"href":"http:\/\/parafiaostrowsko.info\/wordpress\/index.php\/wp-json\/wp\/v2\/posts"}],"about":[{"href":"http:\/\/parafiaostrowsko.info\/wordpress\/index.php\/wp-json\/wp\/v2\/types\/post"}],"author":[{"embeddable":true,"href":"http:\/\/parafiaostrowsko.info\/wordpress\/index.php\/wp-json\/wp\/v2\/users\/7"}],"replies":[{"embeddable":true,"href":"http:\/\/parafiaostrowsko.info\/wordpress\/index.php\/wp-json\/wp\/v2\/comments?post=7420"}],"version-history":[{"count":1,"href":"http:\/\/parafiaostrowsko.info\/wordpress\/index.php\/wp-json\/wp\/v2\/posts\/7420\/revisions"}],"predecessor-version":[{"id":7421,"href":"http:\/\/parafiaostrowsko.info\/wordpress\/index.php\/wp-json\/wp\/v2\/posts\/7420\/revisions\/7421"}],"wp:featuredmedia":[{"embeddable":true,"href":"http:\/\/parafiaostrowsko.info\/wordpress\/index.php\/wp-json\/wp\/v2\/media\/4171"}],"wp:attachment":[{"href":"http:\/\/parafiaostrowsko.info\/wordpress\/index.php\/wp-json\/wp\/v2\/media?parent=7420"}],"wp:term":[{"taxonomy":"category","embeddable":true,"href":"http:\/\/parafiaostrowsko.info\/wordpress\/index.php\/wp-json\/wp\/v2\/categories?post=7420"},{"taxonomy":"post_tag","embeddable":true,"href":"http:\/\/parafiaostrowsko.info\/wordpress\/index.php\/wp-json\/wp\/v2\/tags?post=7420"}],"curies":[{"name":"wp","href":"https:\/\/api.w.org\/{rel}","templated":true}]}}