{"id":7847,"date":"2023-12-02T15:33:03","date_gmt":"2023-12-02T14:33:03","guid":{"rendered":"http:\/\/parafiaostrowsko.info\/wordpress\/?p=7847"},"modified":"2023-12-02T15:33:03","modified_gmt":"2023-12-02T14:33:03","slug":"ogloszenia-duszpasterskie-03-12-2023","status":"publish","type":"post","link":"http:\/\/parafiaostrowsko.info\/wordpress\/index.php\/2023\/12\/02\/ogloszenia-duszpasterskie-03-12-2023\/","title":{"rendered":"Og\u0142oszenia duszpasterskie 03.12.2023"},"content":{"rendered":"\n<p class=\"has-text-align-center\"><strong>I NIEDZIELA ADWENTU \u2013 03 grudnia 2023 roku<\/strong><\/p>\n\n\n\n<p>1. <strong>Kalendarz liturgiczny<\/strong>:<\/p>\n\n\n\n<p><strong>\u015broda &#8211;<\/strong> \u015bw. Miko\u0142aja biskupa<\/p>\n\n\n\n<p><strong>czwartek<\/strong> \u2013 \u015bw. Ambro\u017cego biskupa i doktora Ko\u015bcio\u0142a<\/p>\n\n\n\n<p><strong>Wszystkim Solenizantom i Jubilatom tego tygodnia<br>\u017cyczymy Bo\u017cego B\u0142ogos\u0142awie\u0144stwa i opieki \u015bw. Patron\u00f3w.<\/strong><\/p>\n\n\n\n<p>2. W ubieg\u0142\u0105 niedziel\u0119 zosta\u0142y po\u015bwi\u0119cone op\u0142atki na st\u00f3\u0142 wigilijny. Nabywa\u0107 je mo\u017cna w salce na plebanii. Pami\u0119tajmy, \u017ce z\u0142o\u017cona ofiara to nie cena op\u0142atk\u00f3w lecz ofiara z\u0142o\u017cona dla naszych m\u0142odych organist\u00f3w w podzi\u0119kowaniu za pos\u0142ug\u0119 w naszej \u015bwi\u0105tyni. Nie kupujmy tego \u201eBia\u0142ego Chleba\u201d w marketach i innych miejscach, gdzie nie jest on po\u015bwi\u0119cony.<\/p>\n\n\n\n<p>3. Dzisiejsza niedziela rozpoczyna Adwent \u2013 czas radosnego przygotowania do Bo\u017cego Narodzenia. <strong>Zapraszamy codziennie na Roraty:<\/strong><\/p>\n\n\n\n<p><strong>o 7.00 rano we wtorki i czwartki w pozosta\u0142e dni o 17.00 wieczorem.<\/strong><\/p>\n\n\n\n<p><strong>Godzinki \u015bpiewa\u0107 b\u0119dziemy przed Roratami.<\/strong><\/p>\n\n\n\n<p>Dzieci niech przygotuj\u0105 papierowe serduszka z wypisanym na nich dobrym uczynkiem. Serduszka prosz\u0119 wrzuci\u0107 do koszyka przed o\u0142tarzem. Na zako\u0144czenie Rorat wylosujemy osob\u0119, kt\u00f3re zabierze figurk\u0119 Dzieci\u0105tka Jezus do domu.<\/p>\n\n\n\n<p>4. W zakrystii s\u0105 do nabycia \u015bwiece Caritas: <strong>Wigilijnego Dzie\u0142a Pomocy Dzieciom<\/strong>, Wigilijna \u015bwieca \u0142\u0105czy nas sercem i my\u015bl\u0105 ze sob\u0105 \u2013 niech jej nie zabraknie w naszych mieszkaniach. <strong>Informujemy, \u017ce cena \u015bwiec uleg\u0142a zmianie. Koszt 10 z\u0142.<\/strong><\/p>\n\n\n\n<p>5. <strong>We \u015brod\u0119 spotkanie ze \u015bwi\u0119tym Miko\u0142ajem<\/strong> w ko\u015bciele w czasie Mszy \u015bw. roratniej. Zapraszamy.<\/p>\n\n\n\n<p>6. <strong>W pi\u0105tek<\/strong> <strong>w uroczysto\u015b\u0107 Niepokalanego Pocz\u0119cia NMP Msze \u015bw. o 7.00 0 17.00. Na Mszy \u015bw. o 17.00 po\u015bwi\u0119cimy i rozdamy medaliki <\/strong>dzieciom z klasy III, kt\u00f3re przygotowuj\u0105 si\u0119 do I Komunii \u015bw., dlatego zapraszamy dzieci i rodzic\u00f3w.<\/p>\n\n\n\n<p>7. Za tydzie\u0144 XXIV Dzie\u0144 modlitw i pomocy materialnej Ko\u015bcio\u0142owi na Wschodzie. Do skarbony b\u0119dzie mo\u017cna z\u0142o\u017cy\u0107 ofiar\u0119 dla Ko\u015bcio\u0142a na Wschodzie.<\/p>\n\n\n\n<p>8. <strong>Podzi\u0119kowania<\/strong> tym, kt\u00f3rzy w tym tygodniu dbali o nasz\u0105 \u015bwi\u0105tyni\u0119. Na najbli\u017cszy tydzie\u0144 trosk\u0119 o czysto\u015b\u0107 Domu Bo\u017cego, powierzamy mieszka\u0144com <strong>ul. Pieni\u0144skiej: p. Barbara Luberda, Anna Proszek, Tomasz Szumal, Zofia Orli\u0144ska.<\/strong><\/p>\n\n\n\n<p>9. <strong>Prasa katolicka:<\/strong> jest tygodnik <strong>\u201eNiedziela\u201d<\/strong> a dla dzieci <strong>\u201eSta\u015b\u201d<\/strong> na grudzie\u0144 dla m\u0142odzie\u017cy <strong>\u201eTrwajcie w mi\u0142o\u015bci\u201d.<\/strong><\/p>\n\n\n\n<p><strong>Og\u0142oszenie o kt\u00f3re proszono:<\/strong><\/p>\n\n\n\n<p>1<strong>. Zarz\u0105d Stowarzyszenia &#8220;Ostrowsko &#8211; dziedzictwo i przysz\u0142o\u015b\u0107&#8221;<\/strong> informuje wszystkich mieszka\u0144c\u00f3w o mo\u017cliwo\u015bci w\u0142\u0105czenia si\u0119 w dzia\u0142alno\u015b\u0107 Stowarzyszenia i zach\u0119ca do wsparcia naszych dzia\u0142a\u0144 poprzez wype\u0142nienie Deklaracji cz\u0142onka wspieraj\u0105cego. Zainteresowanych zapraszamy do wsp\u00f3\u0142pracy, deklaracj\u0119 mo\u017cna pobra\u0107 w przedsionku ko\u015bcio\u0142a, a wype\u0142nion\u0105 wrzuci\u0107 do skrzynki So\u0142tysa lub z\u0142o\u017cy\u0107 w zakrystii. Informacje, na temat bie\u017c\u0105cej dzia\u0142alno\u015bci Stowarzyszenia znajdziecie Pa\u0144stwo na stronie parafii i ju\u017c niebawem na stronie Stowarzyszenia.&nbsp; <strong>Zarz\u0105d.<\/strong><\/p>\n\n\n\n<p>2. <strong>11 grudnia 2023 roku<\/strong> ob\u0119dzie si\u0119 zbi\u00f3rka elektro\u015bmieci pod has\u0142em: \u201eWszystkie dzieci zbieraj\u0105 elektro\u015bmieci\u201d. Miejsce zbi\u00f3rki zostanie wyznaczone przy szkole i tam nale\u017cy z\u0142o\u017cy\u0107 zu\u017cyty sprz\u0119t.<\/p>\n","protected":false},"excerpt":{"rendered":"<p>I NIEDZIELA ADWENTU \u2013 03 grudnia 2023 roku 1. Kalendarz liturgiczny: \u015broda &#8211; \u015bw. Miko\u0142aja biskupa czwartek \u2013 \u015bw. Ambro\u017cego biskupa i doktora Ko\u015bcio\u0142a Wszystkim Solenizantom i Jubilatom tego tygodnia\u017cyczymy Bo\u017cego B\u0142ogos\u0142awie\u0144stwa i opieki&#46;&#46;&#46;<\/p>\n<div class='heateorSssClear'><\/div><div  class='heateor_sss_sharing_container heateor_sss_horizontal_sharing' data-heateor-sss-href='http:\/\/parafiaostrowsko.info\/wordpress\/index.php\/2023\/12\/02\/ogloszenia-duszpasterskie-03-12-2023\/'><div class='heateor_sss_sharing_title' style=\"font-weight:bold\" >Udost\u0119pnij<\/div><div class=\"heateor_sss_sharing_ul\"><a class=\"heateor_sss_facebook\" href=\"https:\/\/www.facebook.com\/sharer\/sharer.php?u=http%3A%2F%2Fparafiaostrowsko.info%2Fwordpress%2Findex.php%2F2023%2F12%2F02%2Fogloszenia-duszpasterskie-03-12-2023%2F\" title=\"Facebook\" rel=\"nofollow noopener\" target=\"_blank\" style=\"font-size:32px!important;box-shadow:none;display:inline-block;vertical-align:middle\"><span class=\"heateor_sss_svg\" style=\"background-color:#3c589a;width:35px;height:35px;border-radius:999px;display:inline-block;opacity:1;float:left;font-size:32px;box-shadow:none;display:inline-block;font-size:16px;padding:0 4px;vertical-align:middle;background-repeat:repeat;overflow:hidden;padding:0;cursor:pointer;box-sizing:content-box\"><svg style=\"display:block;border-radius:999px;\" focusable=\"false\" aria-hidden=\"true\" xmlns=\"http:\/\/www.w3.org\/2000\/svg\" width=\"100%\" height=\"100%\" viewBox=\"-5 -5 42 42\"><path d=\"M17.78 27.5V17.008h3.522l.527-4.09h-4.05v-2.61c0-1.182.33-1.99 2.023-1.99h2.166V4.66c-.375-.05-1.66-.16-3.155-.16-3.123 0-5.26 1.905-5.26 5.405v3.016h-3.53v4.09h3.53V27.5h4.223z\" fill=\"#fff\"><\/path><\/svg><\/span><\/a><a style=\"padding:7.35px 0 !important\" class=\"heateor_sss_facebook_share\"><div class=\"fb-share-button\" data-href=\"http:\/\/parafiaostrowsko.info\/wordpress\/index.php\/2023\/12\/02\/ogloszenia-duszpasterskie-03-12-2023\/\" data-layout=\"button\"><\/div><\/a><\/div><div class=\"heateorSssClear\"><\/div><\/div><div class='heateorSssClear'><\/div>","protected":false},"author":1,"featured_media":7560,"comment_status":"open","ping_status":"open","sticky":false,"template":"","format":"standard","meta":[],"categories":[18],"tags":[],"_links":{"self":[{"href":"http:\/\/parafiaostrowsko.info\/wordpress\/index.php\/wp-json\/wp\/v2\/posts\/7847"}],"collection":[{"href":"http:\/\/parafiaostrowsko.info\/wordpress\/index.php\/wp-json\/wp\/v2\/posts"}],"about":[{"href":"http:\/\/parafiaostrowsko.info\/wordpress\/index.php\/wp-json\/wp\/v2\/types\/post"}],"author":[{"embeddable":true,"href":"http:\/\/parafiaostrowsko.info\/wordpress\/index.php\/wp-json\/wp\/v2\/users\/1"}],"replies":[{"embeddable":true,"href":"http:\/\/parafiaostrowsko.info\/wordpress\/index.php\/wp-json\/wp\/v2\/comments?post=7847"}],"version-history":[{"count":1,"href":"http:\/\/parafiaostrowsko.info\/wordpress\/index.php\/wp-json\/wp\/v2\/posts\/7847\/revisions"}],"predecessor-version":[{"id":7848,"href":"http:\/\/parafiaostrowsko.info\/wordpress\/index.php\/wp-json\/wp\/v2\/posts\/7847\/revisions\/7848"}],"wp:featuredmedia":[{"embeddable":true,"href":"http:\/\/parafiaostrowsko.info\/wordpress\/index.php\/wp-json\/wp\/v2\/media\/7560"}],"wp:attachment":[{"href":"http:\/\/parafiaostrowsko.info\/wordpress\/index.php\/wp-json\/wp\/v2\/media?parent=7847"}],"wp:term":[{"taxonomy":"category","embeddable":true,"href":"http:\/\/parafiaostrowsko.info\/wordpress\/index.php\/wp-json\/wp\/v2\/categories?post=7847"},{"taxonomy":"post_tag","embeddable":true,"href":"http:\/\/parafiaostrowsko.info\/wordpress\/index.php\/wp-json\/wp\/v2\/tags?post=7847"}],"curies":[{"name":"wp","href":"https:\/\/api.w.org\/{rel}","templated":true}]}}