{"id":8362,"date":"2024-08-24T16:57:26","date_gmt":"2024-08-24T14:57:26","guid":{"rendered":"http:\/\/parafiaostrowsko.info\/wordpress\/?p=8362"},"modified":"2024-08-24T16:57:26","modified_gmt":"2024-08-24T14:57:26","slug":"ogloszenia-duszpasterskie-25-08-2024","status":"publish","type":"post","link":"http:\/\/parafiaostrowsko.info\/wordpress\/index.php\/2024\/08\/24\/ogloszenia-duszpasterskie-25-08-2024\/","title":{"rendered":"Og\u0142oszenia duszpasterskie 25.08.2024"},"content":{"rendered":"\n<p class=\"has-text-align-center\"><strong>21 Niedziela zwyk\u0142a \u2013 25 sierpnia 2024 roku<\/strong><\/p>\n\n\n\n<p>1. Dzisiejsza niedziela jest <strong>Dniem naszej wdzi\u0119czno\u015bci Panu Bogu za stworzenie i dary ziemi,<\/strong> kt\u00f3re s\u0105 naszym po\u017cywieniem. Serdeczne B\u00f3g zap\u0142a\u0107 wszystkim, kt\u00f3rzy wzi\u0119li czynny udzia\u0142 w przygotowaniu wie\u0144ca do\u017cynkowego oraz za wsparcie finansowe przez rodziny wydelegowane.<\/p>\n\n\n\n<p>2. Podzi\u0119kowania sk\u0142adamy wszystkim, kt\u00f3rzy z\u0142o\u017cyli tydzie\u0144 temu ofiary w ramach sk\u0142adki inwestycyjnej. <strong>Jest to kwota 3167 z\u0142. Trwaj\u0105 prace przy oknach zewn\u0119trznych. Trwa ich projektowanie i produkcja. Pozostaje tylko uzbroi\u0107 si\u0119 w cierpliwo\u015b\u0107. R\u00f3wnie\u017c zbieramy fundusze na wymian\u0119 organ\u00f3w oraz odgrzybienie i osuszenie \u015bciany zachodniej, kt\u00f3ra d\u0142ugie lata by\u0142a zalewana przez deszcz. B\u0119dzie to trudna praca, by j\u0105 doprowadzi\u0107 do porz\u0105dku. Podzi\u0119kowania sk\u0142adamy kolejnym rodzinom i osobom, kt\u00f3re z\u0142o\u017cy\u0142y ofiary<\/strong> na ten cel. B\u00f3g zap\u0142a\u0107 wszystkim ofiarodawcom. Lista ofiarodawc\u00f3w jest w gablocie naszego ko\u015bcio\u0142a. Liczymy, \u017ce ca\u0142a parafia w\u0142\u0105czy si\u0119 to dzie\u0142o. Wkr\u00f3tce ch\u00f3r zostanie zamkni\u0119ty. Prosimy o wyrozumia\u0142o\u015b\u0107.<\/p>\n\n\n\n<p>3. W ramach prac na cmentarzu nasz Gospodarz Cmentarza <strong>Pan Szymon Waksmundzki<\/strong> pomalowa\u0142 kaplic\u0119 oraz umy\u0142 kostk\u0119 brukow\u0105. Serdeczne B\u00f3g zap\u0142a\u0107 za wykonane prace. Wci\u0105\u017c prosz\u0119, by w\u0142a\u015bciciele grob\u00f3w zg\u0142aszali si\u0119 do kancelarii parafialnej w celu odnotowania tego faktu w systemie.<\/p>\n\n\n\n<p>4. <strong>Kalendarz liturgiczny<br>Poniedzia\u0142ek <\/strong>\u2013 uroczysto\u015b\u0107 Naj\u015bwi\u0119tszej Maryi Panny Cz\u0119stochowskiej<br><strong>Wtorek<\/strong> &#8211; wspomnienie \u015bwi\u0119tej Moniki<br><strong>\u015aroda<\/strong> &#8211; wspomnienie \u015bw. Augustyna, biskupa i doktora Ko\u015bcio\u0142a<br><strong>Czwartek<\/strong> &#8211; wspomnienie m\u0119cze\u0144stwa \u015bw. Jana Chrzciciela<\/p>\n\n\n\n<p>5. <strong>W \u015brod\u0119 Nowenna<\/strong> do Matki Bo\u017cej Nieustaj\u0105cej Pomocy o godzinie 17.30.<\/p>\n\n\n\n<p>6.<strong> Spowied\u017a przed rozpocz\u0119ciem roku szkolnego b\u0119dzie w sobot\u0119 od godziny 16.00.<\/strong><\/p>\n\n\n\n<p>7. Za tydzie\u0144 po Sumie zmiana tajemnic R\u00f3\u017ca\u0144ca \u015awi\u0119tego.<\/p>\n\n\n\n<p>8. Dzi\u0119kuj\u0119 za sprz\u0105tanie naszej \u015bwi\u0105tyni na niedziel\u0119 oraz za ofiary na Fundusz Kwiatowy i Fundusz Czysto\u015bci. W tym tygodniu prosimy o to rodziny z <strong>ul. Gorcza\u0144skiej: Stanis\u0142aw Ludzia, Maria Jurkowska, Maria Kamo\u0144, Katarzyna \u015acis\u0142owicz, El\u017cbieta Szumal.<\/strong><strong><\/strong><\/p>\n\n\n\n<p>9. Jest nowy numer \u201eNiedzieli\u201d a dla dzieci \u201eSta\u015b\u201d na miesi\u0105c sierpie\u0144.<\/p>\n\n\n\n<p>10. W tym tygodniu po\u017cegnali\u015bmy z naszej wsp\u00f3lnoty parafialnej <strong>\u015bp. Krystyn\u0119 Zagat\u0119.<\/strong> Pole\u0107my j\u0105 mi\u0142osierdziu Bo\u017cemu.<\/p>\n\n\n\n<p><strong>Og\u0142oszenia o kt\u00f3re proszono:<\/strong><\/p>\n\n\n\n<p>Zarz\u0105d Stowarzyszenia \u201eOstrowsko &#8211; dziedzictwo i przysz\u0142o\u015b\u0107\u201d informuje, \u017ce&nbsp; w przysz\u0142ym roku obchodzi\u0107 b\u0119dziemy 80 rocznicy \u015bmierci Stefana Banacha, najwybitniejszego polskiego matematyka, kt\u00f3rego zas\u0142ugi dla nauki s\u0105 ogromne, a kt\u00f3rego korzenie si\u0119gaj\u0105 naszej miejscowo\u015bci, poprzez swojego ojca Stefana Greczka. <strong>Na p\u00f3\u0142ce z pras\u0105 s\u0105<\/strong> <strong>broszury informacyjne<\/strong> o \u017cyciu i dokonaniach&nbsp; naukowych Stefana Banacha. Zadbajmy, by ta pozycja znalaz\u0142a si\u0119 w ka\u017cdym domu w naszej wsi, by ka\u017cda rodzina mog\u0142a pozna\u0107 t\u0119 wybitn\u0105 posta\u0107.<\/p>\n\n\n\n<p>Gmina Nowy Targ informuje o bezp\u0142atnych szczepieniach przeciwko <strong>meningokokom <\/strong><strong>typu B <\/strong>przeznaczonych dla dzieci do lat dw\u00f3ch. Szczepionki te s\u0105 bardzo drogie, dlatego niewielu Rodzic\u00f3w decyduje si\u0119 na zakup, a w tym przypadku zakup ich finansuje Urz\u0105d Gminy Nowy Targ i powiat nowotarski.&nbsp;Szczeg\u00f3\u0142y s\u0105 na plakacie w gablocie.<\/p>\n\n\n\n<p><strong>Wszystkim na ostatni tydzie\u0144 wakacji \u017cyczymy dobrego odpoczynku a obchodz\u0105cym swoje imieniny i urodziny \u017cyczymy Bo\u017cego B\u0142ogos\u0142awie\u0144stwa i opieki \u015bw. Patron\u00f3w<\/strong><\/p>\n","protected":false},"excerpt":{"rendered":"<p>21 Niedziela zwyk\u0142a \u2013 25 sierpnia 2024 roku 1. Dzisiejsza niedziela jest Dniem naszej wdzi\u0119czno\u015bci Panu Bogu za stworzenie i dary ziemi, kt\u00f3re s\u0105 naszym po\u017cywieniem. Serdeczne B\u00f3g zap\u0142a\u0107 wszystkim, kt\u00f3rzy wzi\u0119li czynny udzia\u0142&#46;&#46;&#46;<\/p>\n<div class='heateorSssClear'><\/div><div  class='heateor_sss_sharing_container heateor_sss_horizontal_sharing' data-heateor-sss-href='http:\/\/parafiaostrowsko.info\/wordpress\/index.php\/2024\/08\/24\/ogloszenia-duszpasterskie-25-08-2024\/'><div class='heateor_sss_sharing_title' style=\"font-weight:bold\" >Udost\u0119pnij<\/div><div class=\"heateor_sss_sharing_ul\"><a class=\"heateor_sss_facebook\" href=\"https:\/\/www.facebook.com\/sharer\/sharer.php?u=http%3A%2F%2Fparafiaostrowsko.info%2Fwordpress%2Findex.php%2F2024%2F08%2F24%2Fogloszenia-duszpasterskie-25-08-2024%2F\" title=\"Facebook\" rel=\"nofollow noopener\" target=\"_blank\" style=\"font-size:32px!important;box-shadow:none;display:inline-block;vertical-align:middle\"><span class=\"heateor_sss_svg\" style=\"background-color:#3c589a;width:35px;height:35px;border-radius:999px;display:inline-block;opacity:1;float:left;font-size:32px;box-shadow:none;display:inline-block;font-size:16px;padding:0 4px;vertical-align:middle;background-repeat:repeat;overflow:hidden;padding:0;cursor:pointer;box-sizing:content-box\"><svg style=\"display:block;border-radius:999px;\" focusable=\"false\" aria-hidden=\"true\" xmlns=\"http:\/\/www.w3.org\/2000\/svg\" width=\"100%\" height=\"100%\" viewBox=\"-5 -5 42 42\"><path d=\"M17.78 27.5V17.008h3.522l.527-4.09h-4.05v-2.61c0-1.182.33-1.99 2.023-1.99h2.166V4.66c-.375-.05-1.66-.16-3.155-.16-3.123 0-5.26 1.905-5.26 5.405v3.016h-3.53v4.09h3.53V27.5h4.223z\" fill=\"#fff\"><\/path><\/svg><\/span><\/a><a style=\"padding:7.35px 0 !important\" class=\"heateor_sss_facebook_share\"><div class=\"fb-share-button\" data-href=\"http:\/\/parafiaostrowsko.info\/wordpress\/index.php\/2024\/08\/24\/ogloszenia-duszpasterskie-25-08-2024\/\" data-layout=\"button\"><\/div><\/a><\/div><div class=\"heateorSssClear\"><\/div><\/div><div class='heateorSssClear'><\/div>","protected":false},"author":1,"featured_media":7560,"comment_status":"open","ping_status":"open","sticky":false,"template":"","format":"standard","meta":[],"categories":[18],"tags":[],"_links":{"self":[{"href":"http:\/\/parafiaostrowsko.info\/wordpress\/index.php\/wp-json\/wp\/v2\/posts\/8362"}],"collection":[{"href":"http:\/\/parafiaostrowsko.info\/wordpress\/index.php\/wp-json\/wp\/v2\/posts"}],"about":[{"href":"http:\/\/parafiaostrowsko.info\/wordpress\/index.php\/wp-json\/wp\/v2\/types\/post"}],"author":[{"embeddable":true,"href":"http:\/\/parafiaostrowsko.info\/wordpress\/index.php\/wp-json\/wp\/v2\/users\/1"}],"replies":[{"embeddable":true,"href":"http:\/\/parafiaostrowsko.info\/wordpress\/index.php\/wp-json\/wp\/v2\/comments?post=8362"}],"version-history":[{"count":1,"href":"http:\/\/parafiaostrowsko.info\/wordpress\/index.php\/wp-json\/wp\/v2\/posts\/8362\/revisions"}],"predecessor-version":[{"id":8363,"href":"http:\/\/parafiaostrowsko.info\/wordpress\/index.php\/wp-json\/wp\/v2\/posts\/8362\/revisions\/8363"}],"wp:featuredmedia":[{"embeddable":true,"href":"http:\/\/parafiaostrowsko.info\/wordpress\/index.php\/wp-json\/wp\/v2\/media\/7560"}],"wp:attachment":[{"href":"http:\/\/parafiaostrowsko.info\/wordpress\/index.php\/wp-json\/wp\/v2\/media?parent=8362"}],"wp:term":[{"taxonomy":"category","embeddable":true,"href":"http:\/\/parafiaostrowsko.info\/wordpress\/index.php\/wp-json\/wp\/v2\/categories?post=8362"},{"taxonomy":"post_tag","embeddable":true,"href":"http:\/\/parafiaostrowsko.info\/wordpress\/index.php\/wp-json\/wp\/v2\/tags?post=8362"}],"curies":[{"name":"wp","href":"https:\/\/api.w.org\/{rel}","templated":true}]}}