{"id":8369,"date":"2024-09-01T17:22:22","date_gmt":"2024-09-01T15:22:22","guid":{"rendered":"http:\/\/parafiaostrowsko.info\/wordpress\/?p=8369"},"modified":"2024-09-01T17:22:23","modified_gmt":"2024-09-01T15:22:23","slug":"ogloszenia-duszpasterskie-01-09-2024","status":"publish","type":"post","link":"http:\/\/parafiaostrowsko.info\/wordpress\/index.php\/2024\/09\/01\/ogloszenia-duszpasterskie-01-09-2024\/","title":{"rendered":"Og\u0142oszenia duszpasterskie 01.09.2024"},"content":{"rendered":"\n<p class=\"has-text-align-center\"><strong>22 Niedziela zwyk\u0142a \u2013 1 wrze\u015bnia 2024 roku<\/strong><\/p>\n\n\n\n<p>1. Dzisiaj do\u017cynki podhala\u0144skie w Lud\u017amierzu. Serdeczne B\u00f3g zap\u0142a\u0107 wszystkim, kt\u00f3rzy wzi\u0119li czynny udzia\u0142 w przygotowaniu naszej oprawy do\u017cynkowej w ubieg\u0142\u0105 niedziel\u0119. Zarazem prosimy, by w przysz\u0142oroczne do\u017cynki w\u0142\u0105czy\u0142y si\u0119 nast\u0119puj\u0105ce rodziny: <strong>ul. Pieni\u0144ska: Ma\u0142gorzata Ci\u0119\u017cobka, Henryka Szewczyk, Katarzyna Pankiewicz, Krystyna Musiak, Ewa Sikora, Jakub Waksmundzki, Krystyna Stanek, Maria Gromada, Halina Garbacz, Agnieszka P\u0119dzim\u0105\u017c, Barbara Zagata, Iwona Borowicz <\/strong>oraz z <strong>ul. Sosnowej:<\/strong> <strong>Renata Ci\u0119\u017cobka, Alina Byrdak, Krystyna Borecka.<\/strong><\/p>\n\n\n\n<p>2. <strong>Informacje o trwaj\u0105cych pracach. Trwaj\u0105 prace przy chodnikach na cmentarzu. <\/strong>Pragniemy po\u0142\u0105czy\u0107 alejki dla lepszej komunikacji oraz \u0142atwiejszego od\u015bnie\u017cania. Przypominamy, \u017ce wszelkie formalno\u015bci zwi\u0105zek z cmentarzem prosz\u0119 zg\u0142asza\u0107 w kancelarii, gdzie dokonujemy op\u0142at i wystawiamy pokwitowania, kt\u00f3re s\u0105 pozwoleniem na rozpocz\u0119cie prac przy grobie. Prosimy osoby, kt\u00f3re opiekuj\u0105 si\u0119 grobami \u2013 s\u0105 ich dysponentami, by zg\u0142asza\u0142y si\u0119 do kancelarii celem odnotowania tego w systemie. Przypominamy, \u017ce nie pozostawiamy \u015bmieci na cmentarzu \u2013 zabieramy do domu. W pa\u017adzierniku na grobach, kt\u00f3rych nie poznamy w\u0142a\u015bcicieli zostan\u0105 rozmieszczone po raz drugi pisemne informacje wzywaj\u0105ce do stawienia si\u0119 w kancelarii.<\/p>\n\n\n\n<p><strong>Od dzisiejszej niedzieli wej\u015bcie na ch\u00f3r zosta\u0142o zamkni\u0119te.<\/strong> Przepraszamy za utrudnienia. Trwaj\u0105 prace przy demonta\u017cu starych organ\u00f3w. Ich stan prawdziwie by\u0142 kiepski. Dokumentacj\u0119 fotograficzn\u0105 przedstawimy w p\u00f3\u017aniejszym czasie. B\u00f3g zap\u0142a\u0107 wszystkim ofiarodawcom. Lista ofiarodawc\u00f3w jest w gablocie naszego ko\u015bcio\u0142a. Liczymy, \u017ce ca\u0142a parafia w\u0142\u0105czy si\u0119 to dzie\u0142o.<\/p>\n\n\n\n<p><strong>R\u00f3wnocze\u015bnie trwa wymiana pieca centralnego ogrzewania na plebanii.<\/strong><\/p>\n\n\n\n<p>3. <strong>W poniedzia\u0142ek<\/strong> <strong>o godzinie 8.00<\/strong> Msza \u015bw. na rozpocz\u0119cie nowego roku szkolnego. Zapraszamy wszystkich uczni\u00f3w, rodzic\u00f3w i nauczycieli. <strong>Za tydzie\u0144 w niedziel\u0119 na Sumie po\u015bwi\u0119cenie tornistr\u00f3w i przybor\u00f3w szkolnych. Zapraszamy dzieci, kt\u00f3re zaczynaj\u0105 nauk\u0119 w szkole.<\/strong><\/p>\n\n\n\n<p>Nabo\u017ce\u0144stwo o uzdrowienie i uwolnienie do \u015bw. Micha\u0142a Archanio\u0142a o godzinie 17.30.<\/p>\n\n\n\n<p>4. <strong>W \u015brod\u0119<\/strong> Nowenna do Matki Bo\u017cej Nieustaj\u0105cej Pomocy o godzinie <strong>17.30.<\/strong><\/p>\n\n\n\n<p>5. <strong>Nabo\u017ce\u0144stwo pierwszo czwartkowe po porannej Mszy \u015bw.<\/strong><\/p>\n\n\n\n<p>6. <strong>Pierwszy pi\u0105tek.<\/strong> Mo\u017cliwo\u015b\u0107 spowiedzi rano przed Msz\u0105 \u015bw. oraz popo\u0142udniu od godziny 16.30. Msza \u015bw. rano o 7.00 i nabo\u017ce\u0144stwo wynagradzaj\u0105ce Naj\u015bwi\u0119tszemu Sercu Pana Jezusa. Odwiedziny chorych od godziny 8.30. Prosz\u0119 chorych zg\u0142asza\u0107 w zakrystii do czwartku.<\/p>\n\n\n\n<p>7. <strong>W sobot\u0119 nabo\u017ce\u0144stwo maryjne o godzinie 17.30. A p<\/strong><strong>o Mszy \u015bw. spotkanie dla Lektor\u00f3w i Ministrant\u00f3w. Obecno\u015b\u0107 obowi\u0105zkowa.<\/strong><\/p>\n\n\n\n<p>8. Od 1 wrze\u015bnia <strong>Msza \u015bw. poranna<\/strong> b\u0119dzie o godzinie <strong>7.00.<\/strong><\/p>\n\n\n\n<p>9. Dzi\u0119kuj\u0119 za sprz\u0105tanie naszej \u015bwi\u0105tyni na niedziel\u0119 oraz za ofiary na Fundusz Kwiatowy i Fundusz Czysto\u015bci. W tym tygodniu prosimy o to rodziny z <strong>ul. Gorcza\u0144skiej: Pa\u0144stwo: Maria Greczek, El\u017cbieta Waksmundzka, Renata Krzysica, Ewelina Waksmundzka, Magdalena Bochy\u0144ska-Bargie\u0142.<\/strong><\/p>\n\n\n\n<p>10. Jest nowy numer \u201eNiedzieli\u201d oraz dla dzieci \u201eSta\u015b\u201d na wrzesie\u0144.<\/p>\n\n\n\n<p><strong>Og\u0142oszenia o kt\u00f3re proszono:<\/strong><\/p>\n\n\n\n<p>Zebranie wiejskie odb\u0119dzie si\u0119 <strong>w niedziel\u0119 8 wrze\u015bnia o godz. 16.00<\/strong> w Nowej Remizie. Tematami b\u0119d\u0105: podzia\u0142 funduszu so\u0142eckiego na 2025 r., wybory So\u0142tysa i Rady So\u0142eckiej 6 pa\u017adziernika oraz sprawy bie\u017c\u0105ce wsi. <strong>&nbsp;So\u0142tys&nbsp;<\/strong><\/p>\n\n\n\n<p>Zebrania Wsp\u00f3lnoty Gruntowej i Le\u015bnej odb\u0119dzie si\u0119 o godz. 17.30 po zebraniu wiejskim. <strong>Prezes Zarz\u0105du<\/strong><\/p>\n","protected":false},"excerpt":{"rendered":"<p>22 Niedziela zwyk\u0142a \u2013 1 wrze\u015bnia 2024 roku 1. Dzisiaj do\u017cynki podhala\u0144skie w Lud\u017amierzu. Serdeczne B\u00f3g zap\u0142a\u0107 wszystkim, kt\u00f3rzy wzi\u0119li czynny udzia\u0142 w przygotowaniu naszej oprawy do\u017cynkowej w ubieg\u0142\u0105 niedziel\u0119. Zarazem prosimy, by w&#46;&#46;&#46;<\/p>\n<div class='heateorSssClear'><\/div><div  class='heateor_sss_sharing_container heateor_sss_horizontal_sharing' data-heateor-sss-href='http:\/\/parafiaostrowsko.info\/wordpress\/index.php\/2024\/09\/01\/ogloszenia-duszpasterskie-01-09-2024\/'><div class='heateor_sss_sharing_title' style=\"font-weight:bold\" >Udost\u0119pnij<\/div><div class=\"heateor_sss_sharing_ul\"><a class=\"heateor_sss_facebook\" href=\"https:\/\/www.facebook.com\/sharer\/sharer.php?u=http%3A%2F%2Fparafiaostrowsko.info%2Fwordpress%2Findex.php%2F2024%2F09%2F01%2Fogloszenia-duszpasterskie-01-09-2024%2F\" title=\"Facebook\" rel=\"nofollow noopener\" target=\"_blank\" style=\"font-size:32px!important;box-shadow:none;display:inline-block;vertical-align:middle\"><span class=\"heateor_sss_svg\" style=\"background-color:#3c589a;width:35px;height:35px;border-radius:999px;display:inline-block;opacity:1;float:left;font-size:32px;box-shadow:none;display:inline-block;font-size:16px;padding:0 4px;vertical-align:middle;background-repeat:repeat;overflow:hidden;padding:0;cursor:pointer;box-sizing:content-box\"><svg style=\"display:block;border-radius:999px;\" focusable=\"false\" aria-hidden=\"true\" xmlns=\"http:\/\/www.w3.org\/2000\/svg\" width=\"100%\" height=\"100%\" viewBox=\"-5 -5 42 42\"><path d=\"M17.78 27.5V17.008h3.522l.527-4.09h-4.05v-2.61c0-1.182.33-1.99 2.023-1.99h2.166V4.66c-.375-.05-1.66-.16-3.155-.16-3.123 0-5.26 1.905-5.26 5.405v3.016h-3.53v4.09h3.53V27.5h4.223z\" fill=\"#fff\"><\/path><\/svg><\/span><\/a><a style=\"padding:7.35px 0 !important\" class=\"heateor_sss_facebook_share\"><div class=\"fb-share-button\" data-href=\"http:\/\/parafiaostrowsko.info\/wordpress\/index.php\/2024\/09\/01\/ogloszenia-duszpasterskie-01-09-2024\/\" data-layout=\"button\"><\/div><\/a><\/div><div class=\"heateorSssClear\"><\/div><\/div><div class='heateorSssClear'><\/div>","protected":false},"author":1,"featured_media":7560,"comment_status":"open","ping_status":"open","sticky":false,"template":"","format":"standard","meta":[],"categories":[18],"tags":[],"_links":{"self":[{"href":"http:\/\/parafiaostrowsko.info\/wordpress\/index.php\/wp-json\/wp\/v2\/posts\/8369"}],"collection":[{"href":"http:\/\/parafiaostrowsko.info\/wordpress\/index.php\/wp-json\/wp\/v2\/posts"}],"about":[{"href":"http:\/\/parafiaostrowsko.info\/wordpress\/index.php\/wp-json\/wp\/v2\/types\/post"}],"author":[{"embeddable":true,"href":"http:\/\/parafiaostrowsko.info\/wordpress\/index.php\/wp-json\/wp\/v2\/users\/1"}],"replies":[{"embeddable":true,"href":"http:\/\/parafiaostrowsko.info\/wordpress\/index.php\/wp-json\/wp\/v2\/comments?post=8369"}],"version-history":[{"count":1,"href":"http:\/\/parafiaostrowsko.info\/wordpress\/index.php\/wp-json\/wp\/v2\/posts\/8369\/revisions"}],"predecessor-version":[{"id":8370,"href":"http:\/\/parafiaostrowsko.info\/wordpress\/index.php\/wp-json\/wp\/v2\/posts\/8369\/revisions\/8370"}],"wp:featuredmedia":[{"embeddable":true,"href":"http:\/\/parafiaostrowsko.info\/wordpress\/index.php\/wp-json\/wp\/v2\/media\/7560"}],"wp:attachment":[{"href":"http:\/\/parafiaostrowsko.info\/wordpress\/index.php\/wp-json\/wp\/v2\/media?parent=8369"}],"wp:term":[{"taxonomy":"category","embeddable":true,"href":"http:\/\/parafiaostrowsko.info\/wordpress\/index.php\/wp-json\/wp\/v2\/categories?post=8369"},{"taxonomy":"post_tag","embeddable":true,"href":"http:\/\/parafiaostrowsko.info\/wordpress\/index.php\/wp-json\/wp\/v2\/tags?post=8369"}],"curies":[{"name":"wp","href":"https:\/\/api.w.org\/{rel}","templated":true}]}}