{"id":8375,"date":"2024-09-08T23:02:34","date_gmt":"2024-09-08T21:02:34","guid":{"rendered":"http:\/\/parafiaostrowsko.info\/wordpress\/?p=8375"},"modified":"2024-09-08T23:02:35","modified_gmt":"2024-09-08T21:02:35","slug":"ogloszenia-duszpasterskie-08-09-2024","status":"publish","type":"post","link":"http:\/\/parafiaostrowsko.info\/wordpress\/index.php\/2024\/09\/08\/ogloszenia-duszpasterskie-08-09-2024\/","title":{"rendered":"Og\u0142oszenia duszpasterskie 08.09.2024"},"content":{"rendered":"\n<p class=\"has-text-align-center\"><strong>23 Niedziela zwyk\u0142a \u2013 08 wrze\u015bnia 2024 roku<\/strong><\/p>\n\n\n\n<p>1. Dzisiaj <strong>XIV Tydzie\u0144 Wychowania<\/strong>, pod has\u0142em: \u201eWychowujemy razem\u201d. Dzisiaj r\u00f3wnie\u017c w Kalwarii Zebrzydowskiej odbywa si\u0119 <strong>32 Pielgrzymka Rodzin naszej Archidiecezji.<\/strong><\/p>\n\n\n\n<p>2. Na r\u0119ce proboszcza wp\u0142yn\u0119\u0142o podzi\u0119kowanie za ofiary na \u015brodki transportu dla misjonarzy z\u0142o\u017cone w ramach akcji \u015bw. Krzysztof &#8211; 1 grosz za 1 kilometr. Dyplom wdzi\u0119czno\u015bci wywieszony jest w gablocie.<\/p>\n\n\n\n<p>2. <strong>Kalendarz liturgiczny<\/strong><\/p>\n\n\n\n<p><strong>poniedzia\u0142ek <\/strong>\u2013 wspomnienie b\u0142. Anieli Salawy<\/p>\n\n\n\n<p><strong>czwartek<\/strong> \u2013 wspomnienie Naj\u015bwi\u0119tszego Imienia Maryi<\/p>\n\n\n\n<p><strong>pi\u0105tek<\/strong> \u2013 wspomnienie \u015bw. Jana Chryzostoma, biskupa i doktora Ko\u015bcio\u0142a<\/p>\n\n\n\n<p><strong>sobota<\/strong> \u2013 \u015bwi\u0119to Podwy\u017cszenia Krzy\u017ca \u015awi\u0119tego<\/p>\n\n\n\n<p>3. W \u015brod\u0119 Nowenna do Matki Bo\u017cej Nieustaj\u0105cej Pomocy o godzinie 17.30.<\/p>\n\n\n\n<p>4. <strong>Za tydzie\u0144 sk\u0142adka inwestycyjna.<\/strong> Zako\u0144czy\u0142y si\u0119 prace na cmentarzu. Dzi\u0119kuj\u0119 Panu Stanis\u0142awowi Kozie\u0142owi za wykonane bardzo sprawnie prace, kt\u00f3rych cz\u0119\u015b\u0107 zasponsorowa\u0142 oraz Panu Piotrowi Domalikowi za ofiarowany materia\u0142 pod budowane chodniki. <strong>B\u00f3g zap\u0142a\u0107 wszystkim ofiarodawcom.<\/strong><\/p>\n\n\n\n<p>5. Dzi\u0119kuj\u0119 za sprz\u0105tanie naszej \u015bwi\u0105tyni na niedziel\u0119 oraz za ofiary na Fundusz Kwiatowy i Fundusz Czysto\u015bci. W tym tygodniu prosimy o to rodziny z <strong>ul. Gorcza\u0144skiej: Pa\u0144stwo: Jadwiga \u017b\u00f3\u0142tek, Jadwiga G\u0142odek, Zofia Baka, El\u017cbieta Kos, Monika Cyrwus<\/strong><\/p>\n\n\n\n<p>6. Jest nowy numer \u201eNiedzieli\u201d oraz dla dzieci \u201eSta\u015b\u201d<\/p>\n\n\n\n<p><strong>Og\u0142oszenia o kt\u00f3re proszono:<\/strong><br>1. <strong>Zarz\u0105d Sp\u00f3\u0142ki<\/strong> W<strong>odnej<\/strong> informuj\u0119, \u017ce w tym tygodniu nast\u0105pi\u0105 braki w dostawie wody pitnej z powodu czyszczenia uj\u0119\u0107 i zbiornika, spowodowanymi przypadkami wyst\u0119powania bakterii coli w ostatnim czasie. <strong>We wtorek <\/strong>b\u0119d\u0105 prowadzone prace na uj\u0119ciu wody. <strong>Na czwartek<\/strong> planowane jest czyszczenie zbiornika. W zwi\u0105zku z tym prosimy o zaopatrzenie si\u0119 wcze\u015bniej w wod\u0119 pitn\u0105. Za utrudnienia przepraszamy i prosimy o wyrozumia\u0142o\u015b\u0107, powy\u017csze dzia\u0142ania maj\u0105 na celu popraw\u0119 jako\u015bci wody pitnej w naszej miejscowo\u015bci.<strong> Zarz\u0105d Sp\u00f3\u0142ki.<\/strong><\/p>\n\n\n\n<p>2. Zebranie wiejskie <strong>w niedziel\u0119 8 wrze\u015bnia o godz. 16.00<\/strong> w Nowej Remizie. <strong>So\u0142tys&nbsp;<\/strong><\/p>\n\n\n\n<p>3. Zebrania Wsp\u00f3lnoty Gruntowej i Le\u015bnej odb\u0119dzie si\u0119 o godz. 17.30 po zebraniu wiejskim. <strong>Prezes Zarz\u0105du<\/strong><\/p>\n","protected":false},"excerpt":{"rendered":"<p>23 Niedziela zwyk\u0142a \u2013 08 wrze\u015bnia 2024 roku 1. Dzisiaj XIV Tydzie\u0144 Wychowania, pod has\u0142em: \u201eWychowujemy razem\u201d. Dzisiaj r\u00f3wnie\u017c w Kalwarii Zebrzydowskiej odbywa si\u0119 32 Pielgrzymka Rodzin naszej Archidiecezji. 2. Na r\u0119ce proboszcza wp\u0142yn\u0119\u0142o&#46;&#46;&#46;<\/p>\n<div class='heateorSssClear'><\/div><div  class='heateor_sss_sharing_container heateor_sss_horizontal_sharing' data-heateor-sss-href='http:\/\/parafiaostrowsko.info\/wordpress\/index.php\/2024\/09\/08\/ogloszenia-duszpasterskie-08-09-2024\/'><div class='heateor_sss_sharing_title' style=\"font-weight:bold\" >Udost\u0119pnij<\/div><div class=\"heateor_sss_sharing_ul\"><a class=\"heateor_sss_facebook\" href=\"https:\/\/www.facebook.com\/sharer\/sharer.php?u=http%3A%2F%2Fparafiaostrowsko.info%2Fwordpress%2Findex.php%2F2024%2F09%2F08%2Fogloszenia-duszpasterskie-08-09-2024%2F\" title=\"Facebook\" rel=\"nofollow noopener\" target=\"_blank\" style=\"font-size:32px!important;box-shadow:none;display:inline-block;vertical-align:middle\"><span class=\"heateor_sss_svg\" style=\"background-color:#3c589a;width:35px;height:35px;border-radius:999px;display:inline-block;opacity:1;float:left;font-size:32px;box-shadow:none;display:inline-block;font-size:16px;padding:0 4px;vertical-align:middle;background-repeat:repeat;overflow:hidden;padding:0;cursor:pointer;box-sizing:content-box\"><svg style=\"display:block;border-radius:999px;\" focusable=\"false\" aria-hidden=\"true\" xmlns=\"http:\/\/www.w3.org\/2000\/svg\" width=\"100%\" height=\"100%\" viewBox=\"-5 -5 42 42\"><path d=\"M17.78 27.5V17.008h3.522l.527-4.09h-4.05v-2.61c0-1.182.33-1.99 2.023-1.99h2.166V4.66c-.375-.05-1.66-.16-3.155-.16-3.123 0-5.26 1.905-5.26 5.405v3.016h-3.53v4.09h3.53V27.5h4.223z\" fill=\"#fff\"><\/path><\/svg><\/span><\/a><a style=\"padding:7.35px 0 !important\" class=\"heateor_sss_facebook_share\"><div class=\"fb-share-button\" data-href=\"http:\/\/parafiaostrowsko.info\/wordpress\/index.php\/2024\/09\/08\/ogloszenia-duszpasterskie-08-09-2024\/\" data-layout=\"button\"><\/div><\/a><\/div><div class=\"heateorSssClear\"><\/div><\/div><div class='heateorSssClear'><\/div>","protected":false},"author":1,"featured_media":7560,"comment_status":"open","ping_status":"open","sticky":false,"template":"","format":"standard","meta":[],"categories":[18],"tags":[],"_links":{"self":[{"href":"http:\/\/parafiaostrowsko.info\/wordpress\/index.php\/wp-json\/wp\/v2\/posts\/8375"}],"collection":[{"href":"http:\/\/parafiaostrowsko.info\/wordpress\/index.php\/wp-json\/wp\/v2\/posts"}],"about":[{"href":"http:\/\/parafiaostrowsko.info\/wordpress\/index.php\/wp-json\/wp\/v2\/types\/post"}],"author":[{"embeddable":true,"href":"http:\/\/parafiaostrowsko.info\/wordpress\/index.php\/wp-json\/wp\/v2\/users\/1"}],"replies":[{"embeddable":true,"href":"http:\/\/parafiaostrowsko.info\/wordpress\/index.php\/wp-json\/wp\/v2\/comments?post=8375"}],"version-history":[{"count":1,"href":"http:\/\/parafiaostrowsko.info\/wordpress\/index.php\/wp-json\/wp\/v2\/posts\/8375\/revisions"}],"predecessor-version":[{"id":8376,"href":"http:\/\/parafiaostrowsko.info\/wordpress\/index.php\/wp-json\/wp\/v2\/posts\/8375\/revisions\/8376"}],"wp:featuredmedia":[{"embeddable":true,"href":"http:\/\/parafiaostrowsko.info\/wordpress\/index.php\/wp-json\/wp\/v2\/media\/7560"}],"wp:attachment":[{"href":"http:\/\/parafiaostrowsko.info\/wordpress\/index.php\/wp-json\/wp\/v2\/media?parent=8375"}],"wp:term":[{"taxonomy":"category","embeddable":true,"href":"http:\/\/parafiaostrowsko.info\/wordpress\/index.php\/wp-json\/wp\/v2\/categories?post=8375"},{"taxonomy":"post_tag","embeddable":true,"href":"http:\/\/parafiaostrowsko.info\/wordpress\/index.php\/wp-json\/wp\/v2\/tags?post=8375"}],"curies":[{"name":"wp","href":"https:\/\/api.w.org\/{rel}","templated":true}]}}