{"id":8383,"date":"2024-09-14T16:34:28","date_gmt":"2024-09-14T14:34:28","guid":{"rendered":"http:\/\/parafiaostrowsko.info\/wordpress\/?p=8383"},"modified":"2024-09-14T16:34:29","modified_gmt":"2024-09-14T14:34:29","slug":"intencje-mszalne-16-09-22-09-2024","status":"publish","type":"post","link":"http:\/\/parafiaostrowsko.info\/wordpress\/index.php\/2024\/09\/14\/intencje-mszalne-16-09-22-09-2024\/","title":{"rendered":"Intencje mszalne 16.09.-22.09.2024"},"content":{"rendered":"\n<p><strong>poniedzia\u0142ek \u2013 16 wrze\u015bnia 2024<\/strong><br>18.00\u00a0 ks. Stanis\u0142aw: \u015bp. Tadeusz KO\u0141AT<br>18.00\u00a0\u00a0 \u015bp. Wiktoria KOZIE\u0141 9 rocz. \u015bm. \u00a0\u015bp. Franciszek m\u0105\u017c<br><\/p>\n\n\n\n<p><strong>wtorek \u2013 17 wrze\u015bnia 2024<\/strong><br>7.00\u00a0\u00a0\u00a0\u00a0 ks. Stanis\u0142aw: \u015bp. J\u00f3zef ZAGATA<br>7.00\u00a0\u00a0 \u00a0\u015bp. Stefania i J\u00f3zef SIEDLARCZYK<br><\/p>\n\n\n\n<p><strong>\u015broda \u2013 18 wrze\u015bnia 2024<\/strong><br>18.00\u00a0\u00a0\u00a0 \u00a0ks. Stanis\u0142aw:\u00a0 \u015bp. Tadeusz KO\u0141AT<br>18.00 \u00a0\u00a0\u00a0\u00a0\u015bp. Franciszek CI\u0118\u017bOBKA 43 rocz. \u015bm. \u015bp. Helena \u017cona<br><br><strong>czwartek \u2013 19 wrze\u015bnia 2024 <\/strong>\u00a0<br>7.00 \u00a0ks. Stanis\u0142aw: \u015bp. Jan SZUMAL\u00a0 \u015bp. Stefania \u00a0\u017cona rocz. \u015bm.<br>7.00\u00a0 \u015bp. Aniela DOMALIK \u00a0\u00a0\u00a0\u015bp. Jan m\u0105\u017c<br><br><strong>pi\u0105tek \u2013 20 wrze\u015bnia 2024<\/strong><br>18.00\u00a0\u00a0\u00a0\u00a0 ks. Stanis\u0142aw: \u015bp. Janusz MAZUREK 22 rocz. \u015bm.<br>18.00 \u00a0\u00a0\u00a0\u00a0\u00a0za dusze w czy\u015b\u0107cu cierpi\u0105ce<br>\u00a0\u00a0\u00a0\u00a0\u00a0\u00a0\u00a0\u00a0\u00a0 \u00a0\u00a0\u00a0\u00a0\u00a0\u00a0\u00a0\u00a0\u00a0\u00a0\u00a0\u00a0\u00a0\u00a0\u00a0\u00a0\u00a0\u00a0\u00a0\u00a0\u00a0\u00a0\u00a0\u00a0\u00a0\u00a0\u00a0\u00a0\u00a0\u00a0\u00a0\u00a0\u00a0\u00a0\u00a0\u00a0\u00a0\u00a0\u00a0\u00a0\u00a0\u00a0\u2013 od Apostolstwa Pomocy Duszom Czy\u015b\u0107cowym<br><\/p>\n\n\n\n<p><strong>sobota \u2013 21 wrze\u015bnia 2024<\/strong><br>18.00\u00a0\u00a0 ks. Stanis\u0142aw: z pro\u015bb\u0105 o B\u0142ogos\u0142awie\u0144stwo Bo\u017ce i opiek\u0119 Matki Bo\u017cej<br>\u00a0\u00a0\u00a0\u00a0\u00a0\u00a0\u00a0\u00a0\u00a0\u00a0\u00a0\u00a0\u00a0\u00a0\u00a0\u00a0\u00a0\u00a0\u00a0\u00a0\u00a0\u00a0\u00a0\u00a0\u00a0\u00a0\u00a0\u00a0\u00a0\u00a0\u00a0\u00a0\u00a0\u00a0\u00a0\u00a0\u00a0\u00a0\u00a0\u00a0 Nieustaj\u0105cej Pomocy z okazji 70 rocz. urodzin<br>18.00\u00a0 \u00a0\u015bp. Zofia Budny<br><br><\/p>\n\n\n\n<p class=\"has-text-align-center\"><strong>NIEDZIELA \u00a0&#8211; \u00a022 wrze\u015bnia 2024<\/strong><\/p>\n\n\n\n<p><strong>\u00a0\u00a08.00 \u00a0<\/strong>\u00a0\u00a0ks. Stanis\u0142aw: \u015bp. J\u00f3zef LUDZIA rocz. \u015bm.<br>\u00a0<strong> 8.00<\/strong>\u00a0 \u00a0\u00a0\u015bp. Jan SZENDEREWICZ \u2013 od Jacka Bacy z rodzin\u0105<br><strong>11.00<\/strong> \u00a0\u00a0\u00a0w intencji naszej wsp\u00f3lnoty parafialnej<\/p>\n","protected":false},"excerpt":{"rendered":"<p>poniedzia\u0142ek \u2013 16 wrze\u015bnia 202418.00\u00a0 ks. Stanis\u0142aw: \u015bp. Tadeusz KO\u0141AT18.00\u00a0\u00a0 \u015bp. Wiktoria KOZIE\u0141 9 rocz. \u015bm. \u00a0\u015bp. Franciszek m\u0105\u017c wtorek \u2013 17 wrze\u015bnia 20247.00\u00a0\u00a0\u00a0\u00a0 ks. Stanis\u0142aw: \u015bp. J\u00f3zef ZAGATA7.00\u00a0\u00a0 \u00a0\u015bp. Stefania i J\u00f3zef SIEDLARCZYK&#46;&#46;&#46;<\/p>\n<div class='heateorSssClear'><\/div><div  class='heateor_sss_sharing_container heateor_sss_horizontal_sharing' data-heateor-sss-href='http:\/\/parafiaostrowsko.info\/wordpress\/index.php\/2024\/09\/14\/intencje-mszalne-16-09-22-09-2024\/'><div class='heateor_sss_sharing_title' style=\"font-weight:bold\" >Udost\u0119pnij<\/div><div class=\"heateor_sss_sharing_ul\"><a class=\"heateor_sss_facebook\" href=\"https:\/\/www.facebook.com\/sharer\/sharer.php?u=http%3A%2F%2Fparafiaostrowsko.info%2Fwordpress%2Findex.php%2F2024%2F09%2F14%2Fintencje-mszalne-16-09-22-09-2024%2F\" title=\"Facebook\" rel=\"nofollow noopener\" target=\"_blank\" style=\"font-size:32px!important;box-shadow:none;display:inline-block;vertical-align:middle\"><span class=\"heateor_sss_svg\" style=\"background-color:#3c589a;width:35px;height:35px;border-radius:999px;display:inline-block;opacity:1;float:left;font-size:32px;box-shadow:none;display:inline-block;font-size:16px;padding:0 4px;vertical-align:middle;background-repeat:repeat;overflow:hidden;padding:0;cursor:pointer;box-sizing:content-box\"><svg style=\"display:block;border-radius:999px;\" focusable=\"false\" aria-hidden=\"true\" xmlns=\"http:\/\/www.w3.org\/2000\/svg\" width=\"100%\" height=\"100%\" viewBox=\"-5 -5 42 42\"><path d=\"M17.78 27.5V17.008h3.522l.527-4.09h-4.05v-2.61c0-1.182.33-1.99 2.023-1.99h2.166V4.66c-.375-.05-1.66-.16-3.155-.16-3.123 0-5.26 1.905-5.26 5.405v3.016h-3.53v4.09h3.53V27.5h4.223z\" fill=\"#fff\"><\/path><\/svg><\/span><\/a><a style=\"padding:7.35px 0 !important\" class=\"heateor_sss_facebook_share\"><div class=\"fb-share-button\" data-href=\"http:\/\/parafiaostrowsko.info\/wordpress\/index.php\/2024\/09\/14\/intencje-mszalne-16-09-22-09-2024\/\" data-layout=\"button\"><\/div><\/a><\/div><div class=\"heateorSssClear\"><\/div><\/div><div class='heateorSssClear'><\/div>","protected":false},"author":1,"featured_media":7557,"comment_status":"open","ping_status":"open","sticky":false,"template":"","format":"standard","meta":[],"categories":[17],"tags":[],"_links":{"self":[{"href":"http:\/\/parafiaostrowsko.info\/wordpress\/index.php\/wp-json\/wp\/v2\/posts\/8383"}],"collection":[{"href":"http:\/\/parafiaostrowsko.info\/wordpress\/index.php\/wp-json\/wp\/v2\/posts"}],"about":[{"href":"http:\/\/parafiaostrowsko.info\/wordpress\/index.php\/wp-json\/wp\/v2\/types\/post"}],"author":[{"embeddable":true,"href":"http:\/\/parafiaostrowsko.info\/wordpress\/index.php\/wp-json\/wp\/v2\/users\/1"}],"replies":[{"embeddable":true,"href":"http:\/\/parafiaostrowsko.info\/wordpress\/index.php\/wp-json\/wp\/v2\/comments?post=8383"}],"version-history":[{"count":1,"href":"http:\/\/parafiaostrowsko.info\/wordpress\/index.php\/wp-json\/wp\/v2\/posts\/8383\/revisions"}],"predecessor-version":[{"id":8384,"href":"http:\/\/parafiaostrowsko.info\/wordpress\/index.php\/wp-json\/wp\/v2\/posts\/8383\/revisions\/8384"}],"wp:featuredmedia":[{"embeddable":true,"href":"http:\/\/parafiaostrowsko.info\/wordpress\/index.php\/wp-json\/wp\/v2\/media\/7557"}],"wp:attachment":[{"href":"http:\/\/parafiaostrowsko.info\/wordpress\/index.php\/wp-json\/wp\/v2\/media?parent=8383"}],"wp:term":[{"taxonomy":"category","embeddable":true,"href":"http:\/\/parafiaostrowsko.info\/wordpress\/index.php\/wp-json\/wp\/v2\/categories?post=8383"},{"taxonomy":"post_tag","embeddable":true,"href":"http:\/\/parafiaostrowsko.info\/wordpress\/index.php\/wp-json\/wp\/v2\/tags?post=8383"}],"curies":[{"name":"wp","href":"https:\/\/api.w.org\/{rel}","templated":true}]}}