{"id":8413,"date":"2024-09-29T07:15:32","date_gmt":"2024-09-29T05:15:32","guid":{"rendered":"http:\/\/parafiaostrowsko.info\/wordpress\/?p=8413"},"modified":"2024-09-29T07:15:32","modified_gmt":"2024-09-29T05:15:32","slug":"intencje-mszalne-30-09-06-10-2024","status":"publish","type":"post","link":"http:\/\/parafiaostrowsko.info\/wordpress\/index.php\/2024\/09\/29\/intencje-mszalne-30-09-06-10-2024\/","title":{"rendered":"Intencje mszalne 30.09.-06.10.2024"},"content":{"rendered":"\n<p><strong>poniedzia\u0142ek \u2013 30 wrze\u015bnia 2024<\/strong><br>18.00\u00a0 ks. Stanis\u0142aw: \u015bp. Tadeusz KO\u0141AT<br>18.00\u00a0\u00a0 \u015bp. J\u00f3zef GROMADA \u00a055 rocz. \u015bm.<br><br><strong>wtorek \u2013 1 pa\u017adziernika 2024<\/strong><br>18.00\u00a0\u00a0\u00a0\u00a0 ks. Stanis\u0142aw: \u015bp. J\u00f3zef ZAGATA<br>18.00\u00a0\u00a0 \u00a0\u015bp. Franciszek i Agnieszka SZUMAL<br><br><strong>\u015broda \u2013 2 pa\u017adziernika 2024<\/strong><br>18.00\u00a0\u00a0\u00a0 \u00a0ks. Stanis\u0142aw:\u00a0 \u015bp. Jan i Maria STRAMEK \u015bp. Maria c\u00f3rka<br>\u00a0\u00a0\u00a0\u00a0\u00a0\u00a0\u00a0\u00a0\u00a0\u00a0\u00a0\u00a0\u00a0\u00a0\u00a0\u00a0\u00a0\u00a0\u00a0\u00a0\u00a0\u00a0\u00a0\u00a0\u00a0\u00a0\u00a0\u00a0\u00a0\u00a0\u00a0\u00a0\u00a0\u00a0\u00a0\u00a0\u00a0\u00a0\u00a0\u00a0\u00a0\u00a0\u00a0\u00a0\u00a0\u00a0\u00a0\u00a0\u00a0\u00a0\u00a0\u00a0\u00a0\u00a0\u00a0\u00a0\u00a0\u00a0\u00a0\u00a0\u00a0\u00a0\u00a0\u00a0\u00a0\u00a0\u00a0\u00a0\u00a0\u00a0\u00a0\u00a0\u00a0\u00a0\u00a0\u00a0\u00a0\u00a0\u00a0\u00a0\u00a0\u00a0\u00a0\u00a0 \u2013 od c\u00f3rki Heleny z m\u0119\u017cem<br>18.00 \u00a0\u00a0\u00a0\u00a0\u015bp. Wiktoria i Andrzej KOPE\u0106<br><\/p>\n\n\n\n<p><strong>czwartek \u2013 3 pa\u017adziernika 2024 \u00a0<\/strong><br>18.00 \u00a0ks. Stanis\u0142aw: \u015bp. Ferdynand i Anna GRO\u0143SCY<br>18.00\u00a0 \u015bp. Maria WAWRZON \u00a03 rocz. \u015bm.<br><br><strong>pi\u0105tek \u2013 4 pa\u017adziernika 2024<\/strong><br>\u00a0 7.00 \u00a0\u00a0\u00a0\u00a0\u00a0\u00a0\u00a0\u00a0w intencji Bogu wiadomej<br>18.00\u00a0\u00a0\u00a0\u00a0 \u00a0ks. Stanis\u0142aw: z podzi\u0119kowaniem Panu Bogu i Matce Bo\u017cej za otrzymane \u0142aski z pro\u015bb\u0105 o dalsz\u0105 opiek\u0119 dla ca\u0142ej rodziny Twarog\u00f3w<br>18.00 \u00a0\u00a0\u00a0\u00a0\u00a0\u015bp. Stanis\u0142aw P\u0141OSKONKA 5 rocz. \u015bm.<br><br><strong>sobota \u2013 5 pa\u017adziernika 2024<\/strong><br>18.00\u00a0\u00a0 ks. Stanis\u0142aw: z podzi\u0119kowaniem Panu Bogu i Matce Bo\u017cej<br>\u00a0\u00a0\u00a0\u00a0\u00a0\u00a0\u00a0\u00a0\u00a0\u00a0\u00a0\u00a0\u00a0\u00a0\u00a0\u00a0\u00a0\u00a0\u00a0\u00a0\u00a0\u00a0\u00a0\u00a0\u00a0\u00a0\u00a0\u00a0\u00a0\u00a0\u00a0\u00a0\u00a0\u00a0\u00a0\u00a0\u00a0\u00a0\u00a0 \u00a0Nieustaj\u0105cej Pomocy za otrzymane \u0142aski z pro\u015bb\u0105<br>\u00a0\u00a0\u00a0\u00a0\u00a0\u00a0\u00a0\u00a0\u00a0\u00a0\u00a0\u00a0\u00a0\u00a0\u00a0\u00a0\u00a0\u00a0\u00a0\u00a0\u00a0\u00a0\u00a0\u00a0\u00a0\u00a0\u00a0\u00a0\u00a0\u00a0\u00a0\u00a0\u00a0\u00a0\u00a0\u00a0\u00a0\u00a0\u00a0\u00a0 o dalsz\u0105 opiek\u0119 dla rodzin 1 R\u00f3\u017cy \u017bywego R\u00f3\u017ca\u0144ca<br>18.00\u00a0 \u00a0O B\u0142ogos\u0142awie\u0144stwo Bo\u017ce i opiek\u0119 Matki Bo\u017cej dla cz\u0142onk\u00f3w<br>\u00a0\u00a0\u00a0\u00a0\u00a0\u00a0\u00a0\u00a0\u00a0\u00a0\u00a0\u00a0\u00a0 \u017bywego R\u00f3\u017ca\u0144ca z 7 R\u00f3\u017cy zelatorki Marii Gromada<br>\u00a0\u00a0\u00a0\u00a0\u00a0\u00a0\u00a0\u00a0\u00a0\u00a0\u00a0\u00a0\u00a0\u00a0 w dniu patronki \u015bw. Faustyny<br><br><\/p>\n\n\n\n<p><strong>NIEDZIELA \u00a0&#8211; \u00a06 pa\u017adziernika 2024 <\/strong>\u00a0<\/p>\n\n\n\n<p>\u00a0\u00a0<strong>8.00 <\/strong>\u00a0\u00a0\u00a0ks. Stanis\u0142aw: \u015bp. Andrzej LUDZIA \u015bp. Karolina \u017cona<br>\u00a0\u00a0\u00a0\u00a0\u00a0\u00a0\u00a0\u00a0\u00a0\u00a0\u00a0\u00a0\u00a0\u00a0\u00a0\u00a0\u00a0\u00a0\u00a0\u00a0\u00a0\u00a0\u00a0\u00a0\u00a0\u00a0\u00a0\u00a0\u00a0\u00a0\u00a0\u00a0\u00a0\u00a0\u00a0\u00a0\u00a0\u00a0\u00a0 \u015bp. Anna c\u00f3rka<br>\u00a0 <strong>8.00 <\/strong>\u00a0\u00a0\u015bp. Krystyna PLEWA\u00a0 &#8211; od m\u0119\u017ca Romana i syna Jerzego<br><strong>11.00<\/strong> \u00a0\u00a0\u00a0w intencji naszej wsp\u00f3lnoty parafialnej<\/p>\n","protected":false},"excerpt":{"rendered":"<p>poniedzia\u0142ek \u2013 30 wrze\u015bnia 202418.00\u00a0 ks. Stanis\u0142aw: \u015bp. Tadeusz KO\u0141AT18.00\u00a0\u00a0 \u015bp. J\u00f3zef GROMADA \u00a055 rocz. \u015bm. wtorek \u2013 1 pa\u017adziernika 202418.00\u00a0\u00a0\u00a0\u00a0 ks. Stanis\u0142aw: \u015bp. J\u00f3zef ZAGATA18.00\u00a0\u00a0 \u00a0\u015bp. Franciszek i Agnieszka SZUMAL \u015broda \u2013 2&#46;&#46;&#46;<\/p>\n<div class='heateorSssClear'><\/div><div  class='heateor_sss_sharing_container heateor_sss_horizontal_sharing' data-heateor-sss-href='http:\/\/parafiaostrowsko.info\/wordpress\/index.php\/2024\/09\/29\/intencje-mszalne-30-09-06-10-2024\/'><div class='heateor_sss_sharing_title' style=\"font-weight:bold\" >Udost\u0119pnij<\/div><div class=\"heateor_sss_sharing_ul\"><a class=\"heateor_sss_facebook\" href=\"https:\/\/www.facebook.com\/sharer\/sharer.php?u=http%3A%2F%2Fparafiaostrowsko.info%2Fwordpress%2Findex.php%2F2024%2F09%2F29%2Fintencje-mszalne-30-09-06-10-2024%2F\" title=\"Facebook\" rel=\"nofollow noopener\" target=\"_blank\" style=\"font-size:32px!important;box-shadow:none;display:inline-block;vertical-align:middle\"><span class=\"heateor_sss_svg\" style=\"background-color:#3c589a;width:35px;height:35px;border-radius:999px;display:inline-block;opacity:1;float:left;font-size:32px;box-shadow:none;display:inline-block;font-size:16px;padding:0 4px;vertical-align:middle;background-repeat:repeat;overflow:hidden;padding:0;cursor:pointer;box-sizing:content-box\"><svg style=\"display:block;border-radius:999px;\" focusable=\"false\" aria-hidden=\"true\" xmlns=\"http:\/\/www.w3.org\/2000\/svg\" width=\"100%\" height=\"100%\" viewBox=\"-5 -5 42 42\"><path d=\"M17.78 27.5V17.008h3.522l.527-4.09h-4.05v-2.61c0-1.182.33-1.99 2.023-1.99h2.166V4.66c-.375-.05-1.66-.16-3.155-.16-3.123 0-5.26 1.905-5.26 5.405v3.016h-3.53v4.09h3.53V27.5h4.223z\" fill=\"#fff\"><\/path><\/svg><\/span><\/a><a style=\"padding:7.35px 0 !important\" class=\"heateor_sss_facebook_share\"><div class=\"fb-share-button\" data-href=\"http:\/\/parafiaostrowsko.info\/wordpress\/index.php\/2024\/09\/29\/intencje-mszalne-30-09-06-10-2024\/\" data-layout=\"button\"><\/div><\/a><\/div><div class=\"heateorSssClear\"><\/div><\/div><div class='heateorSssClear'><\/div>","protected":false},"author":1,"featured_media":7557,"comment_status":"open","ping_status":"open","sticky":false,"template":"","format":"standard","meta":[],"categories":[17],"tags":[],"_links":{"self":[{"href":"http:\/\/parafiaostrowsko.info\/wordpress\/index.php\/wp-json\/wp\/v2\/posts\/8413"}],"collection":[{"href":"http:\/\/parafiaostrowsko.info\/wordpress\/index.php\/wp-json\/wp\/v2\/posts"}],"about":[{"href":"http:\/\/parafiaostrowsko.info\/wordpress\/index.php\/wp-json\/wp\/v2\/types\/post"}],"author":[{"embeddable":true,"href":"http:\/\/parafiaostrowsko.info\/wordpress\/index.php\/wp-json\/wp\/v2\/users\/1"}],"replies":[{"embeddable":true,"href":"http:\/\/parafiaostrowsko.info\/wordpress\/index.php\/wp-json\/wp\/v2\/comments?post=8413"}],"version-history":[{"count":1,"href":"http:\/\/parafiaostrowsko.info\/wordpress\/index.php\/wp-json\/wp\/v2\/posts\/8413\/revisions"}],"predecessor-version":[{"id":8414,"href":"http:\/\/parafiaostrowsko.info\/wordpress\/index.php\/wp-json\/wp\/v2\/posts\/8413\/revisions\/8414"}],"wp:featuredmedia":[{"embeddable":true,"href":"http:\/\/parafiaostrowsko.info\/wordpress\/index.php\/wp-json\/wp\/v2\/media\/7557"}],"wp:attachment":[{"href":"http:\/\/parafiaostrowsko.info\/wordpress\/index.php\/wp-json\/wp\/v2\/media?parent=8413"}],"wp:term":[{"taxonomy":"category","embeddable":true,"href":"http:\/\/parafiaostrowsko.info\/wordpress\/index.php\/wp-json\/wp\/v2\/categories?post=8413"},{"taxonomy":"post_tag","embeddable":true,"href":"http:\/\/parafiaostrowsko.info\/wordpress\/index.php\/wp-json\/wp\/v2\/tags?post=8413"}],"curies":[{"name":"wp","href":"https:\/\/api.w.org\/{rel}","templated":true}]}}