{"id":8690,"date":"2025-04-21T07:27:35","date_gmt":"2025-04-21T05:27:35","guid":{"rendered":"http:\/\/parafiaostrowsko.info\/wordpress\/?p=8690"},"modified":"2025-04-21T07:27:36","modified_gmt":"2025-04-21T05:27:36","slug":"intencje-mszalne-22-04-27-04-2025","status":"publish","type":"post","link":"http:\/\/parafiaostrowsko.info\/wordpress\/index.php\/2025\/04\/21\/intencje-mszalne-22-04-27-04-2025\/","title":{"rendered":"Intencje mszalne 22.04.27.04.2025"},"content":{"rendered":"\n<p><strong>wtorek \u2013 \u00a022 kwietnia \u00a02025<\/strong><br>7.00\u00a0\u00a0\u00a0 ks. Stanis\u0142aw: \u015bp. Wincenty LUBERDA, \u015bp. Bronis\u0142awa \u017cona,<br>\u00a0\u00a0\u00a0\u00a0\u00a0\u00a0\u00a0\u00a0\u00a0\u00a0\u00a0\u00a0\u00a0\u00a0\u00a0\u00a0\u00a0\u00a0\u00a0\u00a0\u00a0\u00a0\u00a0\u00a0\u00a0\u00a0\u00a0\u00a0\u00a0\u00a0 \u015bp. Bronis\u0142aw i Stanis\u0142aw synowie \u015bp. Genowefa \u017cona<br>7.00\u00a0\u00a0\u00a0 \u015bp. Anna Ha\u0142at zd. Kamo\u0144 \u00a0\u00a0\u015bp. Aniela Kamo\u0144<br>\u00a0\u00a0\u00a0\u00a0\u00a0\u00a0\u00a0\u00a0\u00a0\u00a0\u00a0 \u015bp. Bronis\u0142awa J\u00f3zef Wr\u00f3bel 10 rocz. \u015bm.<br>\u00a0\u00a0\u00a0\u00a0\u00a0\u00a0\u00a0\u00a0\u00a0\u00a0\u00a0\u00a0\u00a0\u00a0\u00a0\u00a0\u00a0\u00a0\u00a0\u00a0\u00a0\u00a0\u00a0\u00a0\u00a0\u00a0\u00a0\u00a0\u00a0\u00a0\u00a0\u00a0\u00a0\u00a0\u00a0\u00a0\u00a0\u00a0\u00a0\u00a0\u00a0\u00a0\u00a0\u00a0\u00a0\u00a0\u00a0\u00a0\u00a0\u00a0\u00a0\u00a0\u00a0\u00a0\u00a0\u00a0\u00a0\u00a0\u00a0\u00a0\u00a0\u00a0\u00a0\u00a0\u00a0\u00a0\u00a0\u00a0\u00a0\u00a0 \u2013 od Marii i Zdzis\u0142awa z Bielska Bia\u0142ej<br><br><strong>\u015broda \u2013 23 kwietnia \u00a02025 \u00a0<\/strong><br>18.00\u00a0\u00a0\u00a0 ks. Stanis\u0142aw: z pro\u015bb\u0105 o opiek\u0119 Matki Bo\u017cej Nieustaj\u0105cej Pomocy<br>\u00a0\u00a0 \u00a0\u00a0\u00a0\u00a0\u00a0\u00a0\u00a0\u00a0\u00a0\u00a0\u00a0\u00a0\u00a0\u00a0\u00a0\u00a0\u00a0\u00a0\u00a0\u00a0\u00a0\u00a0\u00a0\u00a0\u00a0\u00a0\u00a0\u00a0\u00a0\u00a0\u00a0\u00a0\u00a0\u00a0\u00a0\u00a0\u00a0\u00a0\u00a0\u00a0o \u015bwiat\u0142o Ducha \u015awi\u0119tego dla Oliwii podczas egzaminu<br>\u00a0\u00a0\u00a0\u00a0\u00a0\u00a0\u00a0\u00a0\u00a0\u00a0\u00a0\u00a0\u00a0\u00a0\u00a0\u00a0\u00a0\u00a0\u00a0\u00a0\u00a0\u00a0\u00a0\u00a0\u00a0 \u00a0\u00a0\u00a0\u00a0\u00a0\u00a0\u00a0\u00a0\u00a0\u00a0\u00a0\u00a0\u00a0\u00a0\u00a0\u00a0\u00a0dojrza\u0142o\u015bci \u2013 prosz\u0105 rodzice<br>18.00\u00a0 \u00a0\u015bp. W\u0142adys\u0142aw KOZIE\u0141 33 rocz. \u015bm.\u00a0\u00a0 \u015bp. Maria \u017cona\u00a0\u00a0<br>\u00a0\u00a0\u00a0\u00a0\u00a0\u00a0\u00a0\u00a0\u00a0\u00a0\u00a0\u00a0\u00a0 \u015bp. Stanis\u0142aw OLEKSY<\/p>\n\n\n\n<p>c<strong>zwartek \u2013 \u00a024 kwietnia 2025 \u00a0<\/strong><br>7.00\u00a0\u00a0\u00a0 ks. Stanis\u0142aw: \u015bp. Wojciech GROMADA<br>7.00\u00a0\u00a0 \u00a0\u015bp. Leon \u017bEGLE\u0143 14 rocz. \u015bm. \u2013 od \u017cony z dzie\u0107mi<\/p>\n\n\n\n<p><strong>pi\u0105tek \u2013 \u00a025 kwietnia 2025<\/strong><br>18.00\u00a0 ks. Stanis\u0142aw: \u015bp. Maria KULAK \u00a0\u00a0\u00a0\u00a0\u015bp. Franciszek m\u0105\u017c,<br>\u00a0\u00a0\u00a0\u00a0\u00a0\u00a0\u00a0\u00a0\u00a0\u00a0\u00a0\u00a0\u00a0\u00a0\u00a0\u00a0\u00a0\u00a0\u00a0\u00a0\u00a0\u00a0\u00a0\u00a0\u00a0\u00a0\u00a0\u00a0\u00a0\u00a0\u00a0\u00a0\u00a0\u00a0\u00a0\u00a0\u00a0\u00a0 \u015bp. Eugeniusz syn<br>18.00\u00a0 \u015bp. Wiktoria PRZYBOCKA\u00a0 rocz. \u015bm.\u00a0\u00a0 \u015bp. Antoni m\u0105\u017c<\/p>\n\n\n\n<p><strong>sobota \u2013 \u00a026 kwietnia 2025<\/strong><br>18.00\u00a0 \u00a0\u00a0ks. Stanis\u0142aw: \u00a0\u00a0z pro\u015bb\u0105 o zdrowie i B\u0142ogos\u0142awie\u0144stwo Bo\u017ce<br>\u00a0\u00a0\u00a0\u00a0\u00a0\u00a0\u00a0\u00a0\u00a0\u00a0\u00a0\u00a0\u00a0\u00a0\u00a0\u00a0\u00a0\u00a0\u00a0\u00a0\u00a0\u00a0\u00a0\u00a0\u00a0\u00a0\u00a0\u00a0\u00a0\u00a0\u00a0\u00a0\u00a0\u00a0\u00a0\u00a0\u00a0\u00a0\u00a0\u00a0\u00a0\u00a0\u00a0 dla Adama i Barbary Fijas<br>18.00\u00a0\u00a0\u00a0 \u015bp. Barbara i Andrzej \u017bEGLE\u0143<br>\u00a0\u00a0\u00a0\u00a0\u00a0\u00a0\u00a0\u00a0\u00a0\u00a0\u00a0\u00a0\u00a0\u00a0 \u015bp. Anna i Tadeusz \u017bEGLE\u0143 oraz ich rodzice<\/p>\n\n\n\n<p class=\"has-text-align-center\"><strong>NIEDZIELA MI\u0141OSIERDZIA\u00a0 &#8211; \u00a027 kwietnia 2025 \u00a0\u00a0<\/strong><\/p>\n\n\n\n<p><strong>\u00a08.00 \u00a0\u00a0<\/strong>\u00a0ks. Stanis\u0142aw: \u015bp. Jakub LUDZIA, \u015bp. Maria \u017cona 35 rocz. \u015bm.<br><strong>\u00a08.00<\/strong> \u00a0\u00a0\u015bp. Andrzej TRUTY<br><strong>11.00<\/strong> \u00a0\u00a0\u00a0w intencji naszej wsp\u00f3lnoty parafialnej<br><br><\/p>\n","protected":false},"excerpt":{"rendered":"<p>wtorek \u2013 \u00a022 kwietnia \u00a020257.00\u00a0\u00a0\u00a0 ks. Stanis\u0142aw: \u015bp. Wincenty LUBERDA, \u015bp. Bronis\u0142awa \u017cona,\u00a0\u00a0\u00a0\u00a0\u00a0\u00a0\u00a0\u00a0\u00a0\u00a0\u00a0\u00a0\u00a0\u00a0\u00a0\u00a0\u00a0\u00a0\u00a0\u00a0\u00a0\u00a0\u00a0\u00a0\u00a0\u00a0\u00a0\u00a0\u00a0\u00a0 \u015bp. Bronis\u0142aw i Stanis\u0142aw synowie \u015bp. Genowefa \u017cona7.00\u00a0\u00a0\u00a0 \u015bp. Anna Ha\u0142at zd. Kamo\u0144 \u00a0\u00a0\u015bp. Aniela Kamo\u0144\u00a0\u00a0\u00a0\u00a0\u00a0\u00a0\u00a0\u00a0\u00a0\u00a0\u00a0 \u015bp. Bronis\u0142awa J\u00f3zef Wr\u00f3bel 10&#46;&#46;&#46;<\/p>\n<div class='heateorSssClear'><\/div><div  class='heateor_sss_sharing_container heateor_sss_horizontal_sharing' data-heateor-sss-href='http:\/\/parafiaostrowsko.info\/wordpress\/index.php\/2025\/04\/21\/intencje-mszalne-22-04-27-04-2025\/'><div class='heateor_sss_sharing_title' style=\"font-weight:bold\" >Udost\u0119pnij<\/div><div class=\"heateor_sss_sharing_ul\"><a class=\"heateor_sss_facebook\" href=\"https:\/\/www.facebook.com\/sharer\/sharer.php?u=http%3A%2F%2Fparafiaostrowsko.info%2Fwordpress%2Findex.php%2F2025%2F04%2F21%2Fintencje-mszalne-22-04-27-04-2025%2F\" title=\"Facebook\" rel=\"nofollow noopener\" target=\"_blank\" style=\"font-size:32px!important;box-shadow:none;display:inline-block;vertical-align:middle\"><span class=\"heateor_sss_svg\" style=\"background-color:#3c589a;width:35px;height:35px;border-radius:999px;display:inline-block;opacity:1;float:left;font-size:32px;box-shadow:none;display:inline-block;font-size:16px;padding:0 4px;vertical-align:middle;background-repeat:repeat;overflow:hidden;padding:0;cursor:pointer;box-sizing:content-box\"><svg style=\"display:block;border-radius:999px;\" focusable=\"false\" aria-hidden=\"true\" xmlns=\"http:\/\/www.w3.org\/2000\/svg\" width=\"100%\" height=\"100%\" viewBox=\"-5 -5 42 42\"><path d=\"M17.78 27.5V17.008h3.522l.527-4.09h-4.05v-2.61c0-1.182.33-1.99 2.023-1.99h2.166V4.66c-.375-.05-1.66-.16-3.155-.16-3.123 0-5.26 1.905-5.26 5.405v3.016h-3.53v4.09h3.53V27.5h4.223z\" fill=\"#fff\"><\/path><\/svg><\/span><\/a><a style=\"padding:7.35px 0 !important\" class=\"heateor_sss_facebook_share\"><div class=\"fb-share-button\" data-href=\"http:\/\/parafiaostrowsko.info\/wordpress\/index.php\/2025\/04\/21\/intencje-mszalne-22-04-27-04-2025\/\" data-layout=\"button\"><\/div><\/a><\/div><div class=\"heateorSssClear\"><\/div><\/div><div class='heateorSssClear'><\/div>","protected":false},"author":1,"featured_media":7557,"comment_status":"open","ping_status":"open","sticky":false,"template":"","format":"standard","meta":[],"categories":[17],"tags":[],"_links":{"self":[{"href":"http:\/\/parafiaostrowsko.info\/wordpress\/index.php\/wp-json\/wp\/v2\/posts\/8690"}],"collection":[{"href":"http:\/\/parafiaostrowsko.info\/wordpress\/index.php\/wp-json\/wp\/v2\/posts"}],"about":[{"href":"http:\/\/parafiaostrowsko.info\/wordpress\/index.php\/wp-json\/wp\/v2\/types\/post"}],"author":[{"embeddable":true,"href":"http:\/\/parafiaostrowsko.info\/wordpress\/index.php\/wp-json\/wp\/v2\/users\/1"}],"replies":[{"embeddable":true,"href":"http:\/\/parafiaostrowsko.info\/wordpress\/index.php\/wp-json\/wp\/v2\/comments?post=8690"}],"version-history":[{"count":1,"href":"http:\/\/parafiaostrowsko.info\/wordpress\/index.php\/wp-json\/wp\/v2\/posts\/8690\/revisions"}],"predecessor-version":[{"id":8691,"href":"http:\/\/parafiaostrowsko.info\/wordpress\/index.php\/wp-json\/wp\/v2\/posts\/8690\/revisions\/8691"}],"wp:featuredmedia":[{"embeddable":true,"href":"http:\/\/parafiaostrowsko.info\/wordpress\/index.php\/wp-json\/wp\/v2\/media\/7557"}],"wp:attachment":[{"href":"http:\/\/parafiaostrowsko.info\/wordpress\/index.php\/wp-json\/wp\/v2\/media?parent=8690"}],"wp:term":[{"taxonomy":"category","embeddable":true,"href":"http:\/\/parafiaostrowsko.info\/wordpress\/index.php\/wp-json\/wp\/v2\/categories?post=8690"},{"taxonomy":"post_tag","embeddable":true,"href":"http:\/\/parafiaostrowsko.info\/wordpress\/index.php\/wp-json\/wp\/v2\/tags?post=8690"}],"curies":[{"name":"wp","href":"https:\/\/api.w.org\/{rel}","templated":true}]}}