{"id":8694,"date":"2025-04-27T14:43:09","date_gmt":"2025-04-27T12:43:09","guid":{"rendered":"http:\/\/parafiaostrowsko.info\/wordpress\/?p=8694"},"modified":"2025-04-27T14:43:54","modified_gmt":"2025-04-27T12:43:54","slug":"intencje-mszalne-28-04-04-05-2025","status":"publish","type":"post","link":"http:\/\/parafiaostrowsko.info\/wordpress\/index.php\/2025\/04\/27\/intencje-mszalne-28-04-04-05-2025\/","title":{"rendered":"Intencje mszalne 28.04.-04.05.2025"},"content":{"rendered":"\n<p><strong>poniedzia\u0142ek \u2013 28 kwietnia &nbsp;2025 &nbsp;<\/strong><br>18.00&nbsp;&nbsp;&nbsp; ks. Stanis\u0142aw: z podzi\u0119kowaniem Panu Bogu i Matce Bo\u017cej<br>&nbsp;&nbsp;&nbsp;&nbsp;&nbsp;&nbsp;&nbsp;&nbsp;&nbsp;&nbsp;&nbsp;&nbsp;&nbsp;&nbsp;&nbsp;&nbsp;&nbsp;&nbsp;&nbsp;&nbsp;&nbsp;&nbsp;&nbsp;&nbsp;&nbsp;&nbsp;&nbsp;&nbsp;&nbsp;&nbsp;&nbsp;&nbsp;&nbsp;&nbsp;&nbsp;&nbsp;&nbsp;&nbsp;&nbsp;&nbsp;&nbsp;&nbsp; za otrzymane \u0142aski z pro\u015bb\u0105 o zdrowie i dalsz\u0105 opiek\u0119<br>&nbsp;&nbsp;&nbsp;&nbsp;&nbsp;&nbsp;&nbsp;&nbsp;&nbsp;&nbsp;&nbsp;&nbsp;&nbsp;&nbsp;&nbsp;&nbsp;&nbsp;&nbsp;&nbsp;&nbsp;&nbsp;&nbsp;&nbsp; &nbsp;&nbsp;&nbsp;&nbsp;&nbsp;&nbsp;&nbsp;&nbsp;&nbsp;&nbsp;&nbsp;&nbsp;&nbsp;&nbsp;&nbsp;&nbsp;&nbsp;&nbsp;dla Marianny z okazji 70 rocz. urodzin<br>18.00&nbsp; &nbsp;\u015bp. Leon LUBERDA \u2013 od c\u00f3rki Justyny<\/p>\n\n\n\n<p><strong>wtorek \u2013 &nbsp;29 kwietnia &nbsp;2025<\/strong><br>7.00&nbsp;&nbsp;&nbsp; ks. Stanis\u0142aw: \u015bp. Krystyna ZAGATA<br>7.00&nbsp;&nbsp;&nbsp; \u015bp. Micha\u0142 LUDZIA &nbsp;\u015bp. Maria \u017cona &nbsp;&nbsp;\u015bp. J\u00f3zef i Jan synowie<\/p>\n\n\n\n<p><strong>\u015broda \u2013 30 kwietnia &nbsp;2025 &nbsp;<\/strong><br>18.00&nbsp;&nbsp;&nbsp; ks. Stanis\u0142aw: z pro\u015bb\u0105 o zdrowie i B\u0142ogos\u0142awie\u0144stwo Bo\u017ce<br>&nbsp;&nbsp;&nbsp;&nbsp;&nbsp;&nbsp;&nbsp;&nbsp;&nbsp;&nbsp;&nbsp;&nbsp;&nbsp;&nbsp;&nbsp;&nbsp;&nbsp;&nbsp;&nbsp;&nbsp;&nbsp;&nbsp;&nbsp;&nbsp;&nbsp;&nbsp;&nbsp;&nbsp;&nbsp;&nbsp;&nbsp;&nbsp;&nbsp;&nbsp;&nbsp;&nbsp;&nbsp;&nbsp;&nbsp;&nbsp; oraz opiek\u0119 Matki Bo\u017cej Nieustaj\u0105cej Pomocy<br>&nbsp;&nbsp;&nbsp;&nbsp;&nbsp;&nbsp;&nbsp;&nbsp;&nbsp;&nbsp;&nbsp; &nbsp;&nbsp;&nbsp;&nbsp;&nbsp;&nbsp;&nbsp;&nbsp;&nbsp;&nbsp;&nbsp;&nbsp;&nbsp;&nbsp;&nbsp;&nbsp;&nbsp;&nbsp;&nbsp;&nbsp;dla Andrzeja i J\u00f3zefy z okazji 37 rocz. sakramentu ma\u0142\u017ce\u0144stwa<br>18.00&nbsp; &nbsp;Dzi\u0119kczynna z pro\u015bb\u0105 o B\u0142ogos\u0142awie\u0144stwo Bo\u017ce<br>&nbsp;&nbsp;&nbsp;&nbsp;&nbsp;&nbsp;&nbsp;&nbsp;&nbsp;&nbsp;&nbsp;&nbsp;&nbsp;&nbsp; dla Bogdana z okazji urodzin<\/p>\n\n\n\n<p><strong>czwartek \u2013 &nbsp;01 maja 2025 &nbsp;<\/strong><br>18.00 &nbsp;ks. Stanis\u0142aw: \u015bp. ks. J\u00f3zef LISTOPAD oraz jego rodzice i rodze\u0144stwo<br>18.00&nbsp;&nbsp; &nbsp;\u015bp. Michalina DUSZA<\/p>\n\n\n\n<p><strong>pi\u0105tek \u2013 &nbsp;2 maja 2025<\/strong><br>&nbsp;&nbsp;7.00&nbsp; &nbsp;ks. Stanis\u0142aw: \u015bp. Bronis\u0142awa LUBERDA &nbsp;&nbsp;49 rocz. \u015bm.<br>18.00&nbsp; \u015bp. Dariusz i Rafa\u0142 &nbsp;TRUTY<\/p>\n\n\n\n<p class=\"has-text-align-center\"><strong>sobota \u2013 &nbsp;3 maja 2025 &nbsp;&nbsp;&nbsp;&nbsp;Matki Bo\u017cej Kr\u00f3lowej Polski<\/strong><\/p>\n\n\n\n<p>\u00a0<strong>8.00<\/strong>\u00a0 \u00a0\u00a0ks. Stanis\u0142aw: \u00a0z podzi\u0119kowaniem Matce Bo\u017cej za otrzymane \u0142aski<br>\u00a0\u00a0\u00a0\u00a0\u00a0\u00a0\u00a0\u00a0\u00a0\u00a0\u00a0\u00a0\u00a0\u00a0\u00a0\u00a0\u00a0\u00a0\u00a0\u00a0\u00a0\u00a0\u00a0\u00a0\u00a0\u00a0\u00a0\u00a0\u00a0\u00a0\u00a0\u00a0\u00a0\u00a0\u00a0\u00a0\u00a0\u00a0\u00a0\u00a0 z pro\u015bb\u0105 o zdrowie i dalsz\u0105 opiek\u0119 dla Aleksandry<br>\u00a0<strong>8.00\u00a0<\/strong>\u00a0\u00a0\u00a0\u00a0 \u00a0\u00a0\u015bp. Stanis\u0142aw TYLECKI \u00a0\u00a0\u015bp. Piotr syn<br><strong>11.00<\/strong>\u00a0\u00a0 \u00a0\u00a0\u00a0Dzi\u0119kczynna z pro\u015bb\u0105 o potrzebne \u0142aski Bo\u017ce dla Agnieszki Chmielarczyk i ca\u0142ej jej rodziny oraz opiek\u0119 Maryji w dalszym \u017cyciu.<\/p>\n\n\n\n<p class=\"has-text-align-center\"><strong>NIEDZIELA &#8211; &nbsp;4 maja 2025 &nbsp;<\/strong>&nbsp;<\/p>\n\n\n\n<p>&nbsp;<strong>8.00 &nbsp;<\/strong>&nbsp;&nbsp;ks. Stanis\u0142aw: \u015bp. Stefania GRECZEK &nbsp;<br>&nbsp;&nbsp; &nbsp;&nbsp;&nbsp;&nbsp;&nbsp;&nbsp;&nbsp;&nbsp;&nbsp;&nbsp;&nbsp;&nbsp;&nbsp;&nbsp;&nbsp;&nbsp;&nbsp;&nbsp;&nbsp;&nbsp;&nbsp;&nbsp;&nbsp;&nbsp;&nbsp;&nbsp;&nbsp;&nbsp;&nbsp;&nbsp;&nbsp;&nbsp;&nbsp;&nbsp;&nbsp;&nbsp;\u015bp. Stanis\u0142aw m\u0105\u017c &nbsp;&nbsp;3 rocz. \u015bm.<br><strong>&nbsp;8.00<\/strong> &nbsp;&nbsp;w intencji naszej wsp\u00f3lnoty parafialnej<br><strong>11.00 &nbsp;&nbsp;<\/strong>&nbsp;w intencji Stra\u017cak\u00f3w naszej OSP w Ostrowsku o B\u0142ogos\u0142awie\u0144stwo<br>&nbsp;&nbsp;&nbsp;&nbsp;&nbsp;&nbsp;&nbsp;&nbsp;&nbsp;&nbsp;&nbsp;&nbsp;&nbsp;&nbsp; Bo\u017cej w rodzinie oraz o opiek\u0119 \u015bw. Floriana w czasie pe\u0142nienia s\u0142u\u017cby<br><br><\/p>\n","protected":false},"excerpt":{"rendered":"<p>poniedzia\u0142ek \u2013 28 kwietnia &nbsp;2025 &nbsp;18.00&nbsp;&nbsp;&nbsp; ks. Stanis\u0142aw: z podzi\u0119kowaniem Panu Bogu i Matce Bo\u017cej&nbsp;&nbsp;&nbsp;&nbsp;&nbsp;&nbsp;&nbsp;&nbsp;&nbsp;&nbsp;&nbsp;&nbsp;&nbsp;&nbsp;&nbsp;&nbsp;&nbsp;&nbsp;&nbsp;&nbsp;&nbsp;&nbsp;&nbsp;&nbsp;&nbsp;&nbsp;&nbsp;&nbsp;&nbsp;&nbsp;&nbsp;&nbsp;&nbsp;&nbsp;&nbsp;&nbsp;&nbsp;&nbsp;&nbsp;&nbsp;&nbsp;&nbsp; za otrzymane \u0142aski z pro\u015bb\u0105 o zdrowie i dalsz\u0105 opiek\u0119&nbsp;&nbsp;&nbsp;&nbsp;&nbsp;&nbsp;&nbsp;&nbsp;&nbsp;&nbsp;&nbsp;&nbsp;&nbsp;&nbsp;&nbsp;&nbsp;&nbsp;&nbsp;&nbsp;&nbsp;&nbsp;&nbsp;&nbsp; &nbsp;&nbsp;&nbsp;&nbsp;&nbsp;&nbsp;&nbsp;&nbsp;&nbsp;&nbsp;&nbsp;&nbsp;&nbsp;&nbsp;&nbsp;&nbsp;&nbsp;&nbsp;dla Marianny z okazji 70 rocz. urodzin18.00&nbsp; &nbsp;\u015bp. Leon&#46;&#46;&#46;<\/p>\n<div class='heateorSssClear'><\/div><div  class='heateor_sss_sharing_container heateor_sss_horizontal_sharing' data-heateor-sss-href='http:\/\/parafiaostrowsko.info\/wordpress\/index.php\/2025\/04\/27\/intencje-mszalne-28-04-04-05-2025\/'><div class='heateor_sss_sharing_title' style=\"font-weight:bold\" >Udost\u0119pnij<\/div><div class=\"heateor_sss_sharing_ul\"><a class=\"heateor_sss_facebook\" href=\"https:\/\/www.facebook.com\/sharer\/sharer.php?u=http%3A%2F%2Fparafiaostrowsko.info%2Fwordpress%2Findex.php%2F2025%2F04%2F27%2Fintencje-mszalne-28-04-04-05-2025%2F\" title=\"Facebook\" rel=\"nofollow noopener\" target=\"_blank\" style=\"font-size:32px!important;box-shadow:none;display:inline-block;vertical-align:middle\"><span class=\"heateor_sss_svg\" style=\"background-color:#3c589a;width:35px;height:35px;border-radius:999px;display:inline-block;opacity:1;float:left;font-size:32px;box-shadow:none;display:inline-block;font-size:16px;padding:0 4px;vertical-align:middle;background-repeat:repeat;overflow:hidden;padding:0;cursor:pointer;box-sizing:content-box\"><svg style=\"display:block;border-radius:999px;\" focusable=\"false\" aria-hidden=\"true\" xmlns=\"http:\/\/www.w3.org\/2000\/svg\" width=\"100%\" height=\"100%\" viewBox=\"-5 -5 42 42\"><path d=\"M17.78 27.5V17.008h3.522l.527-4.09h-4.05v-2.61c0-1.182.33-1.99 2.023-1.99h2.166V4.66c-.375-.05-1.66-.16-3.155-.16-3.123 0-5.26 1.905-5.26 5.405v3.016h-3.53v4.09h3.53V27.5h4.223z\" fill=\"#fff\"><\/path><\/svg><\/span><\/a><a style=\"padding:7.35px 0 !important\" class=\"heateor_sss_facebook_share\"><div class=\"fb-share-button\" data-href=\"http:\/\/parafiaostrowsko.info\/wordpress\/index.php\/2025\/04\/27\/intencje-mszalne-28-04-04-05-2025\/\" data-layout=\"button\"><\/div><\/a><\/div><div class=\"heateorSssClear\"><\/div><\/div><div class='heateorSssClear'><\/div>","protected":false},"author":1,"featured_media":7557,"comment_status":"open","ping_status":"open","sticky":false,"template":"","format":"standard","meta":[],"categories":[17],"tags":[],"_links":{"self":[{"href":"http:\/\/parafiaostrowsko.info\/wordpress\/index.php\/wp-json\/wp\/v2\/posts\/8694"}],"collection":[{"href":"http:\/\/parafiaostrowsko.info\/wordpress\/index.php\/wp-json\/wp\/v2\/posts"}],"about":[{"href":"http:\/\/parafiaostrowsko.info\/wordpress\/index.php\/wp-json\/wp\/v2\/types\/post"}],"author":[{"embeddable":true,"href":"http:\/\/parafiaostrowsko.info\/wordpress\/index.php\/wp-json\/wp\/v2\/users\/1"}],"replies":[{"embeddable":true,"href":"http:\/\/parafiaostrowsko.info\/wordpress\/index.php\/wp-json\/wp\/v2\/comments?post=8694"}],"version-history":[{"count":2,"href":"http:\/\/parafiaostrowsko.info\/wordpress\/index.php\/wp-json\/wp\/v2\/posts\/8694\/revisions"}],"predecessor-version":[{"id":8696,"href":"http:\/\/parafiaostrowsko.info\/wordpress\/index.php\/wp-json\/wp\/v2\/posts\/8694\/revisions\/8696"}],"wp:featuredmedia":[{"embeddable":true,"href":"http:\/\/parafiaostrowsko.info\/wordpress\/index.php\/wp-json\/wp\/v2\/media\/7557"}],"wp:attachment":[{"href":"http:\/\/parafiaostrowsko.info\/wordpress\/index.php\/wp-json\/wp\/v2\/media?parent=8694"}],"wp:term":[{"taxonomy":"category","embeddable":true,"href":"http:\/\/parafiaostrowsko.info\/wordpress\/index.php\/wp-json\/wp\/v2\/categories?post=8694"},{"taxonomy":"post_tag","embeddable":true,"href":"http:\/\/parafiaostrowsko.info\/wordpress\/index.php\/wp-json\/wp\/v2\/tags?post=8694"}],"curies":[{"name":"wp","href":"https:\/\/api.w.org\/{rel}","templated":true}]}}