{"id":8849,"date":"2025-08-31T19:47:14","date_gmt":"2025-08-31T17:47:14","guid":{"rendered":"http:\/\/parafiaostrowsko.info\/wordpress\/?p=8849"},"modified":"2026-03-24T17:53:59","modified_gmt":"2026-03-24T16:53:59","slug":"intencje-mszalne-01-09-07-09-2025","status":"publish","type":"post","link":"http:\/\/parafiaostrowsko.info\/wordpress\/index.php\/2025\/08\/31\/intencje-mszalne-01-09-07-09-2025\/","title":{"rendered":"Intencje mszalne 01.09.-07.09.2025"},"content":{"rendered":"\n<p><strong>poniedzia\u0142ek \u2013 1 wrze\u015bnia 2025<\/strong>&nbsp;<br>&nbsp; 8.00 &nbsp;&nbsp;&nbsp;&nbsp;&nbsp;&nbsp;&nbsp;&nbsp;Msza \u015bw. na rozpocz\u0119cie roku szkolnego<br>18.00&nbsp;&nbsp; \u015bp. Jan KOS 1 rocz. \u015bm. \u2013 od \u017cony Barbary z synem Damianem<br><\/p>\n\n\n\n<p><strong>wtorek \u2013 &nbsp;2 wrze\u015bnia 2025&nbsp;<\/strong><br>7.00&nbsp;&nbsp;&nbsp; \u015bp. Tadeusz MALASI\u0143SKI \u2013 od syna Piotra z rodzin\u0105<br><br><\/p>\n\n\n\n<p><strong>\u015broda \u2013 3 wrze\u015bnia 2025&nbsp;<\/strong><br>18.00&nbsp; &nbsp;Dzi\u0119kczynno \u2013 b\u0142agalna z pro\u015bb\u0105 o dalsz\u0105 opiek\u0119 Bo\u017c\u0105<br>&nbsp;&nbsp;&nbsp;&nbsp;&nbsp;&nbsp;&nbsp;&nbsp;&nbsp;&nbsp;&nbsp;&nbsp;&nbsp;&nbsp;&nbsp;&nbsp; dla Marzeny i Rafa\u0142a Kruczek w 25 rocz. ma\u0142\u017ce\u0144stwa<br><br><\/p>\n\n\n\n<p><strong>czwartek \u2013 &nbsp;4 wrze\u015bnia 2025<\/strong><br>7.00&nbsp; &nbsp;Dzi\u0119kczynna z pro\u015bb\u0105 o B\u0142ogos\u0142awie\u0144stwo Bo\u017ce i zdrowie dla wnuk\u00f3w:<br>&nbsp;&nbsp;&nbsp;&nbsp;&nbsp;&nbsp;&nbsp;&nbsp;&nbsp;&nbsp;&nbsp;&nbsp;&nbsp; Natalii, Tatiany i Adriana<br><br><\/p>\n\n\n\n<p><strong>pi\u0105tek \u2013 &nbsp;5 wrze\u015bnia 2025<\/strong><br>&nbsp; 7.00<br>18.00 &nbsp;&nbsp;&nbsp;&nbsp;&nbsp;\u015bp. Krzysztof GUCWA 5 rocz. \u015bm.<br><br><\/p>\n\n\n\n<p><strong>sobota \u2013 &nbsp;6 wrze\u015bnia 2025<\/strong><br>18.00 &nbsp;&nbsp;&nbsp;\u015bp. Anna i J\u00f3zef HUZIOR&nbsp;&nbsp; &nbsp;\u015bp. Kazimierz i Jan synowie<\/p>\n\n\n\n<p class=\"has-text-align-center\"><strong>NIEDZIELA &nbsp;&#8211; 7 wrze\u015bnia 2025<\/strong><\/p>\n\n\n\n<p><strong>8.00&nbsp;&nbsp;<\/strong> Dzi\u0119kczynna za zebrane plony z pro\u015bb\u0105 o Bo\u017c\u0105 opiek\u0119<br>&nbsp;&nbsp;&nbsp;&nbsp;&nbsp;&nbsp;&nbsp;&nbsp;&nbsp;&nbsp;&nbsp;&nbsp; dla naszej wsp\u00f3lnoty parafialnej &nbsp;&#8211; od mieszka\u0144c\u00f3w, kt\u00f3rzy przygotowali<br>&nbsp;&nbsp;&nbsp;&nbsp;&nbsp;&nbsp;&nbsp;&nbsp;&nbsp;&nbsp;&nbsp;&nbsp;&nbsp;&nbsp; tegoroczne \u015bwi\u0119to dzi\u0119kczynienia<br><strong>11.00 <\/strong>&nbsp;&nbsp;&nbsp;Dzi\u0119kczynna z pro\u015bb\u0105 o B\u0142ogos\u0142awie\u0144stwo Bo\u017ce i zdrowie<br>&nbsp;&nbsp;&nbsp;&nbsp;&nbsp;&nbsp;&nbsp;&nbsp;&nbsp;&nbsp;&nbsp;&nbsp;&nbsp; dla Wioletty i Piotra i ca\u0142ej rodziny w 23 rocz. ma\u0142\u017ce\u0144stwa<\/p>\n","protected":false},"excerpt":{"rendered":"<p>poniedzia\u0142ek \u2013 1 wrze\u015bnia 2025&nbsp;&nbsp; 8.00 &nbsp;&nbsp;&nbsp;&nbsp;&nbsp;&nbsp;&nbsp;&nbsp;Msza \u015bw. na rozpocz\u0119cie roku szkolnego18.00&nbsp;&nbsp; \u015bp. Jan KOS 1 rocz. \u015bm. \u2013 od \u017cony Barbary z synem Damianem wtorek \u2013 &nbsp;2 wrze\u015bnia 2025&nbsp;7.00&nbsp;&nbsp;&nbsp; \u015bp. Tadeusz MALASI\u0143SKI \u2013&#46;&#46;&#46;<\/p>\n<div class='heateorSssClear'><\/div><div  class='heateor_sss_sharing_container heateor_sss_horizontal_sharing' data-heateor-sss-href='http:\/\/parafiaostrowsko.info\/wordpress\/index.php\/2025\/08\/31\/intencje-mszalne-01-09-07-09-2025\/'><div class='heateor_sss_sharing_title' style=\"font-weight:bold\" >Udost\u0119pnij<\/div><div class=\"heateor_sss_sharing_ul\"><a class=\"heateor_sss_facebook\" href=\"https:\/\/www.facebook.com\/sharer\/sharer.php?u=http%3A%2F%2Fparafiaostrowsko.info%2Fwordpress%2Findex.php%2F2025%2F08%2F31%2Fintencje-mszalne-01-09-07-09-2025%2F\" title=\"Facebook\" rel=\"nofollow noopener\" target=\"_blank\" style=\"font-size:32px!important;box-shadow:none;display:inline-block;vertical-align:middle\"><span class=\"heateor_sss_svg\" style=\"background-color:#3c589a;width:35px;height:35px;border-radius:999px;display:inline-block;opacity:1;float:left;font-size:32px;box-shadow:none;display:inline-block;font-size:16px;padding:0 4px;vertical-align:middle;background-repeat:repeat;overflow:hidden;padding:0;cursor:pointer;box-sizing:content-box\"><svg style=\"display:block;border-radius:999px;\" focusable=\"false\" aria-hidden=\"true\" xmlns=\"http:\/\/www.w3.org\/2000\/svg\" width=\"100%\" height=\"100%\" viewBox=\"-5 -5 42 42\"><path d=\"M17.78 27.5V17.008h3.522l.527-4.09h-4.05v-2.61c0-1.182.33-1.99 2.023-1.99h2.166V4.66c-.375-.05-1.66-.16-3.155-.16-3.123 0-5.26 1.905-5.26 5.405v3.016h-3.53v4.09h3.53V27.5h4.223z\" fill=\"#fff\"><\/path><\/svg><\/span><\/a><a style=\"padding:7.35px 0 !important\" class=\"heateor_sss_facebook_share\"><div class=\"fb-share-button\" data-href=\"http:\/\/parafiaostrowsko.info\/wordpress\/index.php\/2025\/08\/31\/intencje-mszalne-01-09-07-09-2025\/\" data-layout=\"button\"><\/div><\/a><\/div><div class=\"heateorSssClear\"><\/div><\/div><div class='heateorSssClear'><\/div>","protected":false},"author":1,"featured_media":7557,"comment_status":"closed","ping_status":"closed","sticky":false,"template":"","format":"standard","meta":[],"categories":[17],"tags":[],"_links":{"self":[{"href":"http:\/\/parafiaostrowsko.info\/wordpress\/index.php\/wp-json\/wp\/v2\/posts\/8849"}],"collection":[{"href":"http:\/\/parafiaostrowsko.info\/wordpress\/index.php\/wp-json\/wp\/v2\/posts"}],"about":[{"href":"http:\/\/parafiaostrowsko.info\/wordpress\/index.php\/wp-json\/wp\/v2\/types\/post"}],"author":[{"embeddable":true,"href":"http:\/\/parafiaostrowsko.info\/wordpress\/index.php\/wp-json\/wp\/v2\/users\/1"}],"replies":[{"embeddable":true,"href":"http:\/\/parafiaostrowsko.info\/wordpress\/index.php\/wp-json\/wp\/v2\/comments?post=8849"}],"version-history":[{"count":2,"href":"http:\/\/parafiaostrowsko.info\/wordpress\/index.php\/wp-json\/wp\/v2\/posts\/8849\/revisions"}],"predecessor-version":[{"id":9846,"href":"http:\/\/parafiaostrowsko.info\/wordpress\/index.php\/wp-json\/wp\/v2\/posts\/8849\/revisions\/9846"}],"wp:featuredmedia":[{"embeddable":true,"href":"http:\/\/parafiaostrowsko.info\/wordpress\/index.php\/wp-json\/wp\/v2\/media\/7557"}],"wp:attachment":[{"href":"http:\/\/parafiaostrowsko.info\/wordpress\/index.php\/wp-json\/wp\/v2\/media?parent=8849"}],"wp:term":[{"taxonomy":"category","embeddable":true,"href":"http:\/\/parafiaostrowsko.info\/wordpress\/index.php\/wp-json\/wp\/v2\/categories?post=8849"},{"taxonomy":"post_tag","embeddable":true,"href":"http:\/\/parafiaostrowsko.info\/wordpress\/index.php\/wp-json\/wp\/v2\/tags?post=8849"}],"curies":[{"name":"wp","href":"https:\/\/api.w.org\/{rel}","templated":true}]}}