{"id":8851,"date":"2025-08-31T19:48:45","date_gmt":"2025-08-31T17:48:45","guid":{"rendered":"http:\/\/parafiaostrowsko.info\/wordpress\/?p=8851"},"modified":"2026-03-24T17:53:44","modified_gmt":"2026-03-24T16:53:44","slug":"ogloszenia-duszpasterskie-31-08-2025","status":"publish","type":"post","link":"http:\/\/parafiaostrowsko.info\/wordpress\/index.php\/2025\/08\/31\/ogloszenia-duszpasterskie-31-08-2025\/","title":{"rendered":"Og\u0142oszenia duszpasterskie 31.08.2025"},"content":{"rendered":"\n<p class=\"has-text-align-center\"><strong>22 Niedziela zwyk\u0142a \u2013 31 sierpnia 2025 roku<\/strong><\/p>\n\n\n\n<p>1. <strong>Dzisiaj Suma o godzinie 10.00.<\/strong> Msz\u0105 \u015bw. rozpoczniemy obchody ods\u0142oni\u0119cia pomnika prof. Stefana Banacha. Potem uroczysto\u015bci przenios\u0105 si\u0119 pod Dom Kultury na skwer im. prof. Stefana Banacha. Zapraszamy w imieniu Stowarzyszenia \u201eOstrowsko \u2013 Dziedzictwo i Przysz\u0142o\u015b\u0107\u201d na te pi\u0119kne i zarazem podnios\u0142e wydarzenia.<\/p>\n\n\n\n<p>2. Za tydzie\u0144 <strong>Niedziela do\u017cynkowa<\/strong> \u2013 czyli podzi\u0119kowania Bogu za plony ziemi. Msza \u015bw. z po\u015bwi\u0119ceniem wie\u0144ca do\u017cynkowego b\u0119dzie o godzinie 8.00. Do\u017cynki Podhala\u0144skie w Lud\u017amierzu o godzinie 11.00.<\/p>\n\n\n\n<p>3. <strong>W poniedzia\u0142ek<\/strong> <strong>o godzinie 8.00<\/strong> Msza \u015bw. na rozpocz\u0119cie nowego roku szkolnego. Zapraszamy wszystkich uczni\u00f3w, rodzic\u00f3w i nauczycieli. <strong>Za tydzie\u0144 w niedziel\u0119 na Sumie po\u015bwi\u0119cenie tornistr\u00f3w i przybor\u00f3w szkolnych. Zapraszamy dzieci, kt\u00f3re zaczynaj\u0105 nauk\u0119 w szkole.<\/strong><\/p>\n\n\n\n<p>4. <strong>W poniedzia\u0142ek<\/strong> nabo\u017ce\u0144stwo o uzdrowienie i uwolnienie do \u015bw. Micha\u0142a Archanio\u0142a o godzinie 17.30.<\/p>\n\n\n\n<p>5. <strong>W \u015brod\u0119<\/strong> Nowenna do Matki Bo\u017cej Nieustaj\u0105cej Pomocy o godzinie <strong>17.30.<\/strong><\/p>\n\n\n\n<p>6. <strong>Nabo\u017ce\u0144stwo pierwszo czwartkowe po porannej Mszy \u015bw.<\/strong><\/p>\n\n\n\n<p>7. <strong>Pierwszy pi\u0105tek.<\/strong> Mo\u017cliwo\u015b\u0107 spowiedzi rano przed Msz\u0105 \u015bw. oraz <strong>popo\u0142udniu od godziny 16.30.<\/strong> Msza \u015bw. rano o 7.00 i nabo\u017ce\u0144stwo wynagradzaj\u0105ce Naj\u015bwi\u0119tszemu Sercu Pana Jezusa. Odwiedziny chorych od godziny 8.30. Prosz\u0119 chorych zg\u0142asza\u0107 w zakrystii do czwartku.<\/p>\n\n\n\n<p>8. <strong>W sobot\u0119 nabo\u017ce\u0144stwo maryjne o godzinie 17.30. A p<\/strong><strong>o Mszy \u015bw. spotkanie dla Lektor\u00f3w i Ministrant\u00f3w. Obecno\u015b\u0107 obowi\u0105zkowa.<\/strong><\/p>\n\n\n\n<p>9. Od 1 wrze\u015bnia <strong>Msza \u015bw. poranna<\/strong> b\u0119dzie o godzinie <strong>7.00.<\/strong><\/p>\n\n\n\n<p>10. Dzi\u0119kuj\u0119 za sprz\u0105tanie naszej \u015bwi\u0105tyni na niedziel\u0119 oraz za ofiary na Fundusz Kwiatowy i Fundusz Czysto\u015bci. W tym tygodniu prosimy o to rodziny z <strong>ul. Gorcza\u0144skiej: Pa\u0144stwo <\/strong><strong>Anna Pere\u0142ka, Anna Mi\u015bkiewicz, Monika Mi\u015bkiewicz, Stanis\u0142awa Truty, Ma\u0142gorzata Fatla, ul. Nadwodnia: Marzena Ambro\u017c.<\/strong><\/p>\n\n\n\n<p>11. Jest nowy numer \u201eNiedzieli\u201d oraz dla dzieci \u201eSta\u015b\u201d na wrzesie\u0144.<\/p>\n","protected":false},"excerpt":{"rendered":"<p>22 Niedziela zwyk\u0142a \u2013 31 sierpnia 2025 roku 1. Dzisiaj Suma o godzinie 10.00. Msz\u0105 \u015bw. rozpoczniemy obchody ods\u0142oni\u0119cia pomnika prof. Stefana Banacha. Potem uroczysto\u015bci przenios\u0105 si\u0119 pod Dom Kultury na skwer im. prof.&#46;&#46;&#46;<\/p>\n<div class='heateorSssClear'><\/div><div  class='heateor_sss_sharing_container heateor_sss_horizontal_sharing' data-heateor-sss-href='http:\/\/parafiaostrowsko.info\/wordpress\/index.php\/2025\/08\/31\/ogloszenia-duszpasterskie-31-08-2025\/'><div class='heateor_sss_sharing_title' style=\"font-weight:bold\" >Udost\u0119pnij<\/div><div class=\"heateor_sss_sharing_ul\"><a class=\"heateor_sss_facebook\" href=\"https:\/\/www.facebook.com\/sharer\/sharer.php?u=http%3A%2F%2Fparafiaostrowsko.info%2Fwordpress%2Findex.php%2F2025%2F08%2F31%2Fogloszenia-duszpasterskie-31-08-2025%2F\" title=\"Facebook\" rel=\"nofollow noopener\" target=\"_blank\" style=\"font-size:32px!important;box-shadow:none;display:inline-block;vertical-align:middle\"><span class=\"heateor_sss_svg\" style=\"background-color:#3c589a;width:35px;height:35px;border-radius:999px;display:inline-block;opacity:1;float:left;font-size:32px;box-shadow:none;display:inline-block;font-size:16px;padding:0 4px;vertical-align:middle;background-repeat:repeat;overflow:hidden;padding:0;cursor:pointer;box-sizing:content-box\"><svg style=\"display:block;border-radius:999px;\" focusable=\"false\" aria-hidden=\"true\" xmlns=\"http:\/\/www.w3.org\/2000\/svg\" width=\"100%\" height=\"100%\" viewBox=\"-5 -5 42 42\"><path d=\"M17.78 27.5V17.008h3.522l.527-4.09h-4.05v-2.61c0-1.182.33-1.99 2.023-1.99h2.166V4.66c-.375-.05-1.66-.16-3.155-.16-3.123 0-5.26 1.905-5.26 5.405v3.016h-3.53v4.09h3.53V27.5h4.223z\" fill=\"#fff\"><\/path><\/svg><\/span><\/a><a style=\"padding:7.35px 0 !important\" class=\"heateor_sss_facebook_share\"><div class=\"fb-share-button\" data-href=\"http:\/\/parafiaostrowsko.info\/wordpress\/index.php\/2025\/08\/31\/ogloszenia-duszpasterskie-31-08-2025\/\" data-layout=\"button\"><\/div><\/a><\/div><div class=\"heateorSssClear\"><\/div><\/div><div class='heateorSssClear'><\/div>","protected":false},"author":1,"featured_media":7560,"comment_status":"closed","ping_status":"closed","sticky":false,"template":"","format":"standard","meta":[],"categories":[18],"tags":[],"_links":{"self":[{"href":"http:\/\/parafiaostrowsko.info\/wordpress\/index.php\/wp-json\/wp\/v2\/posts\/8851"}],"collection":[{"href":"http:\/\/parafiaostrowsko.info\/wordpress\/index.php\/wp-json\/wp\/v2\/posts"}],"about":[{"href":"http:\/\/parafiaostrowsko.info\/wordpress\/index.php\/wp-json\/wp\/v2\/types\/post"}],"author":[{"embeddable":true,"href":"http:\/\/parafiaostrowsko.info\/wordpress\/index.php\/wp-json\/wp\/v2\/users\/1"}],"replies":[{"embeddable":true,"href":"http:\/\/parafiaostrowsko.info\/wordpress\/index.php\/wp-json\/wp\/v2\/comments?post=8851"}],"version-history":[{"count":1,"href":"http:\/\/parafiaostrowsko.info\/wordpress\/index.php\/wp-json\/wp\/v2\/posts\/8851\/revisions"}],"predecessor-version":[{"id":8852,"href":"http:\/\/parafiaostrowsko.info\/wordpress\/index.php\/wp-json\/wp\/v2\/posts\/8851\/revisions\/8852"}],"wp:featuredmedia":[{"embeddable":true,"href":"http:\/\/parafiaostrowsko.info\/wordpress\/index.php\/wp-json\/wp\/v2\/media\/7560"}],"wp:attachment":[{"href":"http:\/\/parafiaostrowsko.info\/wordpress\/index.php\/wp-json\/wp\/v2\/media?parent=8851"}],"wp:term":[{"taxonomy":"category","embeddable":true,"href":"http:\/\/parafiaostrowsko.info\/wordpress\/index.php\/wp-json\/wp\/v2\/categories?post=8851"},{"taxonomy":"post_tag","embeddable":true,"href":"http:\/\/parafiaostrowsko.info\/wordpress\/index.php\/wp-json\/wp\/v2\/tags?post=8851"}],"curies":[{"name":"wp","href":"https:\/\/api.w.org\/{rel}","templated":true}]}}