{"id":9107,"date":"2025-11-29T22:39:04","date_gmt":"2025-11-29T21:39:04","guid":{"rendered":"http:\/\/parafiaostrowsko.info\/wordpress\/?p=9107"},"modified":"2025-11-29T22:39:05","modified_gmt":"2025-11-29T21:39:05","slug":"intencje-mszalne-01-12-07-12-2025","status":"publish","type":"post","link":"http:\/\/parafiaostrowsko.info\/wordpress\/index.php\/2025\/11\/29\/intencje-mszalne-01-12-07-12-2025\/","title":{"rendered":"Intencje mszalne 01.12.-07.12.2025"},"content":{"rendered":"\n<p><strong>poniedzia\u0142ek \u2013 01 grudnia 2025<\/strong><br>17.00\u00a0\u00a0 ks. Stanis\u0142aw: \u015bp. Julia i Jan ZAGATA \u00a0\u00a0\u00a0\u00a0\u00a0\u015bp. W\u0142adys\u0142aw, J\u00f3zef,<br>\u00a0\u00a0\u00a0\u00a0\u00a0\u00a0\u00a0\u00a0\u00a0\u00a0\u00a0\u00a0\u00a0\u00a0\u00a0\u00a0\u00a0\u00a0\u00a0\u00a0\u00a0\u00a0\u00a0\u00a0\u00a0\u00a0\u00a0\u00a0\u00a0\u00a0\u00a0\u00a0\u00a0\u00a0\u00a0\u00a0\u00a0\u00a0\u00a0\u00a0 \u00a0Tadeusz i Maria ZAGATA \u2013 od Marii Tolik z Kanady<br>17.00\u00a0 \u015bp. Roman P\u0118DZIM\u0104\u017b \u2013 od syna B\u0142a\u017ceja<\/p>\n\n\n\n<p><strong>wtorek \u2013 \u00a02 grudnia 2025\u00a0<\/strong><br>7.00\u00a0\u00a0 ks. Stanis\u0142aw: \u015bp. \u00a0W\u0142adys\u0142awa ORLI\u0143SKA<br>7.00\u00a0 \u015bp. Bronis\u0142aw CI\u0118\u017bOBKA\u00a0\u00a0 \u00a0\u015bp. Jadwiga \u017cona \u2013 od syna Micha\u0142a<\/p>\n\n\n\n<p><strong>\u015broda \u2013 3 grudnia 2025\u00a0<\/strong><br>17.00\u00a0\u00a0 ks. Stanis\u0142aw: \u015bp. Maria LUDZIA \u00a05 rocz. \u015bm.<br>17.00\u00a0 \u015bp. Roman P\u0118DZIM\u0104\u017b \u2013 od syna Eryka<\/p>\n\n\n\n<p><strong>czwartek \u2013 \u00a04 grudnia 2025<\/strong><br>7.00\u00a0\u00a0 \u00a0\u00a0\u00a0ks. Stanis\u0142aw: \u015bp. Jan TR\u0104BKA \u015bp. Rozalia \u017cona rocz. \u015bm.<br>7.00\u00a0\u00a0\u00a0\u00a0 \u015bp. Barbara PANKIEWICZ (w dniu imienin)<\/p>\n\n\n\n<p><strong>pi\u0105tek \u2013 \u00a0\u00a05 grudnia 2025<\/strong><br>\u00a07.00 \u00a0ks. Stanis\u0142aw: \u015bp. Genowefa \u0141UKASIK rocz. \u015bm. \u2013 od Teresy z rodzin\u0105<br>17.00 \u00a0\u00a0\u00a0\u00a0\u015bp. Helena CHUDOBA 4 rocz. \u015bm. \u00a0\u00a0\u015bp. Wojciech m\u0105\u017c<\/p>\n\n\n\n<p><strong>sobota \u2013 \u00a06 grudnia 2025<\/strong><br>17.00\u00a0 \u00a0ks. Stanis\u0142aw: \u00a0\u015bp. Barbara \u017bEGLE\u0143 (z okazji imienin)<br>17.00\u00a0 \u015bp. Feliks CHROBAK 22 rocz. \u015bm. \u015bp. Anonina \u017cona<\/p>\n\n\n\n<p><strong>II NIEDZIELA ADWENTU \u2013 7 grudnia 2025<\/strong><\/p>\n\n\n\n<p>\u00a0<strong>8.00<\/strong>\u00a0 \u00a0ks. Stanis\u0142aw: \u00a0\u015bp. Gustawa K\u0141OS \u00a014 rocz. \u015bm. \u00a0\u00a0\u015bp. Eugeniusz m\u0105\u017c<br>\u00a0<strong>8.00\u00a0<\/strong> \u00a0\u00a0\u00a0\u00a0\u00a0\u015bp. Maria i Ludwik WAWRZON<br><strong>11.00\u00a0<\/strong>\u00a0 \u00a0\u00a0\u00a0\u00a0W intencji naszej wsp\u00f3lnoty parafialnej<\/p>\n","protected":false},"excerpt":{"rendered":"<p>poniedzia\u0142ek \u2013 01 grudnia 202517.00\u00a0\u00a0 ks. Stanis\u0142aw: \u015bp. Julia i Jan ZAGATA \u00a0\u00a0\u00a0\u00a0\u00a0\u015bp. W\u0142adys\u0142aw, J\u00f3zef,\u00a0\u00a0\u00a0\u00a0\u00a0\u00a0\u00a0\u00a0\u00a0\u00a0\u00a0\u00a0\u00a0\u00a0\u00a0\u00a0\u00a0\u00a0\u00a0\u00a0\u00a0\u00a0\u00a0\u00a0\u00a0\u00a0\u00a0\u00a0\u00a0\u00a0\u00a0\u00a0\u00a0\u00a0\u00a0\u00a0\u00a0\u00a0\u00a0\u00a0 \u00a0Tadeusz i Maria ZAGATA \u2013 od Marii Tolik z Kanady17.00\u00a0 \u015bp. Roman P\u0118DZIM\u0104\u017b \u2013 od syna B\u0142a\u017ceja wtorek \u2013&#46;&#46;&#46;<\/p>\n<div class='heateorSssClear'><\/div><div  class='heateor_sss_sharing_container heateor_sss_horizontal_sharing' data-heateor-sss-href='http:\/\/parafiaostrowsko.info\/wordpress\/index.php\/2025\/11\/29\/intencje-mszalne-01-12-07-12-2025\/'><div class='heateor_sss_sharing_title' style=\"font-weight:bold\" >Udost\u0119pnij<\/div><div class=\"heateor_sss_sharing_ul\"><a class=\"heateor_sss_facebook\" href=\"https:\/\/www.facebook.com\/sharer\/sharer.php?u=http%3A%2F%2Fparafiaostrowsko.info%2Fwordpress%2Findex.php%2F2025%2F11%2F29%2Fintencje-mszalne-01-12-07-12-2025%2F\" title=\"Facebook\" rel=\"nofollow noopener\" target=\"_blank\" style=\"font-size:32px!important;box-shadow:none;display:inline-block;vertical-align:middle\"><span class=\"heateor_sss_svg\" style=\"background-color:#3c589a;width:35px;height:35px;border-radius:999px;display:inline-block;opacity:1;float:left;font-size:32px;box-shadow:none;display:inline-block;font-size:16px;padding:0 4px;vertical-align:middle;background-repeat:repeat;overflow:hidden;padding:0;cursor:pointer;box-sizing:content-box\"><svg style=\"display:block;border-radius:999px;\" focusable=\"false\" aria-hidden=\"true\" xmlns=\"http:\/\/www.w3.org\/2000\/svg\" width=\"100%\" height=\"100%\" viewBox=\"-5 -5 42 42\"><path d=\"M17.78 27.5V17.008h3.522l.527-4.09h-4.05v-2.61c0-1.182.33-1.99 2.023-1.99h2.166V4.66c-.375-.05-1.66-.16-3.155-.16-3.123 0-5.26 1.905-5.26 5.405v3.016h-3.53v4.09h3.53V27.5h4.223z\" fill=\"#fff\"><\/path><\/svg><\/span><\/a><a style=\"padding:7.35px 0 !important\" class=\"heateor_sss_facebook_share\"><div class=\"fb-share-button\" data-href=\"http:\/\/parafiaostrowsko.info\/wordpress\/index.php\/2025\/11\/29\/intencje-mszalne-01-12-07-12-2025\/\" data-layout=\"button\"><\/div><\/a><\/div><div class=\"heateorSssClear\"><\/div><\/div><div class='heateorSssClear'><\/div>","protected":false},"author":1,"featured_media":7557,"comment_status":"open","ping_status":"open","sticky":false,"template":"","format":"standard","meta":[],"categories":[17],"tags":[],"_links":{"self":[{"href":"http:\/\/parafiaostrowsko.info\/wordpress\/index.php\/wp-json\/wp\/v2\/posts\/9107"}],"collection":[{"href":"http:\/\/parafiaostrowsko.info\/wordpress\/index.php\/wp-json\/wp\/v2\/posts"}],"about":[{"href":"http:\/\/parafiaostrowsko.info\/wordpress\/index.php\/wp-json\/wp\/v2\/types\/post"}],"author":[{"embeddable":true,"href":"http:\/\/parafiaostrowsko.info\/wordpress\/index.php\/wp-json\/wp\/v2\/users\/1"}],"replies":[{"embeddable":true,"href":"http:\/\/parafiaostrowsko.info\/wordpress\/index.php\/wp-json\/wp\/v2\/comments?post=9107"}],"version-history":[{"count":1,"href":"http:\/\/parafiaostrowsko.info\/wordpress\/index.php\/wp-json\/wp\/v2\/posts\/9107\/revisions"}],"predecessor-version":[{"id":9108,"href":"http:\/\/parafiaostrowsko.info\/wordpress\/index.php\/wp-json\/wp\/v2\/posts\/9107\/revisions\/9108"}],"wp:featuredmedia":[{"embeddable":true,"href":"http:\/\/parafiaostrowsko.info\/wordpress\/index.php\/wp-json\/wp\/v2\/media\/7557"}],"wp:attachment":[{"href":"http:\/\/parafiaostrowsko.info\/wordpress\/index.php\/wp-json\/wp\/v2\/media?parent=9107"}],"wp:term":[{"taxonomy":"category","embeddable":true,"href":"http:\/\/parafiaostrowsko.info\/wordpress\/index.php\/wp-json\/wp\/v2\/categories?post=9107"},{"taxonomy":"post_tag","embeddable":true,"href":"http:\/\/parafiaostrowsko.info\/wordpress\/index.php\/wp-json\/wp\/v2\/tags?post=9107"}],"curies":[{"name":"wp","href":"https:\/\/api.w.org\/{rel}","templated":true}]}}