{"id":9191,"date":"2026-01-24T19:05:16","date_gmt":"2026-01-24T18:05:16","guid":{"rendered":"http:\/\/parafiaostrowsko.info\/wordpress\/?p=9191"},"modified":"2026-01-27T22:25:29","modified_gmt":"2026-01-27T21:25:29","slug":"intencje-mszalne-26-01-01-02-2026","status":"publish","type":"post","link":"http:\/\/parafiaostrowsko.info\/wordpress\/index.php\/2026\/01\/24\/intencje-mszalne-26-01-01-02-2026\/","title":{"rendered":"Intencje mszalne 26.01.-01.02.2026"},"content":{"rendered":"\n<p><strong>poniedzia\u0142ek \u2013 26 STYCZNIA 2026<\/strong><br>17.00&nbsp;&nbsp; ks. Stanis\u0142aw: \u015bp. Stanis\u0142aw CI\u0118\u017bOBKA<br>17.00&nbsp; \u015bp. Wojciech Wr\u00f3bel &nbsp;&nbsp;&nbsp;&nbsp;&nbsp;\u015bp. Helena \u017cona<\/p>\n\n\n\n<p><strong>wtorek \u2013 &nbsp;27 stycznia 2026&nbsp;<\/strong><br>7.00&nbsp;&nbsp; ks. Stanis\u0142aw: &nbsp;\u015bp. Maria LUBERDA<br>7.00&nbsp;&nbsp;&nbsp;&nbsp; \u015bp. Franciszek SZUMAL &nbsp;&nbsp;rocz. \u015bm.<\/p>\n\n\n\n<p><strong>\u015broda \u2013 28 STYCZNIA 2026<\/strong><br>17.00&nbsp;&nbsp; ks. Stanis\u0142aw: \u015bp. Antonina TWAR\u00d3G<br>&nbsp;&nbsp;&nbsp;&nbsp;&nbsp;&nbsp;&nbsp;&nbsp;&nbsp;&nbsp;&nbsp;&nbsp;&nbsp;&nbsp;&nbsp;&nbsp;&nbsp;&nbsp;&nbsp;&nbsp;&nbsp;&nbsp;&nbsp;&nbsp;&nbsp;&nbsp;&nbsp;&nbsp;&nbsp;&nbsp;&nbsp;&nbsp;&nbsp;&nbsp;&nbsp;&nbsp;&nbsp;&nbsp;&nbsp;&nbsp;&nbsp;&nbsp; &nbsp;\u2013od 4 R\u00f3\u017cy \u017bywego R\u00f3\u017ca\u0144ca zelatorki Antoniny Kozie\u0142<br>17.00&nbsp; \u015bp. Rafa\u0142 i Dariusz TRUTY<\/p>\n\n\n\n<p><strong>czwartek \u2013 &nbsp;&nbsp;29 stycznia 2026 <\/strong>&nbsp;<br>7.00&nbsp;&nbsp; ks. Stanis\u0142aw: \u015bp. Czes\u0142aw PRZYBOCKI<br>7.00&nbsp;&nbsp; \u015bp. W\u0142adys\u0142aw i Kazimiera CYRWUS \u2013 od c\u00f3rki z m\u0119\u017cem<\/p>\n\n\n\n<p><strong>pi\u0105tek \u2013 &nbsp;&nbsp;30 STYCZNIA 2026<\/strong><br>17.00&nbsp;&nbsp; ks. Stanis\u0142aw:&nbsp; \u015bp. Roman P\u0118DZIM\u0104\u017b<br>17.00&nbsp;&nbsp; \u015bp. Czes\u0142aw PRZYBOCKI \u2013 od c\u00f3rki Marty z m\u0119\u017cem Jackiem<\/p>\n\n\n\n<p><strong>sobota \u2013 &nbsp;31 STYCZNIA 2026<\/strong><br>17.00&nbsp;&nbsp; ks. Stanis\u0142aw: &nbsp;\u015bp. Boles\u0142aw NIEZGODA &nbsp;&nbsp;\u015bp. Maria&nbsp; \u017cona<br>&nbsp;&nbsp;&nbsp;&nbsp;&nbsp;&nbsp;&nbsp;&nbsp;&nbsp;&nbsp;&nbsp;&nbsp;&nbsp;&nbsp;&nbsp;&nbsp;&nbsp;&nbsp;&nbsp;&nbsp;&nbsp;&nbsp;&nbsp;&nbsp;&nbsp;&nbsp;&nbsp;&nbsp;&nbsp;&nbsp;&nbsp;&nbsp;&nbsp;&nbsp;&nbsp;&nbsp;&nbsp;&nbsp;&nbsp; \u015bp. Barbara c\u00f3rka<br>17.00&nbsp;&nbsp; &nbsp;O B\u0142ogos\u0142awie\u0144stwo Bo\u017ce dla cz\u0142onk\u00f3w Zwi\u0105zku Podhalan w Ostrowsku<br>&nbsp;&nbsp;&nbsp;&nbsp;&nbsp;&nbsp;&nbsp;&nbsp;&nbsp;&nbsp;&nbsp;&nbsp;&nbsp;&nbsp;&nbsp;&nbsp; a dla zmar\u0142ych z Oddzia\u0142u o \u017cycie wieczne<\/p>\n\n\n\n<p class=\"has-text-align-center\"><strong>NIEDZIELA \u2013 1 lutego &nbsp;2026<\/strong><\/p>\n\n\n\n<p><strong>&nbsp;8.00&nbsp;<\/strong>&nbsp; ks. Stanis\u0142aw: &nbsp;\u015bp. Aniela KAMO\u0143&nbsp;&nbsp;&nbsp; &nbsp;\u015bp. J\u00f3zef m\u0105\u017c rocz. \u015bm.<br>&nbsp;<strong>8.00&nbsp;<\/strong> &nbsp;&nbsp;&nbsp;&nbsp;&nbsp;\u015bp. Marian GIL \u2013 od c\u00f3rek<br><strong>11.00<\/strong>&nbsp;&nbsp; &nbsp;&nbsp;&nbsp;&nbsp;W intencji naszej wsp\u00f3lnoty parafialnej<\/p>\n","protected":false},"excerpt":{"rendered":"<p>poniedzia\u0142ek \u2013 26 STYCZNIA 202617.00&nbsp;&nbsp; ks. Stanis\u0142aw: \u015bp. Stanis\u0142aw CI\u0118\u017bOBKA17.00&nbsp; \u015bp. Wojciech Wr\u00f3bel &nbsp;&nbsp;&nbsp;&nbsp;&nbsp;\u015bp. Helena \u017cona wtorek \u2013 &nbsp;27 stycznia 2026&nbsp;7.00&nbsp;&nbsp; ks. Stanis\u0142aw: &nbsp;\u015bp. Maria LUBERDA7.00&nbsp;&nbsp;&nbsp;&nbsp; \u015bp. Franciszek SZUMAL &nbsp;&nbsp;rocz. \u015bm. \u015broda \u2013 28&#46;&#46;&#46;<\/p>\n<div class='heateorSssClear'><\/div><div  class='heateor_sss_sharing_container heateor_sss_horizontal_sharing' data-heateor-sss-href='http:\/\/parafiaostrowsko.info\/wordpress\/index.php\/2026\/01\/24\/intencje-mszalne-26-01-01-02-2026\/'><div class='heateor_sss_sharing_title' style=\"font-weight:bold\" >Udost\u0119pnij<\/div><div class=\"heateor_sss_sharing_ul\"><a class=\"heateor_sss_facebook\" href=\"https:\/\/www.facebook.com\/sharer\/sharer.php?u=http%3A%2F%2Fparafiaostrowsko.info%2Fwordpress%2Findex.php%2F2026%2F01%2F24%2Fintencje-mszalne-26-01-01-02-2026%2F\" title=\"Facebook\" rel=\"nofollow noopener\" target=\"_blank\" style=\"font-size:32px!important;box-shadow:none;display:inline-block;vertical-align:middle\"><span class=\"heateor_sss_svg\" style=\"background-color:#3c589a;width:35px;height:35px;border-radius:999px;display:inline-block;opacity:1;float:left;font-size:32px;box-shadow:none;display:inline-block;font-size:16px;padding:0 4px;vertical-align:middle;background-repeat:repeat;overflow:hidden;padding:0;cursor:pointer;box-sizing:content-box\"><svg style=\"display:block;border-radius:999px;\" focusable=\"false\" aria-hidden=\"true\" xmlns=\"http:\/\/www.w3.org\/2000\/svg\" width=\"100%\" height=\"100%\" viewBox=\"-5 -5 42 42\"><path d=\"M17.78 27.5V17.008h3.522l.527-4.09h-4.05v-2.61c0-1.182.33-1.99 2.023-1.99h2.166V4.66c-.375-.05-1.66-.16-3.155-.16-3.123 0-5.26 1.905-5.26 5.405v3.016h-3.53v4.09h3.53V27.5h4.223z\" fill=\"#fff\"><\/path><\/svg><\/span><\/a><a style=\"padding:7.35px 0 !important\" class=\"heateor_sss_facebook_share\"><div class=\"fb-share-button\" data-href=\"http:\/\/parafiaostrowsko.info\/wordpress\/index.php\/2026\/01\/24\/intencje-mszalne-26-01-01-02-2026\/\" data-layout=\"button\"><\/div><\/a><\/div><div class=\"heateorSssClear\"><\/div><\/div><div class='heateorSssClear'><\/div>","protected":false},"author":1,"featured_media":7557,"comment_status":"closed","ping_status":"closed","sticky":false,"template":"","format":"standard","meta":[],"categories":[17],"tags":[],"_links":{"self":[{"href":"http:\/\/parafiaostrowsko.info\/wordpress\/index.php\/wp-json\/wp\/v2\/posts\/9191"}],"collection":[{"href":"http:\/\/parafiaostrowsko.info\/wordpress\/index.php\/wp-json\/wp\/v2\/posts"}],"about":[{"href":"http:\/\/parafiaostrowsko.info\/wordpress\/index.php\/wp-json\/wp\/v2\/types\/post"}],"author":[{"embeddable":true,"href":"http:\/\/parafiaostrowsko.info\/wordpress\/index.php\/wp-json\/wp\/v2\/users\/1"}],"replies":[{"embeddable":true,"href":"http:\/\/parafiaostrowsko.info\/wordpress\/index.php\/wp-json\/wp\/v2\/comments?post=9191"}],"version-history":[{"count":2,"href":"http:\/\/parafiaostrowsko.info\/wordpress\/index.php\/wp-json\/wp\/v2\/posts\/9191\/revisions"}],"predecessor-version":[{"id":9296,"href":"http:\/\/parafiaostrowsko.info\/wordpress\/index.php\/wp-json\/wp\/v2\/posts\/9191\/revisions\/9296"}],"wp:featuredmedia":[{"embeddable":true,"href":"http:\/\/parafiaostrowsko.info\/wordpress\/index.php\/wp-json\/wp\/v2\/media\/7557"}],"wp:attachment":[{"href":"http:\/\/parafiaostrowsko.info\/wordpress\/index.php\/wp-json\/wp\/v2\/media?parent=9191"}],"wp:term":[{"taxonomy":"category","embeddable":true,"href":"http:\/\/parafiaostrowsko.info\/wordpress\/index.php\/wp-json\/wp\/v2\/categories?post=9191"},{"taxonomy":"post_tag","embeddable":true,"href":"http:\/\/parafiaostrowsko.info\/wordpress\/index.php\/wp-json\/wp\/v2\/tags?post=9191"}],"curies":[{"name":"wp","href":"https:\/\/api.w.org\/{rel}","templated":true}]}}