{"id":9635,"date":"2026-03-10T08:41:40","date_gmt":"2026-03-10T07:41:40","guid":{"rendered":"http:\/\/parafiaostrowsko.info\/wordpress\/?p=9635"},"modified":"2026-03-10T08:41:41","modified_gmt":"2026-03-10T07:41:41","slug":"intencje-mszy-swietych","status":"publish","type":"post","link":"http:\/\/parafiaostrowsko.info\/wordpress\/index.php\/2026\/03\/10\/intencje-mszy-swietych\/","title":{"rendered":"Intencje Mszy \u015bwi\u0119tych"},"content":{"rendered":"\n<p><strong>poniedzia\u0142ek \u2013 9 marca 2026<\/strong><br>17.00\u00a0\u00a0 ks. Stanis\u0142aw: \u00a0\u015bp. Stanis\u0142aw MAKOWSKI (w dniu urodzin)<br>17.00\u00a0 \u015bp. Anna i Karol MACHAJDA rocz. \u015bm.<\/p>\n\n\n\n<p><strong>wtorek \u2013 \u00a010 marca 2026\u00a0<\/strong><br>7.00\u00a0\u00a0 ks. Stanis\u0142aw: \u00a0\u015bp. \u00a0Andrzej WOLI\u0143SKI 18 rocz. \u015bm. i zmarli rodzice<br>7.00\u00a0\u00a0\u00a0\u00a0 \u015bp. Andrzej i Anna PRZYBOCCY<\/p>\n\n\n\n<p><strong>\u015aroda \u2013 11 marca 2026<\/strong><br>\u00a0 7.00\u00a0 \u015bp. Maria PACH \u2013 od c\u00f3rki Anny z\u00a0 rodzin\u0105<br>17.00\u00a0 ks. Stanis\u0142aw: \u00a0z pro\u015bb\u0105 o powr\u00f3t do zdrowia i o pomy\u015blny<br>\u00a0\u00a0\u00a0\u00a0\u00a0\u00a0\u00a0\u00a0\u00a0\u00a0\u00a0\u00a0\u00a0\u00a0\u00a0\u00a0\u00a0\u00a0\u00a0\u00a0\u00a0\u00a0\u00a0\u00a0\u00a0\u00a0\u00a0\u00a0\u00a0\u00a0\u00a0\u00a0\u00a0\u00a0\u00a0\u00a0\u00a0\u00a0\u00a0\u00a0 przebieg leczenia dla c\u00f3rki Barbary<\/p>\n\n\n\n<p><strong>czwartek \u2013 \u00a012 marca 2026 \u00a0<\/strong><br>7.00\u00a0\u00a0 ks. Stanis\u0142aw: \u015bp. Andrzej \u017bEGLE\u0143 35 rocz. \u015bm.<br>7.00\u00a0\u00a0 \u015bp. Stanis\u0142aw CI\u0118\u017bOBKA \u2013 od brata Andrzeja z rodzin\u0105<\/p>\n\n\n\n<p><strong>pi\u0105tek \u2013 \u00a013 marca 2026<\/strong><br>17.00\u00a0\u00a0 ks. Stanis\u0142aw:\u00a0 \u015bp. Stefania DOMALIK 16 rocz. \u015bm.<br>17.00\u00a0\u00a0 \u015bp. Maria LUBERDA \u2013 od syna Leszka\u00a0 z rodzin\u0105<\/p>\n\n\n\n<p><strong>sobota \u2013 14 marca 2026<\/strong><br>17.00\u00a0\u00a0 ks. Stanis\u0142aw: \u015bp. Konstanty SZUMAL oraz jego rodzice i rodze\u0144stwo<br>17.00\u00a0\u00a0 \u00a0\u015bp. Bronis\u0142aw DOMALIK \u00a0rocz. \u015bm.<\/p>\n\n\n\n<p class=\"has-text-align-center\"><strong>IV NIEDZIELA WIELKIEGO POSTU \u2013 15 marca \u00a02026<\/strong><\/p>\n\n\n\n<p><strong>\u00a08.00\u00a0\u00a0<\/strong> ks. Stanis\u0142aw: \u00a0\u015bp. Maria \u0141YSZCZARZ 7 rocz. \u015bm.<br>\u00a0\u00a0\u00a0\u00a0\u00a0\u00a0\u00a0\u00a0\u00a0\u00a0\u00a0\u00a0\u00a0\u00a0\u00a0\u00a0\u00a0\u00a0\u00a0\u00a0\u00a0\u00a0\u00a0\u00a0\u00a0\u00a0\u00a0\u00a0\u00a0\u00a0\u00a0\u00a0\u00a0\u00a0\u00a0\u00a0\u00a0\u00a0\u00a0\u00a0\u00a0\u00a0\u00a0\u00a0\u00a0\u00a0\u00a0\u00a0\u00a0\u00a0\u00a0\u00a0\u00a0\u00a0\u00a0\u00a0\u00a0\u00a0\u00a0\u00a0\u00a0\u00a0\u00a0\u00a0\u00a0\u00a0\u00a0\u00a0\u00a0\u00a0\u00a0\u00a0\u00a0\u00a0\u00a0\u00a0\u00a0\u00a0\u00a0\u00a0\u00a0\u00a0 \u00a0\u2013 od c\u00f3rki Krystyny z rodzin\u0105<br><strong>\u00a08.00 \u00a0<\/strong>\u00a0\u00a0\u00a0\u00a0\u00a0\u00a0Dzi\u0119kczynna z pro\u015bb\u0105 o B\u0142ogos\u0142awie\u0144stwo Bo\u017ce<br>\u00a0\u00a0\u00a0\u00a0\u00a0\u00a0\u00a0\u00a0\u00a0\u00a0\u00a0\u00a0 \u00a0\u00a0\u00a0\u00a0\u00a0\u00a0dla Stanis\u0142awy i Antoniego P\u0119dzim\u0105\u017c w 55 rocz. ma\u0142\u017ce\u0144stwa<br><strong>11.00\u00a0\u00a0<\/strong> \u00a0\u00a0\u00a0\u00a0W intencji ofiarodawc\u00f3w w naszej wsp\u00f3lnocie parafialnej<br><strong>15.15\u00a0<\/strong> \u00a0\u00a0\u00a0\u00a0\u00a0\u00a0Dzi\u0119kczynna za otrzymanie szczeg\u00f3lnej \u0142aski<\/p>\n","protected":false},"excerpt":{"rendered":"<p>poniedzia\u0142ek \u2013 9 marca 202617.00\u00a0\u00a0 ks. Stanis\u0142aw: \u00a0\u015bp. Stanis\u0142aw MAKOWSKI (w dniu urodzin)17.00\u00a0 \u015bp. Anna i Karol MACHAJDA rocz. \u015bm. wtorek \u2013 \u00a010 marca 2026\u00a07.00\u00a0\u00a0 ks. Stanis\u0142aw: \u00a0\u015bp. \u00a0Andrzej WOLI\u0143SKI 18 rocz. \u015bm. i&#46;&#46;&#46;<\/p>\n<div class='heateorSssClear'><\/div><div  class='heateor_sss_sharing_container heateor_sss_horizontal_sharing' data-heateor-sss-href='http:\/\/parafiaostrowsko.info\/wordpress\/index.php\/2026\/03\/10\/intencje-mszy-swietych\/'><div class='heateor_sss_sharing_title' style=\"font-weight:bold\" >Udost\u0119pnij<\/div><div class=\"heateor_sss_sharing_ul\"><a class=\"heateor_sss_facebook\" href=\"https:\/\/www.facebook.com\/sharer\/sharer.php?u=http%3A%2F%2Fparafiaostrowsko.info%2Fwordpress%2Findex.php%2F2026%2F03%2F10%2Fintencje-mszy-swietych%2F\" title=\"Facebook\" rel=\"nofollow noopener\" target=\"_blank\" style=\"font-size:32px!important;box-shadow:none;display:inline-block;vertical-align:middle\"><span class=\"heateor_sss_svg\" style=\"background-color:#3c589a;width:35px;height:35px;border-radius:999px;display:inline-block;opacity:1;float:left;font-size:32px;box-shadow:none;display:inline-block;font-size:16px;padding:0 4px;vertical-align:middle;background-repeat:repeat;overflow:hidden;padding:0;cursor:pointer;box-sizing:content-box\"><svg style=\"display:block;border-radius:999px;\" focusable=\"false\" aria-hidden=\"true\" xmlns=\"http:\/\/www.w3.org\/2000\/svg\" width=\"100%\" height=\"100%\" viewBox=\"-5 -5 42 42\"><path d=\"M17.78 27.5V17.008h3.522l.527-4.09h-4.05v-2.61c0-1.182.33-1.99 2.023-1.99h2.166V4.66c-.375-.05-1.66-.16-3.155-.16-3.123 0-5.26 1.905-5.26 5.405v3.016h-3.53v4.09h3.53V27.5h4.223z\" fill=\"#fff\"><\/path><\/svg><\/span><\/a><a style=\"padding:7.35px 0 !important\" class=\"heateor_sss_facebook_share\"><div class=\"fb-share-button\" data-href=\"http:\/\/parafiaostrowsko.info\/wordpress\/index.php\/2026\/03\/10\/intencje-mszy-swietych\/\" data-layout=\"button\"><\/div><\/a><\/div><div class=\"heateorSssClear\"><\/div><\/div><div class='heateorSssClear'><\/div>","protected":false},"author":1,"featured_media":7557,"comment_status":"closed","ping_status":"closed","sticky":false,"template":"","format":"standard","meta":[],"categories":[17],"tags":[],"_links":{"self":[{"href":"http:\/\/parafiaostrowsko.info\/wordpress\/index.php\/wp-json\/wp\/v2\/posts\/9635"}],"collection":[{"href":"http:\/\/parafiaostrowsko.info\/wordpress\/index.php\/wp-json\/wp\/v2\/posts"}],"about":[{"href":"http:\/\/parafiaostrowsko.info\/wordpress\/index.php\/wp-json\/wp\/v2\/types\/post"}],"author":[{"embeddable":true,"href":"http:\/\/parafiaostrowsko.info\/wordpress\/index.php\/wp-json\/wp\/v2\/users\/1"}],"replies":[{"embeddable":true,"href":"http:\/\/parafiaostrowsko.info\/wordpress\/index.php\/wp-json\/wp\/v2\/comments?post=9635"}],"version-history":[{"count":1,"href":"http:\/\/parafiaostrowsko.info\/wordpress\/index.php\/wp-json\/wp\/v2\/posts\/9635\/revisions"}],"predecessor-version":[{"id":9636,"href":"http:\/\/parafiaostrowsko.info\/wordpress\/index.php\/wp-json\/wp\/v2\/posts\/9635\/revisions\/9636"}],"wp:featuredmedia":[{"embeddable":true,"href":"http:\/\/parafiaostrowsko.info\/wordpress\/index.php\/wp-json\/wp\/v2\/media\/7557"}],"wp:attachment":[{"href":"http:\/\/parafiaostrowsko.info\/wordpress\/index.php\/wp-json\/wp\/v2\/media?parent=9635"}],"wp:term":[{"taxonomy":"category","embeddable":true,"href":"http:\/\/parafiaostrowsko.info\/wordpress\/index.php\/wp-json\/wp\/v2\/categories?post=9635"},{"taxonomy":"post_tag","embeddable":true,"href":"http:\/\/parafiaostrowsko.info\/wordpress\/index.php\/wp-json\/wp\/v2\/tags?post=9635"}],"curies":[{"name":"wp","href":"https:\/\/api.w.org\/{rel}","templated":true}]}}