{"id":9718,"date":"2026-03-15T16:38:05","date_gmt":"2026-03-15T15:38:05","guid":{"rendered":"http:\/\/parafiaostrowsko.info\/wordpress\/?p=9718"},"modified":"2026-03-15T16:38:06","modified_gmt":"2026-03-15T15:38:06","slug":"ogloszenia-duszpasterskie-15-03-2026","status":"publish","type":"post","link":"http:\/\/parafiaostrowsko.info\/wordpress\/index.php\/2026\/03\/15\/ogloszenia-duszpasterskie-15-03-2026\/","title":{"rendered":"Og\u0142oszenia duszpasterskie 15.03.2026"},"content":{"rendered":"\n<p class=\"has-text-align-center\"><strong>4 NIEDZIELA WIELKIEGO POSTU \u2013<br>15 marca 2026 roku<\/strong><\/p>\n\n\n\n<p>1. W przysz\u0142\u0105 niedziel\u0119 ofiary sk\u0142adane do skarbony przeznaczymy <strong>na kwiaty do Bo\u017cego Grobu.<\/strong><\/p>\n\n\n\n<p>2. <strong>W \u015brod\u0119<\/strong> Nowenna do Matki Bo\u017cej Nieustaj\u0105cej Pomocy <strong>o godzinie 16.30.<\/strong><\/p>\n\n\n\n<p>3. <strong>W \u015brod\u0119 spotkanie Rodzic\u00f3w dzieci z klasy III <\/strong>po Mszy \u015bw. ok. 17.40. A tak\u017ce spotkanie <strong>Rady Duszpasterskiej<\/strong> o 19.00.<\/p>\n\n\n\n<p>4.<strong> W czwartek<\/strong> Uroczysto\u015b\u0107 \u015bw. J\u00f3zefa Oblubie\u0144ca NMP \u2013 Msze \u015bw. w tym dniu b\u0119d\u0105: rano o 7.00 oraz 17.00. Msz\u0119 \u015bw. wieczorn\u0105 odprawimy w kaplicy \u015bw. J\u00f3zefa wypraszaj\u0105c u Niego \u0142aski dla naszej parafii. Szczeg\u00f3lnie zapraszamy 2 R\u00f3\u017c\u0119 \u017bywego R\u00f3\u017ca\u0144ca, kt\u00f3rej patronem jest \u015bw. J\u00f3zef.<\/p>\n\n\n\n<p>5. <strong>W Niedziel\u0119 Palmow\u0105<\/strong> jak co roku odb\u0119dzie si\u0119 Konkurs Palm. Zapraszam dzieci, m\u0142odzie\u017c, doros\u0142ych do udzia\u0142u w Konkursie.<\/p>\n\n\n\n<p>6. Zapraszam dzieci, m\u0142odzie\u017c i doros\u0142ych <strong>na Drog\u0119 Krzy\u017cow\u0105<\/strong> <strong>w pi\u0105tek o godzinie 16.30. Prowadzi\u0107 j\u0105 b\u0119dzie Przedszkole \u201eBajkowy \u015awiat\u201d, <\/strong>tytu\u0142 Drogi Krzy\u017cowej:<strong> \u201eTaki du\u017cy, taki ma\u0142y mo\u017ce \u015bwi\u0119tym by\u0107\u201d. <\/strong>O<strong> 20.00<\/strong> Droga Krzy\u017cowa przygotowana przez siostr\u0119 \u0141ucj\u0119 z Dursztyna pod tytu\u0142em <strong>\u201eEmocje pod lup\u0105 Krzy\u017ca\u201d<\/strong> a <strong>w niedziel\u0119 Droga Krzy\u017cowa <\/strong>po Sumie. <strong>Gorzkie \u017bale<\/strong> tradycyjnie o 14.30.<\/p>\n\n\n\n<p>7. <strong>W sobot\u0119 <\/strong>odb\u0119dzie si\u0119 spotkanie S\u0142u\u017cby Liturgicznej O\u0142tarza czyli Lektor\u00f3w i Ministrant\u00f3w po Mszy \u015bw. wieczornej\u2013 rozpoczynamy przygotowania liturgii Wielkiego Tygodnia. Zapraszam <strong>doros\u0142ych, by w\u0142\u0105czyli si\u0119 aktywnie w liturgi\u0119 Triduum Paschalnego.<\/strong><\/p>\n\n\n\n<p>8.<strong> 27 marca (w pi\u0105tek) o godzinie 19.00 <\/strong>odb\u0119dzie si\u0119 Droga Krzy\u017cowa ulicami naszej miejscowo\u015bci. Ju\u017c dzisiaj zapraszamy a szczeg\u00f3\u0142y podamy za tydzie\u0144.<\/p>\n\n\n\n<p>9. Dzi\u0119kuj\u0119 Rodzinom dbaj\u0105cym o czysto\u015b\u0107 \u015bwi\u0105tyni za ofiary na <strong>Fundusz Kwiatowy i Fundusz Czysto\u015bci. <\/strong>W tym tygodniu t\u0119 trosk\u0119 sk\u0142adamy na r\u0119ce mieszka\u0144c\u00f3w <strong>ul. Polnej: Anna Le\u015bnicka, Agnieszka Wida, ul. Tatrza\u0144skiej: Danuta Pajerska, Anita Stramek, Justyna Domalik, Danuta Sral.<\/strong><strong><\/strong><\/p>\n\n\n\n<p>10. W zakrystii s\u0105 do nabycia <strong>baranki wielkanocne.<\/strong><strong><\/strong><\/p>\n\n\n\n<p>11. Informujemy, \u017ce <strong>od 23 marca na dwa tygodnie<\/strong> b\u0119dzie podstawiony przy cmentarzu du\u017cy kontener na odpady. Przypominamy o tym, \u017ce dwa razy do roku taki kontener obs\u0142uguje nasz cmentarz, natomiast przez pozosta\u0142e dni \u015bmieci zabieramy do domu. Wszyscy dbajmy o czysto\u015b\u0107 na cmentarzu i wok\u00f3\u0142 niego.<\/p>\n\n\n\n<p>Gospodarz cmentarza obcina sukcesywnie tuje. Prosimy o wyrozumia\u0142o\u015b\u0107 je\u015bli nie uda si\u0119 dok\u0142adnie posprz\u0105ta\u0107. W\u0142a\u015bcicieli grob\u00f3w, kt\u00f3re znajduj\u0105 si\u0119 obok drzewek je\u015bli maj\u0105 jakie\u015b \u017cyczenia w tej sprawie to prosz\u0119 zg\u0142asza\u0107 do naszego Gospodarza. Bardzo prosz\u0119 na w\u0142asn\u0105 r\u0119k\u0119 nie uszkadza\u0107 drzew.<\/p>\n\n\n\n<p>12.<strong> Prasa katolicka:<\/strong> jest tygodnik <strong>\u201eNiedziela\u201d<\/strong>, dla dzieci <strong>\u201eSta\u015b\u201d <\/strong>na marzec, <strong>dla m\u0142odzie\u017cy \u201eTrwajcie w mi\u0142o\u015bci\u201d.<\/strong><\/p>\n\n\n\n<p>13. Dzi\u0119kuj\u0119 Panu <strong>Piotrowi Waksmundzkiemu<\/strong> za wykonanie szafy na sprz\u0119t i \u015brodki czysto\u015bci i inne dekoracje, kt\u00f3ra znajduje si\u0119 na prawo od wej\u015bcia. Droga na ch\u00f3r nabiera nowego wygl\u0105dy. Trwaj\u0105 r\u00f3wnie\u017c czynno\u015bci, by m\u00f3c rozpocz\u0105\u0107 prace nad budow\u0105 organ\u00f3w. Rze\u017aba drugiego anio\u0142a, kt\u00f3ry b\u0119dzie w prospekcie organowym jest ju\u017c gotowa. Dzi\u0119kuj\u0119 Panu <strong>Krzysztofowi Kabatowi<\/strong> z Nowego Targu za odnowienie tych rze\u017ab. Potrzebujemy \u015brodk\u00f3w finansowych, by m\u00f3c wyp\u0142aca\u0107 wykonane prace. Panu <strong>Piotrowi Zygmundowi<\/strong> dzi\u0119kuj\u0119 za bezinteresownie wykonane prace elektryczne i \u017ce op\u0142aci\u0142 dwumiesi\u0119czne wypo\u017cyczenie osuszacza powietrza.<\/p>\n\n\n\n<p>14. Wczoraj (sobota \u2013 14.03.) w parafii Naj\u015bwi\u0119tszego Serca Pana Jezusa w Nowym Targu 5 naszych ch\u0142opc\u00f3w zosta\u0142o pob\u0142ogos\u0142awionych do pos\u0142ugi Lektora w parafialnej wsp\u00f3lnocie. Gratulujemy im zdobycia kolejnego stopnia w rozwoju w s\u0142u\u017cbie przy o\u0142tarzu. \u017byczy wiele rado\u015bci z tej zaszczytnej pos\u0142ugi.<\/p>\n","protected":false},"excerpt":{"rendered":"<p>4 NIEDZIELA WIELKIEGO POSTU \u201315 marca 2026 roku 1. W przysz\u0142\u0105 niedziel\u0119 ofiary sk\u0142adane do skarbony przeznaczymy na kwiaty do Bo\u017cego Grobu. 2. W \u015brod\u0119 Nowenna do Matki Bo\u017cej Nieustaj\u0105cej Pomocy o godzinie 16.30.&#46;&#46;&#46;<\/p>\n<div class='heateorSssClear'><\/div><div  class='heateor_sss_sharing_container heateor_sss_horizontal_sharing' data-heateor-sss-href='http:\/\/parafiaostrowsko.info\/wordpress\/index.php\/2026\/03\/15\/ogloszenia-duszpasterskie-15-03-2026\/'><div class='heateor_sss_sharing_title' style=\"font-weight:bold\" >Udost\u0119pnij<\/div><div class=\"heateor_sss_sharing_ul\"><a class=\"heateor_sss_facebook\" href=\"https:\/\/www.facebook.com\/sharer\/sharer.php?u=http%3A%2F%2Fparafiaostrowsko.info%2Fwordpress%2Findex.php%2F2026%2F03%2F15%2Fogloszenia-duszpasterskie-15-03-2026%2F\" title=\"Facebook\" rel=\"nofollow noopener\" target=\"_blank\" style=\"font-size:32px!important;box-shadow:none;display:inline-block;vertical-align:middle\"><span class=\"heateor_sss_svg\" style=\"background-color:#3c589a;width:35px;height:35px;border-radius:999px;display:inline-block;opacity:1;float:left;font-size:32px;box-shadow:none;display:inline-block;font-size:16px;padding:0 4px;vertical-align:middle;background-repeat:repeat;overflow:hidden;padding:0;cursor:pointer;box-sizing:content-box\"><svg style=\"display:block;border-radius:999px;\" focusable=\"false\" aria-hidden=\"true\" xmlns=\"http:\/\/www.w3.org\/2000\/svg\" width=\"100%\" height=\"100%\" viewBox=\"-5 -5 42 42\"><path d=\"M17.78 27.5V17.008h3.522l.527-4.09h-4.05v-2.61c0-1.182.33-1.99 2.023-1.99h2.166V4.66c-.375-.05-1.66-.16-3.155-.16-3.123 0-5.26 1.905-5.26 5.405v3.016h-3.53v4.09h3.53V27.5h4.223z\" fill=\"#fff\"><\/path><\/svg><\/span><\/a><a style=\"padding:7.35px 0 !important\" class=\"heateor_sss_facebook_share\"><div class=\"fb-share-button\" data-href=\"http:\/\/parafiaostrowsko.info\/wordpress\/index.php\/2026\/03\/15\/ogloszenia-duszpasterskie-15-03-2026\/\" data-layout=\"button\"><\/div><\/a><\/div><div class=\"heateorSssClear\"><\/div><\/div><div class='heateorSssClear'><\/div>","protected":false},"author":1,"featured_media":7560,"comment_status":"closed","ping_status":"closed","sticky":false,"template":"","format":"standard","meta":[],"categories":[18],"tags":[],"_links":{"self":[{"href":"http:\/\/parafiaostrowsko.info\/wordpress\/index.php\/wp-json\/wp\/v2\/posts\/9718"}],"collection":[{"href":"http:\/\/parafiaostrowsko.info\/wordpress\/index.php\/wp-json\/wp\/v2\/posts"}],"about":[{"href":"http:\/\/parafiaostrowsko.info\/wordpress\/index.php\/wp-json\/wp\/v2\/types\/post"}],"author":[{"embeddable":true,"href":"http:\/\/parafiaostrowsko.info\/wordpress\/index.php\/wp-json\/wp\/v2\/users\/1"}],"replies":[{"embeddable":true,"href":"http:\/\/parafiaostrowsko.info\/wordpress\/index.php\/wp-json\/wp\/v2\/comments?post=9718"}],"version-history":[{"count":1,"href":"http:\/\/parafiaostrowsko.info\/wordpress\/index.php\/wp-json\/wp\/v2\/posts\/9718\/revisions"}],"predecessor-version":[{"id":9719,"href":"http:\/\/parafiaostrowsko.info\/wordpress\/index.php\/wp-json\/wp\/v2\/posts\/9718\/revisions\/9719"}],"wp:featuredmedia":[{"embeddable":true,"href":"http:\/\/parafiaostrowsko.info\/wordpress\/index.php\/wp-json\/wp\/v2\/media\/7560"}],"wp:attachment":[{"href":"http:\/\/parafiaostrowsko.info\/wordpress\/index.php\/wp-json\/wp\/v2\/media?parent=9718"}],"wp:term":[{"taxonomy":"category","embeddable":true,"href":"http:\/\/parafiaostrowsko.info\/wordpress\/index.php\/wp-json\/wp\/v2\/categories?post=9718"},{"taxonomy":"post_tag","embeddable":true,"href":"http:\/\/parafiaostrowsko.info\/wordpress\/index.php\/wp-json\/wp\/v2\/tags?post=9718"}],"curies":[{"name":"wp","href":"https:\/\/api.w.org\/{rel}","templated":true}]}}